{"id":2812,"date":"2017-10-02T11:54:50","date_gmt":"2017-10-02T09:54:50","guid":{"rendered":"http:\/\/www.mediapark.de\/?p=2812\/"},"modified":"2017-10-02T12:03:18","modified_gmt":"2017-10-02T10:03:18","slug":"kulturpreisverleihung-an-duane-michals-am-21-oktober-2017-im-komed-saal-des-hauses-7-im-mediapark","status":"publish","type":"post","link":"https:\/\/www.mediapark.de\/en\/news\/kulturpreisverleihung-an-duane-michals-am-21-oktober-2017-im-komed-saal-des-hauses-7-im-mediapark\/","title":{"rendered":"Kulturpreisverleihung an Duane Michals am 21. Oktober 2017 im KOMED-Saal des Hauses 7 im MediaPark"},"content":{"rendered":"<div class=\"wpb-content-wrapper\"><p>[vc_row][vc_column width=&#8221;1\/3&#8243; offset=&#8221;vc_col-lg-3 vc_col-md-4 vc_hidden-sm vc_col-xs-12 vc_hidden-xs&#8221;][\/vc_column][vc_column css=&#8221;.vc_custom_1494321748347{background-color: #ffffff !important;}&#8221; offset=&#8221;vc_col-lg-9 vc_col-md-8 vc_col-xs-12&#8243;][vc_row_inner][vc_column_inner el_class=&#8221;content-headline&#8221;][vc_column_text]<\/p>\n<h1>Kulturpreisverleihung an Duane Michals am 21. Oktober 2017 im KOMED-Saal des Hauses 7 im MediaPark<\/h1>\n<p>[\/vc_column_text][\/vc_column_inner][\/vc_row_inner][vc_column_text]<\/p>\n<div><strong>Intermezzo Raum 2: Duane Michals<\/strong><\/div>\n<div><\/div>\n<div><\/div>\n<div><strong>Eine Ausstellung anl\u00e4sslich der Kulturpreisvergabe der Deutschen Gesellschaft f\u00fcr Photographie an Duane Michals.<\/strong><\/div>\n<div><\/div>\n<div><\/div>\n<div><\/div>\n<div>Der bis heute hoch aktive K\u00fcnstler, geboren 1932 in McKeesport\/Pennsylvania, arbeitet seit den 1950er-Jahren mit dem Medium der Photographie. Nach dem Graphik-Design-Studium in Denver und New York entstehen erste Aufnahmen w\u00e4hrend einer Reise nach Russland und fortan sollte die Photographie ein wichtiges k\u00fcnstlerisches Ausdrucksmittel f\u00fcr ihn sein. Duane Michals w\u00e4hlt unterschiedliche photographische Pr\u00e4sentationsformen, wobei dem Moment des Seriell-erz\u00e4hlerischen eine zentrale Bedeutung zukommt. Es zeigt sich schon fr\u00fch, dass die Bezeichnung \u201ePhotograph\u201c seinem komplexen Werkansatz mit der phantasievoll inszenierten Bildproduktion allein nicht gerecht wird. Denn immer wieder geht es um die Inszenierung und Steigerung von Wirklichkeitseindr\u00fccken, die \u00fcber das konkret Dokumentarische hinausgehen. So bilden die von Michals geschaffenen Sequenzen eine eigene Form von Bilderz\u00e4hlung, von photographischem \u201eB\u00fchnenst\u00fcck\u201c. Seit den 1970er-Jahren bezieht er in seine Bildwerke auch Texte ein, meist mit der Hand auf die wei\u00dfen R\u00e4nder der Aufnahmen geschrieben. Einfach gehaltene lyrische Zeilen, die sich als ebenso hintergr\u00fcndig erweisen wie seine Photographien. Duane Michals Themen sind<\/div>\n<div>zwischenmenschliche Begegnungen, Magie und Illusion, Zeit und Erinnerung, Religion, Liebe und Sexualit\u00e4t.<\/div>\n<div><\/div>\n<div><\/div>\n<div>In der Ausstellung werden folgende Serien aus unterschiedlichen Werkphasen des K\u00fcnstlers gezeigt: \u201eThe Fallen Angel\u201c (1968), \u201eDr. Heisenberg\u2019s Magic Mirror of Uncertainty\u201c (1998), \u201eThe Theatre of real Life\u201c (2004) sowie neuere Aufnahmen von Stillleben-Motiven aus den 2000er-Jahren.<\/div>\n<div>Leihgeber sind die Galerie Clara Maria Sels, D\u00fcsseldorf, KOLUMBA, K\u00f6ln sowie das Lehmbruck Museum Duisburg und die Stadt Duisburg.<\/div>\n<div><\/div>\n<div><\/div>\n<div>Die Kulturpreisverleihung findet am Samstag, 21. Oktober 2017, in K\u00f6ln, Im\u00a0 Mediapark 7, Saal 1. OG., statt. Duane Michals wird anwesend sein.<\/div>\n<div><\/div>\n<div><\/div>\n<div>Die Photographische Sammlung\/SK Stiftung Kultur, Im Mediapark 7, 50670 K\u00f6ln, Tel.: 0221\/88895300, <a href=\"mailto:photographie@sk-kultur.de\">photographie@sk-kultur.de<\/a>, <a href=\"http:\/\/www.photographie-sk-kultur.de\">www.photographie-sk-kultur.de<\/a><\/div>\n<div>Deutsche Gesellschaft f\u00fcr Photographie, Rheingasse 8, 50676 K\u00f6ln,<\/div>\n<div>Tel.: 0221\/9232069, <a href=\"mailto:dgph@dgph.de\">dgph@dgph.de<\/a>,<a href=\"http:\/\/www.dgph.de\">www.dgph.de<\/a><\/div>\n<p>[\/vc_column_text][vc_gallery type=&#8221;image_grid&#8221; images=&#8221;2813,2815,2817,2819,2823,2821,2825,2827&#8243;][\/vc_column][\/vc_row]<\/p>\n<\/div>","protected":false},"excerpt":{"rendered":"<p>[vc_row][vc_column width=&#8221;1\/3&#8243; offset=&#8221;vc_col-lg-3 vc_col-md-4 vc_hidden-sm vc_col-xs-12 vc_hidden-xs&#8221;][\/vc_column][vc_column css=&#8221;.vc_custom_1494321748347{background-color: #ffffff !important;}&#8221; offset=&#8221;vc_col-lg-9 vc_col-md-8 vc_col-xs-12&#8243;][vc_row_inner][vc_column_inner el_class=&#8221;content-headline&#8221;][vc_column_text] Kulturpreisverleihung an Duane Michals am 21. Oktober 2017 im KOMED-Saal des Hauses 7 im MediaPark [\/vc_column_text][\/vc_column_inner][\/vc_row_inner][vc_column_text] Intermezzo Raum 2: Duane Michals Eine Ausstellung anl\u00e4sslich der Kulturpreisvergabe der Deutschen Gesellschaft f\u00fcr Photographie an Duane Michals. Der bis heute hoch aktive K\u00fcnstler, geboren&hellip;<\/p>\n","protected":false},"author":2,"featured_media":2829,"comment_status":"open","ping_status":"open","sticky":false,"template":"","format":"standard","meta":{"_acf_changed":false,"footnotes":""},"categories":[4,66],"tags":[],"class_list":["post-2812","post","type-post","status-publish","format-standard","hentry","category-news","category-veranstaltungen"],"acf":[],"yoast_head":"<!-- This site is optimized with the Yoast SEO plugin v24.2 - https:\/\/yoast.com\/wordpress\/plugins\/seo\/ -->\n<title>Kulturpreisverleihung an Duane Michals am 21. Oktober 2017 im KOMED-Saal des Hauses 7 im MediaPark - MediaPark K\u00f6ln<\/title>\n<meta name=\"robots\" content=\"index, follow, max-snippet:-1, max-image-preview:large, max-video-preview:-1\" \/>\n<link rel=\"canonical\" href=\"https:\/\/www.mediapark.de\/news\/kulturpreisverleihung-an-duane-michals-am-21-oktober-2017-im-komed-saal-des-hauses-7-im-mediapark\/\" \/>\n<meta property=\"og:locale\" content=\"en_US\" \/>\n<meta property=\"og:type\" content=\"article\" \/>\n<meta property=\"og:title\" content=\"Kulturpreisverleihung an Duane Michals am 21. Oktober 2017 im KOMED-Saal des Hauses 7 im MediaPark - MediaPark K\u00f6ln\" \/>\n<meta property=\"og:description\" content=\"[vc_row][vc_column width=&#8221;1\/3&#8243; offset=&#8221;vc_col-lg-3 vc_col-md-4 vc_hidden-sm vc_col-xs-12 vc_hidden-xs&#8221;][\/vc_column][vc_column css=&#8221;.vc_custom_1494321748347{background-color: #ffffff !important;}&#8221; offset=&#8221;vc_col-lg-9 vc_col-md-8 vc_col-xs-12&#8243;][vc_row_inner][vc_column_inner el_class=&#8221;content-headline&#8221;][vc_column_text] Kulturpreisverleihung an Duane Michals am 21. Oktober 2017 im KOMED-Saal des Hauses 7 im MediaPark [\/vc_column_text][\/vc_column_inner][\/vc_row_inner][vc_column_text] Intermezzo Raum 2: Duane Michals Eine Ausstellung anl\u00e4sslich der Kulturpreisvergabe der Deutschen Gesellschaft f\u00fcr Photographie an Duane Michals. Der bis heute hoch aktive K\u00fcnstler, geboren&hellip;\" \/>\n<meta property=\"og:url\" content=\"https:\/\/www.mediapark.de\/news\/kulturpreisverleihung-an-duane-michals-am-21-oktober-2017-im-komed-saal-des-hauses-7-im-mediapark\/\" \/>\n<meta property=\"og:site_name\" content=\"MediaPark K\u00f6ln\" \/>\n<meta property=\"article:publisher\" content=\"http:\/\/www.facebook.com\/pages\/MediaPark\/360959134018223\" \/>\n<meta property=\"article:published_time\" content=\"2017-10-02T09:54:50+00:00\" \/>\n<meta property=\"article:modified_time\" content=\"2017-10-02T10:03:18+00:00\" \/>\n<meta property=\"og:image\" content=\"https:\/\/www.mediapark.de\/wp-content\/uploads\/2017\/10\/2017-10-02-SG-sk-stiftung-michels.jpg\" \/>\n\t<meta property=\"og:image:width\" content=\"2126\" \/>\n\t<meta property=\"og:image:height\" content=\"1203\" \/>\n\t<meta property=\"og:image:type\" content=\"image\/jpeg\" \/>\n<meta name=\"author\" content=\"Nina Linnebach\" \/>\n<meta name=\"twitter:card\" content=\"summary_large_image\" \/>\n<meta name=\"twitter:creator\" content=\"@MediaParkKoeln\" \/>\n<meta name=\"twitter:site\" content=\"@MediaParkKoeln\" \/>\n<meta name=\"twitter:label1\" content=\"Written by\" \/>\n\t<meta name=\"twitter:data1\" content=\"Nina Linnebach\" \/>\n\t<meta name=\"twitter:label2\" content=\"Est. reading time\" \/>\n\t<meta name=\"twitter:data2\" content=\"2 minutes\" \/>\n<script type=\"application\/ld+json\" class=\"yoast-schema-graph\">{\"@context\":\"https:\/\/schema.org\",\"@graph\":[{\"@type\":\"WebPage\",\"@id\":\"https:\/\/www.mediapark.de\/news\/kulturpreisverleihung-an-duane-michals-am-21-oktober-2017-im-komed-saal-des-hauses-7-im-mediapark\/\",\"url\":\"https:\/\/www.mediapark.de\/news\/kulturpreisverleihung-an-duane-michals-am-21-oktober-2017-im-komed-saal-des-hauses-7-im-mediapark\/\",\"name\":\"Kulturpreisverleihung an Duane Michals am 21. Oktober 2017 im KOMED-Saal des Hauses 7 im MediaPark - MediaPark K\u00f6ln\",\"isPartOf\":{\"@id\":\"https:\/\/www.mediapark.de\/#website\"},\"primaryImageOfPage\":{\"@id\":\"https:\/\/www.mediapark.de\/news\/kulturpreisverleihung-an-duane-michals-am-21-oktober-2017-im-komed-saal-des-hauses-7-im-mediapark\/#primaryimage\"},\"image\":{\"@id\":\"https:\/\/www.mediapark.de\/news\/kulturpreisverleihung-an-duane-michals-am-21-oktober-2017-im-komed-saal-des-hauses-7-im-mediapark\/#primaryimage\"},\"thumbnailUrl\":\"https:\/\/www.mediapark.de\/wp-content\/uploads\/2017\/10\/2017-10-02-SG-sk-stiftung-michels.jpg\",\"datePublished\":\"2017-10-02T09:54:50+00:00\",\"dateModified\":\"2017-10-02T10:03:18+00:00\",\"author\":{\"@id\":\"https:\/\/www.mediapark.de\/#\/schema\/person\/312ccfc44e8b62dabb32f9b501f82c90\"},\"breadcrumb\":{\"@id\":\"https:\/\/www.mediapark.de\/news\/kulturpreisverleihung-an-duane-michals-am-21-oktober-2017-im-komed-saal-des-hauses-7-im-mediapark\/#breadcrumb\"},\"inLanguage\":\"en-US\",\"potentialAction\":[{\"@type\":\"ReadAction\",\"target\":[\"https:\/\/www.mediapark.de\/news\/kulturpreisverleihung-an-duane-michals-am-21-oktober-2017-im-komed-saal-des-hauses-7-im-mediapark\/\"]}]},{\"@type\":\"ImageObject\",\"inLanguage\":\"en-US\",\"@id\":\"https:\/\/www.mediapark.de\/news\/kulturpreisverleihung-an-duane-michals-am-21-oktober-2017-im-komed-saal-des-hauses-7-im-mediapark\/#primaryimage\",\"url\":\"https:\/\/www.mediapark.de\/wp-content\/uploads\/2017\/10\/2017-10-02-SG-sk-stiftung-michels.jpg\",\"contentUrl\":\"https:\/\/www.mediapark.de\/wp-content\/uploads\/2017\/10\/2017-10-02-SG-sk-stiftung-michels.jpg\",\"width\":2126,\"height\":1203},{\"@type\":\"BreadcrumbList\",\"@id\":\"https:\/\/www.mediapark.de\/news\/kulturpreisverleihung-an-duane-michals-am-21-oktober-2017-im-komed-saal-des-hauses-7-im-mediapark\/#breadcrumb\",\"itemListElement\":[{\"@type\":\"ListItem\",\"position\":1,\"name\":\"Startseite\",\"item\":\"https:\/\/www.mediapark.de\/en\/\"},{\"@type\":\"ListItem\",\"position\":2,\"name\":\"News\",\"item\":\"https:\/\/www.mediapark.de\/category\/news\/\"},{\"@type\":\"ListItem\",\"position\":3,\"name\":\"Kulturpreisverleihung an Duane Michals am 21. Oktober 2017 im KOMED-Saal des Hauses 7 im MediaPark\"}]},{\"@type\":\"WebSite\",\"@id\":\"https:\/\/www.mediapark.de\/#website\",\"url\":\"https:\/\/www.mediapark.de\/\",\"name\":\"MediaPark K\u00f6ln\",\"description\":\"\",\"potentialAction\":[{\"@type\":\"SearchAction\",\"target\":{\"@type\":\"EntryPoint\",\"urlTemplate\":\"https:\/\/www.mediapark.de\/?s={search_term_string}\"},\"query-input\":{\"@type\":\"PropertyValueSpecification\",\"valueRequired\":true,\"valueName\":\"search_term_string\"}}],\"inLanguage\":\"en-US\"},{\"@type\":\"Person\",\"@id\":\"https:\/\/www.mediapark.de\/#\/schema\/person\/312ccfc44e8b62dabb32f9b501f82c90\",\"name\":\"Nina Linnebach\",\"image\":{\"@type\":\"ImageObject\",\"inLanguage\":\"en-US\",\"@id\":\"https:\/\/www.mediapark.de\/#\/schema\/person\/image\/\",\"url\":\"https:\/\/secure.gravatar.com\/avatar\/31c6a2f8e07f9a160bd98d06232585d9?s=96&d=mm&r=g\",\"contentUrl\":\"https:\/\/secure.gravatar.com\/avatar\/31c6a2f8e07f9a160bd98d06232585d9?s=96&d=mm&r=g\",\"caption\":\"Nina Linnebach\"},\"url\":\"https:\/\/www.mediapark.de\/en\/author\/n_linnebach\/\"}]}<\/script>\n<!-- \/ Yoast SEO plugin. -->","yoast_head_json":{"title":"Kulturpreisverleihung an Duane Michals am 21. Oktober 2017 im KOMED-Saal des Hauses 7 im MediaPark - MediaPark K\u00f6ln","robots":{"index":"index","follow":"follow","max-snippet":"max-snippet:-1","max-image-preview":"max-image-preview:large","max-video-preview":"max-video-preview:-1"},"canonical":"https:\/\/www.mediapark.de\/news\/kulturpreisverleihung-an-duane-michals-am-21-oktober-2017-im-komed-saal-des-hauses-7-im-mediapark\/","og_locale":"en_US","og_type":"article","og_title":"Kulturpreisverleihung an Duane Michals am 21. Oktober 2017 im KOMED-Saal des Hauses 7 im MediaPark - MediaPark K\u00f6ln","og_description":"[vc_row][vc_column width=&#8221;1\/3&#8243; offset=&#8221;vc_col-lg-3 vc_col-md-4 vc_hidden-sm vc_col-xs-12 vc_hidden-xs&#8221;][\/vc_column][vc_column css=&#8221;.vc_custom_1494321748347{background-color: #ffffff !important;}&#8221; offset=&#8221;vc_col-lg-9 vc_col-md-8 vc_col-xs-12&#8243;][vc_row_inner][vc_column_inner el_class=&#8221;content-headline&#8221;][vc_column_text] Kulturpreisverleihung an Duane Michals am 21. Oktober 2017 im KOMED-Saal des Hauses 7 im MediaPark [\/vc_column_text][\/vc_column_inner][\/vc_row_inner][vc_column_text] Intermezzo Raum 2: Duane Michals Eine Ausstellung anl\u00e4sslich der Kulturpreisvergabe der Deutschen Gesellschaft f\u00fcr Photographie an Duane Michals. Der bis heute hoch aktive K\u00fcnstler, geboren&hellip;","og_url":"https:\/\/www.mediapark.de\/news\/kulturpreisverleihung-an-duane-michals-am-21-oktober-2017-im-komed-saal-des-hauses-7-im-mediapark\/","og_site_name":"MediaPark K\u00f6ln","article_publisher":"http:\/\/www.facebook.com\/pages\/MediaPark\/360959134018223","article_published_time":"2017-10-02T09:54:50+00:00","article_modified_time":"2017-10-02T10:03:18+00:00","og_image":[{"width":2126,"height":1203,"url":"https:\/\/www.mediapark.de\/wp-content\/uploads\/2017\/10\/2017-10-02-SG-sk-stiftung-michels.jpg","type":"image\/jpeg"}],"author":"Nina Linnebach","twitter_card":"summary_large_image","twitter_creator":"@MediaParkKoeln","twitter_site":"@MediaParkKoeln","twitter_misc":{"Written by":"Nina Linnebach","Est. reading time":"2 minutes"},"schema":{"@context":"https:\/\/schema.org","@graph":[{"@type":"WebPage","@id":"https:\/\/www.mediapark.de\/news\/kulturpreisverleihung-an-duane-michals-am-21-oktober-2017-im-komed-saal-des-hauses-7-im-mediapark\/","url":"https:\/\/www.mediapark.de\/news\/kulturpreisverleihung-an-duane-michals-am-21-oktober-2017-im-komed-saal-des-hauses-7-im-mediapark\/","name":"Kulturpreisverleihung an Duane Michals am 21. Oktober 2017 im KOMED-Saal des Hauses 7 im MediaPark - MediaPark K\u00f6ln","isPartOf":{"@id":"https:\/\/www.mediapark.de\/#website"},"primaryImageOfPage":{"@id":"https:\/\/www.mediapark.de\/news\/kulturpreisverleihung-an-duane-michals-am-21-oktober-2017-im-komed-saal-des-hauses-7-im-mediapark\/#primaryimage"},"image":{"@id":"https:\/\/www.mediapark.de\/news\/kulturpreisverleihung-an-duane-michals-am-21-oktober-2017-im-komed-saal-des-hauses-7-im-mediapark\/#primaryimage"},"thumbnailUrl":"https:\/\/www.mediapark.de\/wp-content\/uploads\/2017\/10\/2017-10-02-SG-sk-stiftung-michels.jpg","datePublished":"2017-10-02T09:54:50+00:00","dateModified":"2017-10-02T10:03:18+00:00","author":{"@id":"https:\/\/www.mediapark.de\/#\/schema\/person\/312ccfc44e8b62dabb32f9b501f82c90"},"breadcrumb":{"@id":"https:\/\/www.mediapark.de\/news\/kulturpreisverleihung-an-duane-michals-am-21-oktober-2017-im-komed-saal-des-hauses-7-im-mediapark\/#breadcrumb"},"inLanguage":"en-US","potentialAction":[{"@type":"ReadAction","target":["https:\/\/www.mediapark.de\/news\/kulturpreisverleihung-an-duane-michals-am-21-oktober-2017-im-komed-saal-des-hauses-7-im-mediapark\/"]}]},{"@type":"ImageObject","inLanguage":"en-US","@id":"https:\/\/www.mediapark.de\/news\/kulturpreisverleihung-an-duane-michals-am-21-oktober-2017-im-komed-saal-des-hauses-7-im-mediapark\/#primaryimage","url":"https:\/\/www.mediapark.de\/wp-content\/uploads\/2017\/10\/2017-10-02-SG-sk-stiftung-michels.jpg","contentUrl":"https:\/\/www.mediapark.de\/wp-content\/uploads\/2017\/10\/2017-10-02-SG-sk-stiftung-michels.jpg","width":2126,"height":1203},{"@type":"BreadcrumbList","@id":"https:\/\/www.mediapark.de\/news\/kulturpreisverleihung-an-duane-michals-am-21-oktober-2017-im-komed-saal-des-hauses-7-im-mediapark\/#breadcrumb","itemListElement":[{"@type":"ListItem","position":1,"name":"Startseite","item":"https:\/\/www.mediapark.de\/en\/"},{"@type":"ListItem","position":2,"name":"News","item":"https:\/\/www.mediapark.de\/category\/news\/"},{"@type":"ListItem","position":3,"name":"Kulturpreisverleihung an Duane Michals am 21. Oktober 2017 im KOMED-Saal des Hauses 7 im MediaPark"}]},{"@type":"WebSite","@id":"https:\/\/www.mediapark.de\/#website","url":"https:\/\/www.mediapark.de\/","name":"MediaPark K\u00f6ln","description":"","potentialAction":[{"@type":"SearchAction","target":{"@type":"EntryPoint","urlTemplate":"https:\/\/www.mediapark.de\/?s={search_term_string}"},"query-input":{"@type":"PropertyValueSpecification","valueRequired":true,"valueName":"search_term_string"}}],"inLanguage":"en-US"},{"@type":"Person","@id":"https:\/\/www.mediapark.de\/#\/schema\/person\/312ccfc44e8b62dabb32f9b501f82c90","name":"Nina Linnebach","image":{"@type":"ImageObject","inLanguage":"en-US","@id":"https:\/\/www.mediapark.de\/#\/schema\/person\/image\/","url":"https:\/\/secure.gravatar.com\/avatar\/31c6a2f8e07f9a160bd98d06232585d9?s=96&d=mm&r=g","contentUrl":"https:\/\/secure.gravatar.com\/avatar\/31c6a2f8e07f9a160bd98d06232585d9?s=96&d=mm&r=g","caption":"Nina Linnebach"},"url":"https:\/\/www.mediapark.de\/en\/author\/n_linnebach\/"}]}},"_links":{"self":[{"href":"https:\/\/www.mediapark.de\/en\/wp-json\/wp\/v2\/posts\/2812","targetHints":{"allow":["GET"]}}],"collection":[{"href":"https:\/\/www.mediapark.de\/en\/wp-json\/wp\/v2\/posts"}],"about":[{"href":"https:\/\/www.mediapark.de\/en\/wp-json\/wp\/v2\/types\/post"}],"author":[{"embeddable":true,"href":"https:\/\/www.mediapark.de\/en\/wp-json\/wp\/v2\/users\/2"}],"replies":[{"embeddable":true,"href":"https:\/\/www.mediapark.de\/en\/wp-json\/wp\/v2\/comments?post=2812"}],"version-history":[{"count":4,"href":"https:\/\/www.mediapark.de\/en\/wp-json\/wp\/v2\/posts\/2812\/revisions"}],"predecessor-version":[{"id":2838,"href":"https:\/\/www.mediapark.de\/en\/wp-json\/wp\/v2\/posts\/2812\/revisions\/2838"}],"wp:featuredmedia":[{"embeddable":true,"href":"https:\/\/www.mediapark.de\/en\/wp-json\/wp\/v2\/media\/2829"}],"wp:attachment":[{"href":"https:\/\/www.mediapark.de\/en\/wp-json\/wp\/v2\/media?parent=2812"}],"wp:term":[{"taxonomy":"category","embeddable":true,"href":"https:\/\/www.mediapark.de\/en\/wp-json\/wp\/v2\/categories?post=2812"},{"taxonomy":"post_tag","embeddable":true,"href":"https:\/\/www.mediapark.de\/en\/wp-json\/wp\/v2\/tags?post=2812"}],"curies":[{"name":"wp","href":"https:\/\/api.w.org\/{rel}","templated":true}]}}