{"id":2857,"date":"2017-10-09T14:35:31","date_gmt":"2017-10-09T12:35:31","guid":{"rendered":"http:\/\/www.mediapark.de\/?p=2857\/"},"modified":"2017-10-12T09:44:26","modified_gmt":"2017-10-12T07:44:26","slug":"koeln-digital-2017","status":"publish","type":"post","link":"https:\/\/www.mediapark.de\/en\/news\/koeln-digital-2017\/","title":{"rendered":"#K\u00f6ln Digital 2017"},"content":{"rendered":"<div class=\"wpb-content-wrapper\"><p>[vc_row][vc_column width=&#8221;1\/3&#8243; offset=&#8221;vc_col-lg-3 vc_col-md-4 vc_hidden-sm vc_col-xs-12 vc_hidden-xs&#8221;][\/vc_column][vc_column css=&#8221;.vc_custom_1494321748347{background-color: #ffffff !important;}&#8221; offset=&#8221;vc_col-lg-9 vc_col-md-8 vc_col-xs-12&#8243;][vc_row_inner][vc_column_inner el_class=&#8221;content-headline&#8221;][vc_column_text]<\/p>\n<h1>#K\u00f6ln Digital 2017<\/h1>\n<p>[\/vc_column_text][\/vc_column_inner][\/vc_row_inner][vc_single_image image=&#8221;2871&#8243; img_size=&#8221;post-header&#8221; alignment=&#8221;center&#8221; el_class=&#8221;post-title-image&#8221;][vc_column_text]Die Digitalisierung aller Lebensbereiche schreitet kontinuierlich voran. Aus diesem Grund bieten die Volkshochschule K\u00f6ln und Stadtbibliothek K\u00f6ln vom 16. bis 21. Oktober 2017 \u00fcber 30 kostenfreie Vortr\u00e4ge und Workshops zu dem Thema an.<\/p>\n<p>&nbsp;<\/p>\n<p>Interessierte haben die Gelegenheit, sich mit der Mediennutzung von Kindern, mit digitalem Lernen in der Beruflichen Bildung, mit Datensicherheit, mit Online- und Social Media-Marketing und vielem mehr auseinanderzusetzen. In Schnupperkursen k\u00f6nnen professionelle Recherchetechniken oder Patentdatenbanken im Internet oder ausgew\u00e4hlte Tools ausprobiert werden.<\/p>\n<p>&nbsp;<\/p>\n<p>Die Veranstaltungen finden im Rahmen von K\u00f6lnDigital und Internet-Impulse K\u00f6ln 2017 statt. Der \u00fcberwiegende Teil der Angebote k\u00f6nnen im KOMED im MediaPark 7 besucht werden.<\/p>\n<p>&nbsp;<\/p>\n<p><strong>Anmeldung und weitere Informationen:<\/strong><\/p>\n<p><a href=\"http:\/\/bit.ly\/2wmKpyC\">http:\/\/bit.ly\/2wmKpyC<\/a><\/p>\n<p>&nbsp;<\/p>\n<p>Parallel dazu findet am Dienstag, 17. Oktober 2017, ab 16:00 Uhr, der Aktionstag K\u00f6lnDigital der Stadt K\u00f6ln im VHS-Studienhaus und der Stadtbibliothek K\u00f6ln am Neumarkt statt. Expertinnen und Experten der Stadt K\u00f6ln zeigen digitale L\u00f6sungen, die bereits in Gebrauch oder in Planung sind. Informieren Sie sich vor Ort und diskutieren Sie zusammen mit anderen Teilnehmenden.<\/p>\n<p>&nbsp;<\/p>\n<p><strong>Anmeldung und weitere Informationen:<\/strong><\/p>\n<p><a href=\"http:\/\/bit.ly\/2xySscg\">http:\/\/bit.ly\/2xySscg<\/a>[\/vc_column_text][\/vc_column][\/vc_row]<\/p>\n<\/div>","protected":false},"excerpt":{"rendered":"<p>[vc_row][vc_column width=&#8221;1\/3&#8243; offset=&#8221;vc_col-lg-3 vc_col-md-4 vc_hidden-sm vc_col-xs-12 vc_hidden-xs&#8221;][\/vc_column][vc_column css=&#8221;.vc_custom_1494321748347{background-color: #ffffff !important;}&#8221; offset=&#8221;vc_col-lg-9 vc_col-md-8 vc_col-xs-12&#8243;][vc_row_inner][vc_column_inner el_class=&#8221;content-headline&#8221;][vc_column_text] #K\u00f6ln Digital 2017 [\/vc_column_text][\/vc_column_inner][\/vc_row_inner][vc_single_image image=&#8221;2871&#8243; img_size=&#8221;post-header&#8221; alignment=&#8221;center&#8221; el_class=&#8221;post-title-image&#8221;][vc_column_text]Die Digitalisierung aller Lebensbereiche schreitet kontinuierlich voran. Aus diesem Grund bieten die Volkshochschule K\u00f6ln und Stadtbibliothek K\u00f6ln vom 16. bis 21. Oktober 2017 \u00fcber 30 kostenfreie Vortr\u00e4ge und Workshops zu dem Thema an. &nbsp;&hellip;<\/p>\n","protected":false},"author":2,"featured_media":2862,"comment_status":"open","ping_status":"open","sticky":false,"template":"","format":"standard","meta":{"_acf_changed":false,"footnotes":""},"categories":[4,66],"tags":[],"class_list":["post-2857","post","type-post","status-publish","format-standard","hentry","category-news","category-veranstaltungen"],"acf":[],"yoast_head":"<!-- This site is optimized with the Yoast SEO plugin v24.2 - https:\/\/yoast.com\/wordpress\/plugins\/seo\/ -->\n<title>#K\u00f6ln Digital 2017 - MediaPark K\u00f6ln<\/title>\n<meta name=\"robots\" content=\"index, follow, max-snippet:-1, max-image-preview:large, max-video-preview:-1\" \/>\n<link rel=\"canonical\" href=\"https:\/\/www.mediapark.de\/news\/koeln-digital-2017\/\" \/>\n<meta property=\"og:locale\" content=\"en_US\" \/>\n<meta property=\"og:type\" content=\"article\" \/>\n<meta property=\"og:title\" content=\"#K\u00f6ln Digital 2017 - MediaPark K\u00f6ln\" \/>\n<meta property=\"og:description\" content=\"[vc_row][vc_column width=&#8221;1\/3&#8243; offset=&#8221;vc_col-lg-3 vc_col-md-4 vc_hidden-sm vc_col-xs-12 vc_hidden-xs&#8221;][\/vc_column][vc_column css=&#8221;.vc_custom_1494321748347{background-color: #ffffff !important;}&#8221; offset=&#8221;vc_col-lg-9 vc_col-md-8 vc_col-xs-12&#8243;][vc_row_inner][vc_column_inner el_class=&#8221;content-headline&#8221;][vc_column_text] #K\u00f6ln Digital 2017 [\/vc_column_text][\/vc_column_inner][\/vc_row_inner][vc_single_image image=&#8221;2871&#8243; img_size=&#8221;post-header&#8221; alignment=&#8221;center&#8221; el_class=&#8221;post-title-image&#8221;][vc_column_text]Die Digitalisierung aller Lebensbereiche schreitet kontinuierlich voran. Aus diesem Grund bieten die Volkshochschule K\u00f6ln und Stadtbibliothek K\u00f6ln vom 16. bis 21. Oktober 2017 \u00fcber 30 kostenfreie Vortr\u00e4ge und Workshops zu dem Thema an. &nbsp;&hellip;\" \/>\n<meta property=\"og:url\" content=\"https:\/\/www.mediapark.de\/news\/koeln-digital-2017\/\" \/>\n<meta property=\"og:site_name\" content=\"MediaPark K\u00f6ln\" \/>\n<meta property=\"article:publisher\" content=\"http:\/\/www.facebook.com\/pages\/MediaPark\/360959134018223\" \/>\n<meta property=\"article:published_time\" content=\"2017-10-09T12:35:31+00:00\" \/>\n<meta property=\"article:modified_time\" content=\"2017-10-12T07:44:26+00:00\" \/>\n<meta property=\"og:image\" content=\"https:\/\/www.mediapark.de\/wp-content\/uploads\/2017\/10\/Koeln_Digital_Mediapark_680x380px.png\" \/>\n\t<meta property=\"og:image:width\" content=\"680\" \/>\n\t<meta property=\"og:image:height\" content=\"381\" \/>\n\t<meta property=\"og:image:type\" content=\"image\/png\" \/>\n<meta name=\"author\" content=\"Nina Linnebach\" \/>\n<meta name=\"twitter:card\" content=\"summary_large_image\" \/>\n<meta name=\"twitter:creator\" content=\"@MediaParkKoeln\" \/>\n<meta name=\"twitter:site\" content=\"@MediaParkKoeln\" \/>\n<meta name=\"twitter:label1\" content=\"Written by\" \/>\n\t<meta name=\"twitter:data1\" content=\"Nina Linnebach\" \/>\n\t<meta name=\"twitter:label2\" content=\"Est. reading time\" \/>\n\t<meta name=\"twitter:data2\" content=\"1 minute\" \/>\n<script type=\"application\/ld+json\" class=\"yoast-schema-graph\">{\"@context\":\"https:\/\/schema.org\",\"@graph\":[{\"@type\":\"WebPage\",\"@id\":\"https:\/\/www.mediapark.de\/news\/koeln-digital-2017\/\",\"url\":\"https:\/\/www.mediapark.de\/news\/koeln-digital-2017\/\",\"name\":\"#K\u00f6ln Digital 2017 - MediaPark K\u00f6ln\",\"isPartOf\":{\"@id\":\"https:\/\/www.mediapark.de\/#website\"},\"primaryImageOfPage\":{\"@id\":\"https:\/\/www.mediapark.de\/news\/koeln-digital-2017\/#primaryimage\"},\"image\":{\"@id\":\"https:\/\/www.mediapark.de\/news\/koeln-digital-2017\/#primaryimage\"},\"thumbnailUrl\":\"https:\/\/www.mediapark.de\/wp-content\/uploads\/2017\/10\/Koeln_Digital_Mediapark_680x380px.png\",\"datePublished\":\"2017-10-09T12:35:31+00:00\",\"dateModified\":\"2017-10-12T07:44:26+00:00\",\"author\":{\"@id\":\"https:\/\/www.mediapark.de\/#\/schema\/person\/312ccfc44e8b62dabb32f9b501f82c90\"},\"breadcrumb\":{\"@id\":\"https:\/\/www.mediapark.de\/news\/koeln-digital-2017\/#breadcrumb\"},\"inLanguage\":\"en-US\",\"potentialAction\":[{\"@type\":\"ReadAction\",\"target\":[\"https:\/\/www.mediapark.de\/news\/koeln-digital-2017\/\"]}]},{\"@type\":\"ImageObject\",\"inLanguage\":\"en-US\",\"@id\":\"https:\/\/www.mediapark.de\/news\/koeln-digital-2017\/#primaryimage\",\"url\":\"https:\/\/www.mediapark.de\/wp-content\/uploads\/2017\/10\/Koeln_Digital_Mediapark_680x380px.png\",\"contentUrl\":\"https:\/\/www.mediapark.de\/wp-content\/uploads\/2017\/10\/Koeln_Digital_Mediapark_680x380px.png\",\"width\":680,\"height\":381},{\"@type\":\"BreadcrumbList\",\"@id\":\"https:\/\/www.mediapark.de\/news\/koeln-digital-2017\/#breadcrumb\",\"itemListElement\":[{\"@type\":\"ListItem\",\"position\":1,\"name\":\"Startseite\",\"item\":\"https:\/\/www.mediapark.de\/en\/\"},{\"@type\":\"ListItem\",\"position\":2,\"name\":\"News\",\"item\":\"https:\/\/www.mediapark.de\/category\/news\/\"},{\"@type\":\"ListItem\",\"position\":3,\"name\":\"#K\u00f6ln Digital 2017\"}]},{\"@type\":\"WebSite\",\"@id\":\"https:\/\/www.mediapark.de\/#website\",\"url\":\"https:\/\/www.mediapark.de\/\",\"name\":\"MediaPark K\u00f6ln\",\"description\":\"\",\"potentialAction\":[{\"@type\":\"SearchAction\",\"target\":{\"@type\":\"EntryPoint\",\"urlTemplate\":\"https:\/\/www.mediapark.de\/?s={search_term_string}\"},\"query-input\":{\"@type\":\"PropertyValueSpecification\",\"valueRequired\":true,\"valueName\":\"search_term_string\"}}],\"inLanguage\":\"en-US\"},{\"@type\":\"Person\",\"@id\":\"https:\/\/www.mediapark.de\/#\/schema\/person\/312ccfc44e8b62dabb32f9b501f82c90\",\"name\":\"Nina Linnebach\",\"image\":{\"@type\":\"ImageObject\",\"inLanguage\":\"en-US\",\"@id\":\"https:\/\/www.mediapark.de\/#\/schema\/person\/image\/\",\"url\":\"https:\/\/secure.gravatar.com\/avatar\/31c6a2f8e07f9a160bd98d06232585d9?s=96&d=mm&r=g\",\"contentUrl\":\"https:\/\/secure.gravatar.com\/avatar\/31c6a2f8e07f9a160bd98d06232585d9?s=96&d=mm&r=g\",\"caption\":\"Nina Linnebach\"},\"url\":\"https:\/\/www.mediapark.de\/en\/author\/n_linnebach\/\"}]}<\/script>\n<!-- \/ Yoast SEO plugin. -->","yoast_head_json":{"title":"#K\u00f6ln Digital 2017 - MediaPark K\u00f6ln","robots":{"index":"index","follow":"follow","max-snippet":"max-snippet:-1","max-image-preview":"max-image-preview:large","max-video-preview":"max-video-preview:-1"},"canonical":"https:\/\/www.mediapark.de\/news\/koeln-digital-2017\/","og_locale":"en_US","og_type":"article","og_title":"#K\u00f6ln Digital 2017 - MediaPark K\u00f6ln","og_description":"[vc_row][vc_column width=&#8221;1\/3&#8243; offset=&#8221;vc_col-lg-3 vc_col-md-4 vc_hidden-sm vc_col-xs-12 vc_hidden-xs&#8221;][\/vc_column][vc_column css=&#8221;.vc_custom_1494321748347{background-color: #ffffff !important;}&#8221; offset=&#8221;vc_col-lg-9 vc_col-md-8 vc_col-xs-12&#8243;][vc_row_inner][vc_column_inner el_class=&#8221;content-headline&#8221;][vc_column_text] #K\u00f6ln Digital 2017 [\/vc_column_text][\/vc_column_inner][\/vc_row_inner][vc_single_image image=&#8221;2871&#8243; img_size=&#8221;post-header&#8221; alignment=&#8221;center&#8221; el_class=&#8221;post-title-image&#8221;][vc_column_text]Die Digitalisierung aller Lebensbereiche schreitet kontinuierlich voran. Aus diesem Grund bieten die Volkshochschule K\u00f6ln und Stadtbibliothek K\u00f6ln vom 16. bis 21. Oktober 2017 \u00fcber 30 kostenfreie Vortr\u00e4ge und Workshops zu dem Thema an. &nbsp;&hellip;","og_url":"https:\/\/www.mediapark.de\/news\/koeln-digital-2017\/","og_site_name":"MediaPark K\u00f6ln","article_publisher":"http:\/\/www.facebook.com\/pages\/MediaPark\/360959134018223","article_published_time":"2017-10-09T12:35:31+00:00","article_modified_time":"2017-10-12T07:44:26+00:00","og_image":[{"width":680,"height":381,"url":"https:\/\/www.mediapark.de\/wp-content\/uploads\/2017\/10\/Koeln_Digital_Mediapark_680x380px.png","type":"image\/png"}],"author":"Nina Linnebach","twitter_card":"summary_large_image","twitter_creator":"@MediaParkKoeln","twitter_site":"@MediaParkKoeln","twitter_misc":{"Written by":"Nina Linnebach","Est. reading time":"1 minute"},"schema":{"@context":"https:\/\/schema.org","@graph":[{"@type":"WebPage","@id":"https:\/\/www.mediapark.de\/news\/koeln-digital-2017\/","url":"https:\/\/www.mediapark.de\/news\/koeln-digital-2017\/","name":"#K\u00f6ln Digital 2017 - MediaPark K\u00f6ln","isPartOf":{"@id":"https:\/\/www.mediapark.de\/#website"},"primaryImageOfPage":{"@id":"https:\/\/www.mediapark.de\/news\/koeln-digital-2017\/#primaryimage"},"image":{"@id":"https:\/\/www.mediapark.de\/news\/koeln-digital-2017\/#primaryimage"},"thumbnailUrl":"https:\/\/www.mediapark.de\/wp-content\/uploads\/2017\/10\/Koeln_Digital_Mediapark_680x380px.png","datePublished":"2017-10-09T12:35:31+00:00","dateModified":"2017-10-12T07:44:26+00:00","author":{"@id":"https:\/\/www.mediapark.de\/#\/schema\/person\/312ccfc44e8b62dabb32f9b501f82c90"},"breadcrumb":{"@id":"https:\/\/www.mediapark.de\/news\/koeln-digital-2017\/#breadcrumb"},"inLanguage":"en-US","potentialAction":[{"@type":"ReadAction","target":["https:\/\/www.mediapark.de\/news\/koeln-digital-2017\/"]}]},{"@type":"ImageObject","inLanguage":"en-US","@id":"https:\/\/www.mediapark.de\/news\/koeln-digital-2017\/#primaryimage","url":"https:\/\/www.mediapark.de\/wp-content\/uploads\/2017\/10\/Koeln_Digital_Mediapark_680x380px.png","contentUrl":"https:\/\/www.mediapark.de\/wp-content\/uploads\/2017\/10\/Koeln_Digital_Mediapark_680x380px.png","width":680,"height":381},{"@type":"BreadcrumbList","@id":"https:\/\/www.mediapark.de\/news\/koeln-digital-2017\/#breadcrumb","itemListElement":[{"@type":"ListItem","position":1,"name":"Startseite","item":"https:\/\/www.mediapark.de\/en\/"},{"@type":"ListItem","position":2,"name":"News","item":"https:\/\/www.mediapark.de\/category\/news\/"},{"@type":"ListItem","position":3,"name":"#K\u00f6ln Digital 2017"}]},{"@type":"WebSite","@id":"https:\/\/www.mediapark.de\/#website","url":"https:\/\/www.mediapark.de\/","name":"MediaPark K\u00f6ln","description":"","potentialAction":[{"@type":"SearchAction","target":{"@type":"EntryPoint","urlTemplate":"https:\/\/www.mediapark.de\/?s={search_term_string}"},"query-input":{"@type":"PropertyValueSpecification","valueRequired":true,"valueName":"search_term_string"}}],"inLanguage":"en-US"},{"@type":"Person","@id":"https:\/\/www.mediapark.de\/#\/schema\/person\/312ccfc44e8b62dabb32f9b501f82c90","name":"Nina Linnebach","image":{"@type":"ImageObject","inLanguage":"en-US","@id":"https:\/\/www.mediapark.de\/#\/schema\/person\/image\/","url":"https:\/\/secure.gravatar.com\/avatar\/31c6a2f8e07f9a160bd98d06232585d9?s=96&d=mm&r=g","contentUrl":"https:\/\/secure.gravatar.com\/avatar\/31c6a2f8e07f9a160bd98d06232585d9?s=96&d=mm&r=g","caption":"Nina Linnebach"},"url":"https:\/\/www.mediapark.de\/en\/author\/n_linnebach\/"}]}},"_links":{"self":[{"href":"https:\/\/www.mediapark.de\/en\/wp-json\/wp\/v2\/posts\/2857","targetHints":{"allow":["GET"]}}],"collection":[{"href":"https:\/\/www.mediapark.de\/en\/wp-json\/wp\/v2\/posts"}],"about":[{"href":"https:\/\/www.mediapark.de\/en\/wp-json\/wp\/v2\/types\/post"}],"author":[{"embeddable":true,"href":"https:\/\/www.mediapark.de\/en\/wp-json\/wp\/v2\/users\/2"}],"replies":[{"embeddable":true,"href":"https:\/\/www.mediapark.de\/en\/wp-json\/wp\/v2\/comments?post=2857"}],"version-history":[{"count":5,"href":"https:\/\/www.mediapark.de\/en\/wp-json\/wp\/v2\/posts\/2857\/revisions"}],"predecessor-version":[{"id":2873,"href":"https:\/\/www.mediapark.de\/en\/wp-json\/wp\/v2\/posts\/2857\/revisions\/2873"}],"wp:featuredmedia":[{"embeddable":true,"href":"https:\/\/www.mediapark.de\/en\/wp-json\/wp\/v2\/media\/2862"}],"wp:attachment":[{"href":"https:\/\/www.mediapark.de\/en\/wp-json\/wp\/v2\/media?parent=2857"}],"wp:term":[{"taxonomy":"category","embeddable":true,"href":"https:\/\/www.mediapark.de\/en\/wp-json\/wp\/v2\/categories?post=2857"},{"taxonomy":"post_tag","embeddable":true,"href":"https:\/\/www.mediapark.de\/en\/wp-json\/wp\/v2\/tags?post=2857"}],"curies":[{"name":"wp","href":"https:\/\/api.w.org\/{rel}","templated":true}]}}