{"id":3146,"date":"2018-03-15T16:07:18","date_gmt":"2018-03-15T15:07:18","guid":{"rendered":"http:\/\/www.mediapark.de\/?p=3146\/"},"modified":"2018-03-15T16:07:18","modified_gmt":"2018-03-15T15:07:18","slug":"denkraum-medien-pressefreiheit-in-europa","status":"publish","type":"post","link":"https:\/\/www.mediapark.de\/en\/news\/denkraum-medien-pressefreiheit-in-europa\/","title":{"rendered":"DENKRAUM MEDIEN: Pressefreiheit in Europa?"},"content":{"rendered":"<div class=\"wpb-content-wrapper\"><p>[vc_row][vc_column width=&#8221;1\/3&#8243; offset=&#8221;vc_col-lg-3 vc_col-md-4 vc_hidden-sm vc_col-xs-12 vc_hidden-xs&#8221;][\/vc_column][vc_column css=&#8221;.vc_custom_1494321748347{background-color: #ffffff !important;}&#8221; offset=&#8221;vc_col-lg-9 vc_col-md-8 vc_col-xs-12&#8243;][vc_row_inner][vc_column_inner el_class=&#8221;content-headline&#8221;][vc_column_text]<\/p>\n<h1>DENKRAUM MEDIEN: Pressefreiheit in Europa?<\/h1>\n<p>[\/vc_column_text][\/vc_column_inner][\/vc_row_inner][vc_single_image image=&#8221;2907&#8243; img_size=&#8221;post-header&#8221; alignment=&#8221;center&#8221; el_class=&#8221;post-title-image&#8221;][vc_column_text]Ist in Europa die Unabh\u00e4ngigkeit von Journalistinnen und Journalisten durch direkte und indirekte Einschr\u00e4nkungen bedroht?<br \/>\nDiese Frage diskutiert die\u00a0 Friedrich-Ebert-Stiftung gemeinsam mit Interessierten am 21. M\u00e4rz 2018\u00a0 in ihrem n\u00e4chsten Veranstaltung der Reihe \u201edenkraum_medien\u201c mit Blick auf die Situation der Pressefreiheit in einigen europ\u00e4ischen Staaten.<\/p>\n<p>Galt das Ideal einer freien und unabh\u00e4ngigen Presse in gro\u00dfen Teilen des Kontinents f\u00fcr lange Zeit als beispielhaft f\u00fcr den Rest der Welt, wird auch hier zunehmend eine Gef\u00e4hrdung der Medienfreiheit durch staatliche \u00dcbergriffe wie Zensur, Strafverfahren, Zwangs\u00fcbernahmen oder ver\u00e4nderte Gesetzgebung beobachtet. Hinzu kommt wirtschaftlicher Druck etwa durch Medienkonzentration und Werbeboykotte und Druck als Folge von wachsenden \u00c4ngsten in der Bev\u00f6lkerung und sogar gewaltt\u00e4tigen \u00dcbergriffen auf Journalisten. Vorl\u00e4ufige H\u00f6hepunkte der Eskalation stellen die Morde an der investigativen Journalistin Daphne Caruana Galizia auf Malta und j\u00fcngst an dem slowakischen Journalisten J\u00e1n Kuciak dar.<\/p>\n<p>Eine der S\u00e4ulen einer von wirtschaftlichen Interessen unabh\u00e4ngigen europ\u00e4ischen Medienkultur, das System des \u00f6ffentlich-rechtlichen Rundfunks, wird in einigen L\u00e4ndern inzwischen in Frage gestellt.<\/p>\n<p>Der \u201edenkraum_medien\u201c will ein Ort sein, Mittel und Wege zu identifizieren, wie auf diese Entwicklungen Einfluss genommen werden kann, um die Grundlagen f\u00fcr freien und anspruchsvollen Journalismus zu sichern.<\/p>\n<p>Impulsvortrag: Fake-News, Rechtspopulismus, \u00f6konomischer Druck &#8211; Warum Pressefreiheit und Qualit\u00e4tsjournalismus in Europa in Gefahr sind<br \/>\nDr. Lutz Kinkel, Gesch\u00e4ftsf\u00fchrer des European Centre for Press and Media Freedom<\/p>\n<p>Podiumsdiskussion:<br \/>\nPetra Kammerevert, Mitglied des Europ\u00e4ischen Parlaments<br \/>\nJ\u00f6rg Wagner, Medienjournalist beim rbb, (\u201ePressefreiheits-Check\u201c)<br \/>\nStephan Scherzer, Hauptgesch\u00e4ftsf\u00fchrer Verband Deutscher Zeitungsverleger<br \/>\nDr. Lutz Kinkel, European Centre for Press and Media Freedom<br \/>\nModeration: Ulrike Winkelmann, Redakteurin im Deutschlandfunk<\/p>\n<p>Informationen zu der Veranstaltung finden Sie <a href=\"https:\/\/www.fes.de\/medienpolitik\/artikelseite\/denkraum-medien-gradmesser-fuer-politischen-wandel-pressefreiheit-in-europa\/\">hier.<\/a>[\/vc_column_text][\/vc_column][\/vc_row]<\/p>\n<\/div>","protected":false},"excerpt":{"rendered":"<p>[vc_row][vc_column width=&#8221;1\/3&#8243; offset=&#8221;vc_col-lg-3 vc_col-md-4 vc_hidden-sm vc_col-xs-12 vc_hidden-xs&#8221;][\/vc_column][vc_column css=&#8221;.vc_custom_1494321748347{background-color: #ffffff !important;}&#8221; offset=&#8221;vc_col-lg-9 vc_col-md-8 vc_col-xs-12&#8243;][vc_row_inner][vc_column_inner el_class=&#8221;content-headline&#8221;][vc_column_text] DENKRAUM MEDIEN: Pressefreiheit in Europa? [\/vc_column_text][\/vc_column_inner][\/vc_row_inner][vc_single_image image=&#8221;2907&#8243; img_size=&#8221;post-header&#8221; alignment=&#8221;center&#8221; el_class=&#8221;post-title-image&#8221;][vc_column_text]Ist in Europa die Unabh\u00e4ngigkeit von Journalistinnen und Journalisten durch direkte und indirekte Einschr\u00e4nkungen bedroht? Diese Frage diskutiert die\u00a0 Friedrich-Ebert-Stiftung gemeinsam mit Interessierten am 21. M\u00e4rz 2018\u00a0 in ihrem n\u00e4chsten Veranstaltung der&hellip;<\/p>\n","protected":false},"author":4,"featured_media":2987,"comment_status":"open","ping_status":"open","sticky":false,"template":"","format":"standard","meta":{"_acf_changed":false,"footnotes":""},"categories":[4,66],"tags":[],"class_list":["post-3146","post","type-post","status-publish","format-standard","hentry","category-news","category-veranstaltungen"],"acf":[],"yoast_head":"<!-- This site is optimized with the Yoast SEO plugin v24.2 - https:\/\/yoast.com\/wordpress\/plugins\/seo\/ -->\n<title>DENKRAUM MEDIEN: Pressefreiheit in Europa? - MediaPark K\u00f6ln<\/title>\n<meta name=\"robots\" content=\"index, follow, max-snippet:-1, max-image-preview:large, max-video-preview:-1\" \/>\n<link rel=\"canonical\" href=\"https:\/\/www.mediapark.de\/news\/denkraum-medien-pressefreiheit-in-europa\/\" \/>\n<meta property=\"og:locale\" content=\"en_US\" \/>\n<meta property=\"og:type\" content=\"article\" \/>\n<meta property=\"og:title\" content=\"DENKRAUM MEDIEN: Pressefreiheit in Europa? - MediaPark K\u00f6ln\" \/>\n<meta property=\"og:description\" content=\"[vc_row][vc_column width=&#8221;1\/3&#8243; offset=&#8221;vc_col-lg-3 vc_col-md-4 vc_hidden-sm vc_col-xs-12 vc_hidden-xs&#8221;][\/vc_column][vc_column css=&#8221;.vc_custom_1494321748347{background-color: #ffffff !important;}&#8221; offset=&#8221;vc_col-lg-9 vc_col-md-8 vc_col-xs-12&#8243;][vc_row_inner][vc_column_inner el_class=&#8221;content-headline&#8221;][vc_column_text] DENKRAUM MEDIEN: Pressefreiheit in Europa? [\/vc_column_text][\/vc_column_inner][\/vc_row_inner][vc_single_image image=&#8221;2907&#8243; img_size=&#8221;post-header&#8221; alignment=&#8221;center&#8221; el_class=&#8221;post-title-image&#8221;][vc_column_text]Ist in Europa die Unabh\u00e4ngigkeit von Journalistinnen und Journalisten durch direkte und indirekte Einschr\u00e4nkungen bedroht? Diese Frage diskutiert die\u00a0 Friedrich-Ebert-Stiftung gemeinsam mit Interessierten am 21. M\u00e4rz 2018\u00a0 in ihrem n\u00e4chsten Veranstaltung der&hellip;\" \/>\n<meta property=\"og:url\" content=\"https:\/\/www.mediapark.de\/news\/denkraum-medien-pressefreiheit-in-europa\/\" \/>\n<meta property=\"og:site_name\" content=\"MediaPark K\u00f6ln\" \/>\n<meta property=\"article:publisher\" content=\"http:\/\/www.facebook.com\/pages\/MediaPark\/360959134018223\" \/>\n<meta property=\"article:published_time\" content=\"2018-03-15T15:07:18+00:00\" \/>\n<meta property=\"og:image\" content=\"https:\/\/www.mediapark.de\/wp-content\/uploads\/2017\/12\/csm_171213_Studierende_8ab9e23de7.jpg\" \/>\n\t<meta property=\"og:image:width\" content=\"600\" \/>\n\t<meta property=\"og:image:height\" content=\"416\" \/>\n\t<meta property=\"og:image:type\" content=\"image\/jpeg\" \/>\n<meta name=\"author\" content=\"Kerstin Gl\u00e4ser\" \/>\n<meta name=\"twitter:card\" content=\"summary_large_image\" \/>\n<meta name=\"twitter:creator\" content=\"@MediaParkKoeln\" \/>\n<meta name=\"twitter:site\" content=\"@MediaParkKoeln\" \/>\n<meta name=\"twitter:label1\" content=\"Written by\" \/>\n\t<meta name=\"twitter:data1\" content=\"Kerstin Gl\u00e4ser\" \/>\n\t<meta name=\"twitter:label2\" content=\"Est. reading time\" \/>\n\t<meta name=\"twitter:data2\" content=\"2 minutes\" \/>\n<script type=\"application\/ld+json\" class=\"yoast-schema-graph\">{\"@context\":\"https:\/\/schema.org\",\"@graph\":[{\"@type\":\"WebPage\",\"@id\":\"https:\/\/www.mediapark.de\/news\/denkraum-medien-pressefreiheit-in-europa\/\",\"url\":\"https:\/\/www.mediapark.de\/news\/denkraum-medien-pressefreiheit-in-europa\/\",\"name\":\"DENKRAUM MEDIEN: Pressefreiheit in Europa? - MediaPark K\u00f6ln\",\"isPartOf\":{\"@id\":\"https:\/\/www.mediapark.de\/#website\"},\"primaryImageOfPage\":{\"@id\":\"https:\/\/www.mediapark.de\/news\/denkraum-medien-pressefreiheit-in-europa\/#primaryimage\"},\"image\":{\"@id\":\"https:\/\/www.mediapark.de\/news\/denkraum-medien-pressefreiheit-in-europa\/#primaryimage\"},\"thumbnailUrl\":\"https:\/\/www.mediapark.de\/wp-content\/uploads\/2017\/12\/csm_171213_Studierende_8ab9e23de7.jpg\",\"datePublished\":\"2018-03-15T15:07:18+00:00\",\"dateModified\":\"2018-03-15T15:07:18+00:00\",\"author\":{\"@id\":\"https:\/\/www.mediapark.de\/#\/schema\/person\/92e6db9dba540b232949a3d4b4b1d08c\"},\"breadcrumb\":{\"@id\":\"https:\/\/www.mediapark.de\/news\/denkraum-medien-pressefreiheit-in-europa\/#breadcrumb\"},\"inLanguage\":\"en-US\",\"potentialAction\":[{\"@type\":\"ReadAction\",\"target\":[\"https:\/\/www.mediapark.de\/news\/denkraum-medien-pressefreiheit-in-europa\/\"]}]},{\"@type\":\"ImageObject\",\"inLanguage\":\"en-US\",\"@id\":\"https:\/\/www.mediapark.de\/news\/denkraum-medien-pressefreiheit-in-europa\/#primaryimage\",\"url\":\"https:\/\/www.mediapark.de\/wp-content\/uploads\/2017\/12\/csm_171213_Studierende_8ab9e23de7.jpg\",\"contentUrl\":\"https:\/\/www.mediapark.de\/wp-content\/uploads\/2017\/12\/csm_171213_Studierende_8ab9e23de7.jpg\",\"width\":600,\"height\":416},{\"@type\":\"BreadcrumbList\",\"@id\":\"https:\/\/www.mediapark.de\/news\/denkraum-medien-pressefreiheit-in-europa\/#breadcrumb\",\"itemListElement\":[{\"@type\":\"ListItem\",\"position\":1,\"name\":\"Startseite\",\"item\":\"https:\/\/www.mediapark.de\/en\/\"},{\"@type\":\"ListItem\",\"position\":2,\"name\":\"News\",\"item\":\"https:\/\/www.mediapark.de\/category\/news\/\"},{\"@type\":\"ListItem\",\"position\":3,\"name\":\"DENKRAUM MEDIEN: Pressefreiheit in Europa?\"}]},{\"@type\":\"WebSite\",\"@id\":\"https:\/\/www.mediapark.de\/#website\",\"url\":\"https:\/\/www.mediapark.de\/\",\"name\":\"MediaPark K\u00f6ln\",\"description\":\"\",\"potentialAction\":[{\"@type\":\"SearchAction\",\"target\":{\"@type\":\"EntryPoint\",\"urlTemplate\":\"https:\/\/www.mediapark.de\/?s={search_term_string}\"},\"query-input\":{\"@type\":\"PropertyValueSpecification\",\"valueRequired\":true,\"valueName\":\"search_term_string\"}}],\"inLanguage\":\"en-US\"},{\"@type\":\"Person\",\"@id\":\"https:\/\/www.mediapark.de\/#\/schema\/person\/92e6db9dba540b232949a3d4b4b1d08c\",\"name\":\"Kerstin Gl\u00e4ser\",\"image\":{\"@type\":\"ImageObject\",\"inLanguage\":\"en-US\",\"@id\":\"https:\/\/www.mediapark.de\/#\/schema\/person\/image\/\",\"url\":\"https:\/\/secure.gravatar.com\/avatar\/74f03c6d635c01fda8f99026ceb3adee?s=96&d=mm&r=g\",\"contentUrl\":\"https:\/\/secure.gravatar.com\/avatar\/74f03c6d635c01fda8f99026ceb3adee?s=96&d=mm&r=g\",\"caption\":\"Kerstin Gl\u00e4ser\"},\"url\":\"https:\/\/www.mediapark.de\/en\/author\/k_glaeser\/\"}]}<\/script>\n<!-- \/ Yoast SEO plugin. -->","yoast_head_json":{"title":"DENKRAUM MEDIEN: Pressefreiheit in Europa? - MediaPark K\u00f6ln","robots":{"index":"index","follow":"follow","max-snippet":"max-snippet:-1","max-image-preview":"max-image-preview:large","max-video-preview":"max-video-preview:-1"},"canonical":"https:\/\/www.mediapark.de\/news\/denkraum-medien-pressefreiheit-in-europa\/","og_locale":"en_US","og_type":"article","og_title":"DENKRAUM MEDIEN: Pressefreiheit in Europa? - MediaPark K\u00f6ln","og_description":"[vc_row][vc_column width=&#8221;1\/3&#8243; offset=&#8221;vc_col-lg-3 vc_col-md-4 vc_hidden-sm vc_col-xs-12 vc_hidden-xs&#8221;][\/vc_column][vc_column css=&#8221;.vc_custom_1494321748347{background-color: #ffffff !important;}&#8221; offset=&#8221;vc_col-lg-9 vc_col-md-8 vc_col-xs-12&#8243;][vc_row_inner][vc_column_inner el_class=&#8221;content-headline&#8221;][vc_column_text] DENKRAUM MEDIEN: Pressefreiheit in Europa? [\/vc_column_text][\/vc_column_inner][\/vc_row_inner][vc_single_image image=&#8221;2907&#8243; img_size=&#8221;post-header&#8221; alignment=&#8221;center&#8221; el_class=&#8221;post-title-image&#8221;][vc_column_text]Ist in Europa die Unabh\u00e4ngigkeit von Journalistinnen und Journalisten durch direkte und indirekte Einschr\u00e4nkungen bedroht? Diese Frage diskutiert die\u00a0 Friedrich-Ebert-Stiftung gemeinsam mit Interessierten am 21. M\u00e4rz 2018\u00a0 in ihrem n\u00e4chsten Veranstaltung der&hellip;","og_url":"https:\/\/www.mediapark.de\/news\/denkraum-medien-pressefreiheit-in-europa\/","og_site_name":"MediaPark K\u00f6ln","article_publisher":"http:\/\/www.facebook.com\/pages\/MediaPark\/360959134018223","article_published_time":"2018-03-15T15:07:18+00:00","og_image":[{"width":600,"height":416,"url":"https:\/\/www.mediapark.de\/wp-content\/uploads\/2017\/12\/csm_171213_Studierende_8ab9e23de7.jpg","type":"image\/jpeg"}],"author":"Kerstin Gl\u00e4ser","twitter_card":"summary_large_image","twitter_creator":"@MediaParkKoeln","twitter_site":"@MediaParkKoeln","twitter_misc":{"Written by":"Kerstin Gl\u00e4ser","Est. reading time":"2 minutes"},"schema":{"@context":"https:\/\/schema.org","@graph":[{"@type":"WebPage","@id":"https:\/\/www.mediapark.de\/news\/denkraum-medien-pressefreiheit-in-europa\/","url":"https:\/\/www.mediapark.de\/news\/denkraum-medien-pressefreiheit-in-europa\/","name":"DENKRAUM MEDIEN: Pressefreiheit in Europa? - MediaPark K\u00f6ln","isPartOf":{"@id":"https:\/\/www.mediapark.de\/#website"},"primaryImageOfPage":{"@id":"https:\/\/www.mediapark.de\/news\/denkraum-medien-pressefreiheit-in-europa\/#primaryimage"},"image":{"@id":"https:\/\/www.mediapark.de\/news\/denkraum-medien-pressefreiheit-in-europa\/#primaryimage"},"thumbnailUrl":"https:\/\/www.mediapark.de\/wp-content\/uploads\/2017\/12\/csm_171213_Studierende_8ab9e23de7.jpg","datePublished":"2018-03-15T15:07:18+00:00","dateModified":"2018-03-15T15:07:18+00:00","author":{"@id":"https:\/\/www.mediapark.de\/#\/schema\/person\/92e6db9dba540b232949a3d4b4b1d08c"},"breadcrumb":{"@id":"https:\/\/www.mediapark.de\/news\/denkraum-medien-pressefreiheit-in-europa\/#breadcrumb"},"inLanguage":"en-US","potentialAction":[{"@type":"ReadAction","target":["https:\/\/www.mediapark.de\/news\/denkraum-medien-pressefreiheit-in-europa\/"]}]},{"@type":"ImageObject","inLanguage":"en-US","@id":"https:\/\/www.mediapark.de\/news\/denkraum-medien-pressefreiheit-in-europa\/#primaryimage","url":"https:\/\/www.mediapark.de\/wp-content\/uploads\/2017\/12\/csm_171213_Studierende_8ab9e23de7.jpg","contentUrl":"https:\/\/www.mediapark.de\/wp-content\/uploads\/2017\/12\/csm_171213_Studierende_8ab9e23de7.jpg","width":600,"height":416},{"@type":"BreadcrumbList","@id":"https:\/\/www.mediapark.de\/news\/denkraum-medien-pressefreiheit-in-europa\/#breadcrumb","itemListElement":[{"@type":"ListItem","position":1,"name":"Startseite","item":"https:\/\/www.mediapark.de\/en\/"},{"@type":"ListItem","position":2,"name":"News","item":"https:\/\/www.mediapark.de\/category\/news\/"},{"@type":"ListItem","position":3,"name":"DENKRAUM MEDIEN: Pressefreiheit in Europa?"}]},{"@type":"WebSite","@id":"https:\/\/www.mediapark.de\/#website","url":"https:\/\/www.mediapark.de\/","name":"MediaPark K\u00f6ln","description":"","potentialAction":[{"@type":"SearchAction","target":{"@type":"EntryPoint","urlTemplate":"https:\/\/www.mediapark.de\/?s={search_term_string}"},"query-input":{"@type":"PropertyValueSpecification","valueRequired":true,"valueName":"search_term_string"}}],"inLanguage":"en-US"},{"@type":"Person","@id":"https:\/\/www.mediapark.de\/#\/schema\/person\/92e6db9dba540b232949a3d4b4b1d08c","name":"Kerstin Gl\u00e4ser","image":{"@type":"ImageObject","inLanguage":"en-US","@id":"https:\/\/www.mediapark.de\/#\/schema\/person\/image\/","url":"https:\/\/secure.gravatar.com\/avatar\/74f03c6d635c01fda8f99026ceb3adee?s=96&d=mm&r=g","contentUrl":"https:\/\/secure.gravatar.com\/avatar\/74f03c6d635c01fda8f99026ceb3adee?s=96&d=mm&r=g","caption":"Kerstin Gl\u00e4ser"},"url":"https:\/\/www.mediapark.de\/en\/author\/k_glaeser\/"}]}},"_links":{"self":[{"href":"https:\/\/www.mediapark.de\/en\/wp-json\/wp\/v2\/posts\/3146","targetHints":{"allow":["GET"]}}],"collection":[{"href":"https:\/\/www.mediapark.de\/en\/wp-json\/wp\/v2\/posts"}],"about":[{"href":"https:\/\/www.mediapark.de\/en\/wp-json\/wp\/v2\/types\/post"}],"author":[{"embeddable":true,"href":"https:\/\/www.mediapark.de\/en\/wp-json\/wp\/v2\/users\/4"}],"replies":[{"embeddable":true,"href":"https:\/\/www.mediapark.de\/en\/wp-json\/wp\/v2\/comments?post=3146"}],"version-history":[{"count":3,"href":"https:\/\/www.mediapark.de\/en\/wp-json\/wp\/v2\/posts\/3146\/revisions"}],"predecessor-version":[{"id":3149,"href":"https:\/\/www.mediapark.de\/en\/wp-json\/wp\/v2\/posts\/3146\/revisions\/3149"}],"wp:featuredmedia":[{"embeddable":true,"href":"https:\/\/www.mediapark.de\/en\/wp-json\/wp\/v2\/media\/2987"}],"wp:attachment":[{"href":"https:\/\/www.mediapark.de\/en\/wp-json\/wp\/v2\/media?parent=3146"}],"wp:term":[{"taxonomy":"category","embeddable":true,"href":"https:\/\/www.mediapark.de\/en\/wp-json\/wp\/v2\/categories?post=3146"},{"taxonomy":"post_tag","embeddable":true,"href":"https:\/\/www.mediapark.de\/en\/wp-json\/wp\/v2\/tags?post=3146"}],"curies":[{"name":"wp","href":"https:\/\/api.w.org\/{rel}","templated":true}]}}