{"id":3410,"date":"2018-04-16T13:41:59","date_gmt":"2018-04-16T11:41:59","guid":{"rendered":"http:\/\/www.mediapark.de\/?p=3410\/"},"modified":"2018-04-16T13:41:59","modified_gmt":"2018-04-16T11:41:59","slug":"mit-dem-bus-zum-traumjob-dumont-rheinland-geht-in-die-ausbildungsoffensive","status":"publish","type":"post","link":"https:\/\/www.mediapark.de\/en\/news\/mit-dem-bus-zum-traumjob-dumont-rheinland-geht-in-die-ausbildungsoffensive\/","title":{"rendered":"Mit dem Bus zum Traumjob \u2013 DuMont Rheinland geht in die Ausbildungsoffensive"},"content":{"rendered":"<div class=\"wpb-content-wrapper\"><p>[vc_row][vc_column width=&#8221;1\/3&#8243; offset=&#8221;vc_col-lg-3 vc_col-md-4 vc_hidden-sm vc_col-xs-12 vc_hidden-xs&#8221;][\/vc_column][vc_column css=&#8221;.vc_custom_1494321748347{background-color: #ffffff !important;}&#8221; offset=&#8221;vc_col-lg-9 vc_col-md-8 vc_col-xs-12&#8243;][vc_row_inner][vc_column_inner el_class=&#8221;content-headline&#8221;][vc_column_text]<\/p>\n<h1>Mit dem Bus zum Traumjob \u2013 DuMont Rheinland geht in die Ausbildungsoffensive<\/h1>\n<p>[\/vc_column_text][\/vc_column_inner][\/vc_row_inner][vc_single_image image=&#8221;3411&#8243; img_size=&#8221;post-header&#8221; alignment=&#8221;center&#8221; el_class=&#8221;post-title-image&#8221;][vc_column_text]<\/p>\n<p class=\"bodytext\">Am 26. und 27.04. von jeweils 15 \u2013 19 Uhr pr\u00e4sentiert sich YourStart in einem VW-Bulli im Mediapark, um Schulabg\u00e4ngern von morgen ihre Perspektiven in Ausbildungsberufen und dualen Studieng\u00e4ngen aufzuzeigen.<\/p>\n<p class=\"bodytext\">Die im Bulli integrierte Fotobox bietet den Sch\u00fclern und Sch\u00fclerinnen die M\u00f6glichkeit kostenlos (Bewerbungs-)Fotos und \u2013Videos zu erstellen.<\/p>\n<p class=\"bodytext\">Mit wechselnden Hintergr\u00fcnden, Musik und einer Socialmedia Anbindung zu diversen Kan\u00e4len kommt trotz des sachlichen Hintergrundes auch der Spa\u00df nicht zu kurz.<\/p>\n<p class=\"bodytext\">Die Aktion ist Teil der Ausbildungsoffensive, eine Initiative des Medienhauses DuMont Rheinland. Zusammen mit Partnern bietet das Medienhaus in den kommenden drei Jahren umfassende Informationsm\u00f6glichkeiten und breit gef\u00e4cherte neue und existierende Aktionen zu Ausbildungsberufen und Karriere- und Aufstiegschancen f\u00fcr Sch\u00fclerinnen und Sch\u00fcler in der Region.<\/p>\n<p class=\"bodytext\">Weitere Informationen finden Sie <a href=\"https:\/\/www.yourstart.de\/blog\/beitrag\/1076-die-yourstart-fotoaktion\">hier.<\/a><br \/>\n<a href=\"http:\/\/www.deutschepost-ladiesrun.de\/staedte\/koeln\/\" target=\"_blank\" rel=\"noopener noreferrer\"><br \/>\n<\/a><\/p>\n<p>[\/vc_column_text][\/vc_column][\/vc_row]<\/p>\n<\/div>","protected":false},"excerpt":{"rendered":"<p>[vc_row][vc_column width=&#8221;1\/3&#8243; offset=&#8221;vc_col-lg-3 vc_col-md-4 vc_hidden-sm vc_col-xs-12 vc_hidden-xs&#8221;][\/vc_column][vc_column css=&#8221;.vc_custom_1494321748347{background-color: #ffffff !important;}&#8221; offset=&#8221;vc_col-lg-9 vc_col-md-8 vc_col-xs-12&#8243;][vc_row_inner][vc_column_inner el_class=&#8221;content-headline&#8221;][vc_column_text] Mit dem Bus zum Traumjob \u2013 DuMont Rheinland geht in die Ausbildungsoffensive [\/vc_column_text][\/vc_column_inner][\/vc_row_inner][vc_single_image image=&#8221;3411&#8243; img_size=&#8221;post-header&#8221; alignment=&#8221;center&#8221; el_class=&#8221;post-title-image&#8221;][vc_column_text] Am 26. und 27.04. von jeweils 15 \u2013 19 Uhr pr\u00e4sentiert sich YourStart in einem VW-Bulli im Mediapark, um Schulabg\u00e4ngern von morgen ihre Perspektiven&hellip;<\/p>\n","protected":false},"author":1,"featured_media":3411,"comment_status":"open","ping_status":"open","sticky":false,"template":"","format":"standard","meta":{"_acf_changed":false,"footnotes":""},"categories":[4],"tags":[],"class_list":["post-3410","post","type-post","status-publish","format-standard","hentry","category-news"],"acf":[],"yoast_head":"<!-- This site is optimized with the Yoast SEO plugin v24.2 - https:\/\/yoast.com\/wordpress\/plugins\/seo\/ -->\n<title>Mit dem Bus zum Traumjob \u2013 DuMont Rheinland geht in die Ausbildungsoffensive - MediaPark K\u00f6ln<\/title>\n<meta name=\"robots\" content=\"index, follow, max-snippet:-1, max-image-preview:large, max-video-preview:-1\" \/>\n<link rel=\"canonical\" href=\"https:\/\/www.mediapark.de\/news\/mit-dem-bus-zum-traumjob-dumont-rheinland-geht-in-die-ausbildungsoffensive\/\" \/>\n<meta property=\"og:locale\" content=\"en_US\" \/>\n<meta property=\"og:type\" content=\"article\" \/>\n<meta property=\"og:title\" content=\"Mit dem Bus zum Traumjob \u2013 DuMont Rheinland geht in die Ausbildungsoffensive - MediaPark K\u00f6ln\" \/>\n<meta property=\"og:description\" content=\"[vc_row][vc_column width=&#8221;1\/3&#8243; offset=&#8221;vc_col-lg-3 vc_col-md-4 vc_hidden-sm vc_col-xs-12 vc_hidden-xs&#8221;][\/vc_column][vc_column css=&#8221;.vc_custom_1494321748347{background-color: #ffffff !important;}&#8221; offset=&#8221;vc_col-lg-9 vc_col-md-8 vc_col-xs-12&#8243;][vc_row_inner][vc_column_inner el_class=&#8221;content-headline&#8221;][vc_column_text] Mit dem Bus zum Traumjob \u2013 DuMont Rheinland geht in die Ausbildungsoffensive [\/vc_column_text][\/vc_column_inner][\/vc_row_inner][vc_single_image image=&#8221;3411&#8243; img_size=&#8221;post-header&#8221; alignment=&#8221;center&#8221; el_class=&#8221;post-title-image&#8221;][vc_column_text] Am 26. und 27.04. von jeweils 15 \u2013 19 Uhr pr\u00e4sentiert sich YourStart in einem VW-Bulli im Mediapark, um Schulabg\u00e4ngern von morgen ihre Perspektiven&hellip;\" \/>\n<meta property=\"og:url\" content=\"https:\/\/www.mediapark.de\/news\/mit-dem-bus-zum-traumjob-dumont-rheinland-geht-in-die-ausbildungsoffensive\/\" \/>\n<meta property=\"og:site_name\" content=\"MediaPark K\u00f6ln\" \/>\n<meta property=\"article:publisher\" content=\"http:\/\/www.facebook.com\/pages\/MediaPark\/360959134018223\" \/>\n<meta property=\"article:published_time\" content=\"2018-04-16T11:41:59+00:00\" \/>\n<meta property=\"og:image\" content=\"https:\/\/www.mediapark.de\/wp-content\/uploads\/2018\/04\/YourStart-Fotoaktion_E-1-e1523878903192.jpg\" \/>\n\t<meta property=\"og:image:width\" content=\"654\" \/>\n\t<meta property=\"og:image:height\" content=\"436\" \/>\n\t<meta property=\"og:image:type\" content=\"image\/jpeg\" \/>\n<meta name=\"author\" content=\"millepondo\" \/>\n<meta name=\"twitter:card\" content=\"summary_large_image\" \/>\n<meta name=\"twitter:creator\" content=\"@MediaParkKoeln\" \/>\n<meta name=\"twitter:site\" content=\"@MediaParkKoeln\" \/>\n<meta name=\"twitter:label1\" content=\"Written by\" \/>\n\t<meta name=\"twitter:data1\" content=\"millepondo\" \/>\n\t<meta name=\"twitter:label2\" content=\"Est. reading time\" \/>\n\t<meta name=\"twitter:data2\" content=\"1 minute\" \/>\n<script type=\"application\/ld+json\" class=\"yoast-schema-graph\">{\"@context\":\"https:\/\/schema.org\",\"@graph\":[{\"@type\":\"WebPage\",\"@id\":\"https:\/\/www.mediapark.de\/news\/mit-dem-bus-zum-traumjob-dumont-rheinland-geht-in-die-ausbildungsoffensive\/\",\"url\":\"https:\/\/www.mediapark.de\/news\/mit-dem-bus-zum-traumjob-dumont-rheinland-geht-in-die-ausbildungsoffensive\/\",\"name\":\"Mit dem Bus zum Traumjob \u2013 DuMont Rheinland geht in die Ausbildungsoffensive - MediaPark K\u00f6ln\",\"isPartOf\":{\"@id\":\"https:\/\/www.mediapark.de\/#website\"},\"primaryImageOfPage\":{\"@id\":\"https:\/\/www.mediapark.de\/news\/mit-dem-bus-zum-traumjob-dumont-rheinland-geht-in-die-ausbildungsoffensive\/#primaryimage\"},\"image\":{\"@id\":\"https:\/\/www.mediapark.de\/news\/mit-dem-bus-zum-traumjob-dumont-rheinland-geht-in-die-ausbildungsoffensive\/#primaryimage\"},\"thumbnailUrl\":\"https:\/\/www.mediapark.de\/wp-content\/uploads\/2018\/04\/YourStart-Fotoaktion_E-1-e1523878903192.jpg\",\"datePublished\":\"2018-04-16T11:41:59+00:00\",\"dateModified\":\"2018-04-16T11:41:59+00:00\",\"author\":{\"@id\":\"https:\/\/www.mediapark.de\/#\/schema\/person\/59f872bea4e3ab8734c0b0575b2c6403\"},\"breadcrumb\":{\"@id\":\"https:\/\/www.mediapark.de\/news\/mit-dem-bus-zum-traumjob-dumont-rheinland-geht-in-die-ausbildungsoffensive\/#breadcrumb\"},\"inLanguage\":\"en-US\",\"potentialAction\":[{\"@type\":\"ReadAction\",\"target\":[\"https:\/\/www.mediapark.de\/news\/mit-dem-bus-zum-traumjob-dumont-rheinland-geht-in-die-ausbildungsoffensive\/\"]}]},{\"@type\":\"ImageObject\",\"inLanguage\":\"en-US\",\"@id\":\"https:\/\/www.mediapark.de\/news\/mit-dem-bus-zum-traumjob-dumont-rheinland-geht-in-die-ausbildungsoffensive\/#primaryimage\",\"url\":\"https:\/\/www.mediapark.de\/wp-content\/uploads\/2018\/04\/YourStart-Fotoaktion_E-1-e1523878903192.jpg\",\"contentUrl\":\"https:\/\/www.mediapark.de\/wp-content\/uploads\/2018\/04\/YourStart-Fotoaktion_E-1-e1523878903192.jpg\",\"width\":654,\"height\":436},{\"@type\":\"BreadcrumbList\",\"@id\":\"https:\/\/www.mediapark.de\/news\/mit-dem-bus-zum-traumjob-dumont-rheinland-geht-in-die-ausbildungsoffensive\/#breadcrumb\",\"itemListElement\":[{\"@type\":\"ListItem\",\"position\":1,\"name\":\"Startseite\",\"item\":\"https:\/\/www.mediapark.de\/en\/\"},{\"@type\":\"ListItem\",\"position\":2,\"name\":\"News\",\"item\":\"https:\/\/www.mediapark.de\/category\/news\/\"},{\"@type\":\"ListItem\",\"position\":3,\"name\":\"Mit dem Bus zum Traumjob \u2013 DuMont Rheinland geht in die Ausbildungsoffensive\"}]},{\"@type\":\"WebSite\",\"@id\":\"https:\/\/www.mediapark.de\/#website\",\"url\":\"https:\/\/www.mediapark.de\/\",\"name\":\"MediaPark K\u00f6ln\",\"description\":\"\",\"potentialAction\":[{\"@type\":\"SearchAction\",\"target\":{\"@type\":\"EntryPoint\",\"urlTemplate\":\"https:\/\/www.mediapark.de\/?s={search_term_string}\"},\"query-input\":{\"@type\":\"PropertyValueSpecification\",\"valueRequired\":true,\"valueName\":\"search_term_string\"}}],\"inLanguage\":\"en-US\"},{\"@type\":\"Person\",\"@id\":\"https:\/\/www.mediapark.de\/#\/schema\/person\/59f872bea4e3ab8734c0b0575b2c6403\",\"name\":\"millepondo\",\"image\":{\"@type\":\"ImageObject\",\"inLanguage\":\"en-US\",\"@id\":\"https:\/\/www.mediapark.de\/#\/schema\/person\/image\/\",\"url\":\"https:\/\/secure.gravatar.com\/avatar\/35e1927038b5ffc6d60443493a583a32?s=96&d=mm&r=g\",\"contentUrl\":\"https:\/\/secure.gravatar.com\/avatar\/35e1927038b5ffc6d60443493a583a32?s=96&d=mm&r=g\",\"caption\":\"millepondo\"},\"url\":\"https:\/\/www.mediapark.de\/en\/author\/millepondo\/\"}]}<\/script>\n<!-- \/ Yoast SEO plugin. -->","yoast_head_json":{"title":"Mit dem Bus zum Traumjob \u2013 DuMont Rheinland geht in die Ausbildungsoffensive - MediaPark K\u00f6ln","robots":{"index":"index","follow":"follow","max-snippet":"max-snippet:-1","max-image-preview":"max-image-preview:large","max-video-preview":"max-video-preview:-1"},"canonical":"https:\/\/www.mediapark.de\/news\/mit-dem-bus-zum-traumjob-dumont-rheinland-geht-in-die-ausbildungsoffensive\/","og_locale":"en_US","og_type":"article","og_title":"Mit dem Bus zum Traumjob \u2013 DuMont Rheinland geht in die Ausbildungsoffensive - MediaPark K\u00f6ln","og_description":"[vc_row][vc_column width=&#8221;1\/3&#8243; offset=&#8221;vc_col-lg-3 vc_col-md-4 vc_hidden-sm vc_col-xs-12 vc_hidden-xs&#8221;][\/vc_column][vc_column css=&#8221;.vc_custom_1494321748347{background-color: #ffffff !important;}&#8221; offset=&#8221;vc_col-lg-9 vc_col-md-8 vc_col-xs-12&#8243;][vc_row_inner][vc_column_inner el_class=&#8221;content-headline&#8221;][vc_column_text] Mit dem Bus zum Traumjob \u2013 DuMont Rheinland geht in die Ausbildungsoffensive [\/vc_column_text][\/vc_column_inner][\/vc_row_inner][vc_single_image image=&#8221;3411&#8243; img_size=&#8221;post-header&#8221; alignment=&#8221;center&#8221; el_class=&#8221;post-title-image&#8221;][vc_column_text] Am 26. und 27.04. von jeweils 15 \u2013 19 Uhr pr\u00e4sentiert sich YourStart in einem VW-Bulli im Mediapark, um Schulabg\u00e4ngern von morgen ihre Perspektiven&hellip;","og_url":"https:\/\/www.mediapark.de\/news\/mit-dem-bus-zum-traumjob-dumont-rheinland-geht-in-die-ausbildungsoffensive\/","og_site_name":"MediaPark K\u00f6ln","article_publisher":"http:\/\/www.facebook.com\/pages\/MediaPark\/360959134018223","article_published_time":"2018-04-16T11:41:59+00:00","og_image":[{"width":654,"height":436,"url":"https:\/\/www.mediapark.de\/wp-content\/uploads\/2018\/04\/YourStart-Fotoaktion_E-1-e1523878903192.jpg","type":"image\/jpeg"}],"author":"millepondo","twitter_card":"summary_large_image","twitter_creator":"@MediaParkKoeln","twitter_site":"@MediaParkKoeln","twitter_misc":{"Written by":"millepondo","Est. reading time":"1 minute"},"schema":{"@context":"https:\/\/schema.org","@graph":[{"@type":"WebPage","@id":"https:\/\/www.mediapark.de\/news\/mit-dem-bus-zum-traumjob-dumont-rheinland-geht-in-die-ausbildungsoffensive\/","url":"https:\/\/www.mediapark.de\/news\/mit-dem-bus-zum-traumjob-dumont-rheinland-geht-in-die-ausbildungsoffensive\/","name":"Mit dem Bus zum Traumjob \u2013 DuMont Rheinland geht in die Ausbildungsoffensive - MediaPark K\u00f6ln","isPartOf":{"@id":"https:\/\/www.mediapark.de\/#website"},"primaryImageOfPage":{"@id":"https:\/\/www.mediapark.de\/news\/mit-dem-bus-zum-traumjob-dumont-rheinland-geht-in-die-ausbildungsoffensive\/#primaryimage"},"image":{"@id":"https:\/\/www.mediapark.de\/news\/mit-dem-bus-zum-traumjob-dumont-rheinland-geht-in-die-ausbildungsoffensive\/#primaryimage"},"thumbnailUrl":"https:\/\/www.mediapark.de\/wp-content\/uploads\/2018\/04\/YourStart-Fotoaktion_E-1-e1523878903192.jpg","datePublished":"2018-04-16T11:41:59+00:00","dateModified":"2018-04-16T11:41:59+00:00","author":{"@id":"https:\/\/www.mediapark.de\/#\/schema\/person\/59f872bea4e3ab8734c0b0575b2c6403"},"breadcrumb":{"@id":"https:\/\/www.mediapark.de\/news\/mit-dem-bus-zum-traumjob-dumont-rheinland-geht-in-die-ausbildungsoffensive\/#breadcrumb"},"inLanguage":"en-US","potentialAction":[{"@type":"ReadAction","target":["https:\/\/www.mediapark.de\/news\/mit-dem-bus-zum-traumjob-dumont-rheinland-geht-in-die-ausbildungsoffensive\/"]}]},{"@type":"ImageObject","inLanguage":"en-US","@id":"https:\/\/www.mediapark.de\/news\/mit-dem-bus-zum-traumjob-dumont-rheinland-geht-in-die-ausbildungsoffensive\/#primaryimage","url":"https:\/\/www.mediapark.de\/wp-content\/uploads\/2018\/04\/YourStart-Fotoaktion_E-1-e1523878903192.jpg","contentUrl":"https:\/\/www.mediapark.de\/wp-content\/uploads\/2018\/04\/YourStart-Fotoaktion_E-1-e1523878903192.jpg","width":654,"height":436},{"@type":"BreadcrumbList","@id":"https:\/\/www.mediapark.de\/news\/mit-dem-bus-zum-traumjob-dumont-rheinland-geht-in-die-ausbildungsoffensive\/#breadcrumb","itemListElement":[{"@type":"ListItem","position":1,"name":"Startseite","item":"https:\/\/www.mediapark.de\/en\/"},{"@type":"ListItem","position":2,"name":"News","item":"https:\/\/www.mediapark.de\/category\/news\/"},{"@type":"ListItem","position":3,"name":"Mit dem Bus zum Traumjob \u2013 DuMont Rheinland geht in die Ausbildungsoffensive"}]},{"@type":"WebSite","@id":"https:\/\/www.mediapark.de\/#website","url":"https:\/\/www.mediapark.de\/","name":"MediaPark K\u00f6ln","description":"","potentialAction":[{"@type":"SearchAction","target":{"@type":"EntryPoint","urlTemplate":"https:\/\/www.mediapark.de\/?s={search_term_string}"},"query-input":{"@type":"PropertyValueSpecification","valueRequired":true,"valueName":"search_term_string"}}],"inLanguage":"en-US"},{"@type":"Person","@id":"https:\/\/www.mediapark.de\/#\/schema\/person\/59f872bea4e3ab8734c0b0575b2c6403","name":"millepondo","image":{"@type":"ImageObject","inLanguage":"en-US","@id":"https:\/\/www.mediapark.de\/#\/schema\/person\/image\/","url":"https:\/\/secure.gravatar.com\/avatar\/35e1927038b5ffc6d60443493a583a32?s=96&d=mm&r=g","contentUrl":"https:\/\/secure.gravatar.com\/avatar\/35e1927038b5ffc6d60443493a583a32?s=96&d=mm&r=g","caption":"millepondo"},"url":"https:\/\/www.mediapark.de\/en\/author\/millepondo\/"}]}},"_links":{"self":[{"href":"https:\/\/www.mediapark.de\/en\/wp-json\/wp\/v2\/posts\/3410","targetHints":{"allow":["GET"]}}],"collection":[{"href":"https:\/\/www.mediapark.de\/en\/wp-json\/wp\/v2\/posts"}],"about":[{"href":"https:\/\/www.mediapark.de\/en\/wp-json\/wp\/v2\/types\/post"}],"author":[{"embeddable":true,"href":"https:\/\/www.mediapark.de\/en\/wp-json\/wp\/v2\/users\/1"}],"replies":[{"embeddable":true,"href":"https:\/\/www.mediapark.de\/en\/wp-json\/wp\/v2\/comments?post=3410"}],"version-history":[{"count":1,"href":"https:\/\/www.mediapark.de\/en\/wp-json\/wp\/v2\/posts\/3410\/revisions"}],"predecessor-version":[{"id":3415,"href":"https:\/\/www.mediapark.de\/en\/wp-json\/wp\/v2\/posts\/3410\/revisions\/3415"}],"wp:featuredmedia":[{"embeddable":true,"href":"https:\/\/www.mediapark.de\/en\/wp-json\/wp\/v2\/media\/3411"}],"wp:attachment":[{"href":"https:\/\/www.mediapark.de\/en\/wp-json\/wp\/v2\/media?parent=3410"}],"wp:term":[{"taxonomy":"category","embeddable":true,"href":"https:\/\/www.mediapark.de\/en\/wp-json\/wp\/v2\/categories?post=3410"},{"taxonomy":"post_tag","embeddable":true,"href":"https:\/\/www.mediapark.de\/en\/wp-json\/wp\/v2\/tags?post=3410"}],"curies":[{"name":"wp","href":"https:\/\/api.w.org\/{rel}","templated":true}]}}