{"id":3606,"date":"2018-06-22T10:14:21","date_gmt":"2018-06-22T08:14:21","guid":{"rendered":"https:\/\/www.mediapark.de\/?p=3606"},"modified":"2018-06-22T10:52:19","modified_gmt":"2018-06-22T08:52:19","slug":"deutsch-hollaendischer-stoffmarkt-zu-gast-im-mediapark","status":"publish","type":"post","link":"https:\/\/www.mediapark.de\/en\/news\/deutsch-hollaendischer-stoffmarkt-zu-gast-im-mediapark\/","title":{"rendered":"Deutsch-Holl\u00e4ndischer Stoffmarkt zu Gast Im MediaPark"},"content":{"rendered":"<div class=\"wpb-content-wrapper\"><p>[vc_row][vc_column width=&#8221;1\/3&#8243; offset=&#8221;vc_col-lg-3 vc_col-md-4 vc_hidden-sm vc_col-xs-12 vc_hidden-xs&#8221;][\/vc_column][vc_column css=&#8221;.vc_custom_1494321748347{background-color: #ffffff !important;}&#8221; offset=&#8221;vc_col-lg-9 vc_col-md-8 vc_col-xs-12&#8243;][vc_row_inner][vc_column_inner el_class=&#8221;content-headline&#8221;][vc_column_text]<\/p>\n<h1>Deutsch-Holl\u00e4ndischer Stoffmarkt zu Gast Im MediaPark<\/h1>\n<p>[\/vc_column_text][\/vc_column_inner][\/vc_row_inner][vc_single_image image=&#8221;3633&#8243; img_size=&#8221;post-header&#8221; alignment=&#8221;center&#8221; el_class=&#8221;post-title-image&#8221;][vc_column_text]Am 7. Juli ist der Deutsch-Holl\u00e4ndische Stoffmarkt erneut zu Gast im MediaPark.<\/p>\n<p>Wenn Sie gerne mit Nadel und Faden umgehen, finden Sie an bis zu 100 St\u00e4nden eine kaum \u00fcberschaubare Vielfalt von Stoffen und Zubeh\u00f6r. Gleichg\u00fcltig ob Sie Kinderkleidung oder ein exklusives Kost\u00fcm n\u00e4hen, Polsterm\u00f6beln einen neuen Look verpassen oder die Fensterdekoration auf einen modischen Stand bringen m\u00f6chten- der Deutsch-Holl\u00e4ndische Stoffmarkt bietet die Gelegenheit dazu.<\/p>\n<p>Kleider-, Kinder-, Gardinen-, M\u00f6bel- oder Dekostoffe gibt es zu bestaunen und zu kaufen. Auch die Patchwork-Stoffe, Samt, Seide oder Leinen sind vertreten. Kurzwaren, Schnittmuster, Angebote f\u00fcr N\u00e4hkurse und \u00e4hnliches runden das Angebot ab. Manche H\u00e4ndler haben allein mehr als 10 km Stoff im Gep\u00e4ck. Ein gro\u00dfer Kurzwarenh\u00e4ndler bietet neben tausenden von Kn\u00f6pfen, hunderten Garnrollen und Kilometern von Borten und Bord\u00fcren zus\u00e4tzlich die Auswahl von mehr als 25.000 Rei\u00dfverschl\u00fcssen.<\/p>\n<p>Auch wenn Sie vielleicht noch nicht zu den Stoffenthusiasten z\u00e4hlen, werden Sie schnell von der besonderen Atmosph\u00e4re dieses Marktes gefangen genommen. Der Deutsch-Holl\u00e4ndische Stoffmarkt hat schon durch sein \u00e4u\u00dferes Erscheinungsbild ein Flair, das die Besucher schnell in seinen Bann zieht. Nicht nur die schier endlose Vielfalt von Mustern und Farben, sondern auch die ungewohnte Gestaltung einiger St\u00e4nde tr\u00e4gt hierzu bei. Manche St\u00e4nde sind so mit Stoffen verh\u00fcllt, dass man sich den Kontakt zu einem Verk\u00e4ufer regelrecht \u201ebahnen\u201c muss. Ist der Kontakt erst einmal hergestellt, werden Sie nett und zuvorkommend beraten- oft mit holl\u00e4ndischem Zungenschlag.<\/p>\n<p>Weitere Informationen finden Sie <a href=\"https:\/\/stoffmarkt-expo.de\/\">hier.<\/a>[\/vc_column_text][\/vc_column][\/vc_row]<\/p>\n<\/div>","protected":false},"excerpt":{"rendered":"<p>[vc_row][vc_column width=&#8221;1\/3&#8243; offset=&#8221;vc_col-lg-3 vc_col-md-4 vc_hidden-sm vc_col-xs-12 vc_hidden-xs&#8221;][\/vc_column][vc_column css=&#8221;.vc_custom_1494321748347{background-color: #ffffff !important;}&#8221; offset=&#8221;vc_col-lg-9 vc_col-md-8 vc_col-xs-12&#8243;][vc_row_inner][vc_column_inner el_class=&#8221;content-headline&#8221;][vc_column_text] Deutsch-Holl\u00e4ndischer Stoffmarkt zu Gast Im MediaPark [\/vc_column_text][\/vc_column_inner][\/vc_row_inner][vc_single_image image=&#8221;3633&#8243; img_size=&#8221;post-header&#8221; alignment=&#8221;center&#8221; el_class=&#8221;post-title-image&#8221;][vc_column_text]Am 7. Juli ist der Deutsch-Holl\u00e4ndische Stoffmarkt erneut zu Gast im MediaPark. Wenn Sie gerne mit Nadel und Faden umgehen, finden Sie an bis zu 100 St\u00e4nden eine kaum \u00fcberschaubare Vielfalt&hellip;<\/p>\n","protected":false},"author":5,"featured_media":3631,"comment_status":"open","ping_status":"open","sticky":false,"template":"","format":"standard","meta":{"_acf_changed":false,"footnotes":""},"categories":[4,66],"tags":[219,178,233,179,232,231,230],"class_list":["post-3606","post","type-post","status-publish","format-standard","hentry","category-news","category-veranstaltungen","tag-cologne","tag-koeln","tag-markt","tag-mediapark","tag-naehen","tag-stoffe","tag-stoffmarkt-holloendisch"],"acf":[],"yoast_head":"<!-- This site is optimized with the Yoast SEO plugin v24.2 - https:\/\/yoast.com\/wordpress\/plugins\/seo\/ -->\n<title>Deutsch-Holl\u00e4ndischer Stoffmarkt zu Gast Im MediaPark - MediaPark K\u00f6ln<\/title>\n<meta name=\"robots\" content=\"index, follow, max-snippet:-1, max-image-preview:large, max-video-preview:-1\" \/>\n<link rel=\"canonical\" href=\"https:\/\/www.mediapark.de\/news\/deutsch-hollaendischer-stoffmarkt-zu-gast-im-mediapark\/\" \/>\n<meta property=\"og:locale\" content=\"en_US\" \/>\n<meta property=\"og:type\" content=\"article\" \/>\n<meta property=\"og:title\" content=\"Deutsch-Holl\u00e4ndischer Stoffmarkt zu Gast Im MediaPark - MediaPark K\u00f6ln\" \/>\n<meta property=\"og:description\" content=\"[vc_row][vc_column width=&#8221;1\/3&#8243; offset=&#8221;vc_col-lg-3 vc_col-md-4 vc_hidden-sm vc_col-xs-12 vc_hidden-xs&#8221;][\/vc_column][vc_column css=&#8221;.vc_custom_1494321748347{background-color: #ffffff !important;}&#8221; offset=&#8221;vc_col-lg-9 vc_col-md-8 vc_col-xs-12&#8243;][vc_row_inner][vc_column_inner el_class=&#8221;content-headline&#8221;][vc_column_text] Deutsch-Holl\u00e4ndischer Stoffmarkt zu Gast Im MediaPark [\/vc_column_text][\/vc_column_inner][\/vc_row_inner][vc_single_image image=&#8221;3633&#8243; img_size=&#8221;post-header&#8221; alignment=&#8221;center&#8221; el_class=&#8221;post-title-image&#8221;][vc_column_text]Am 7. Juli ist der Deutsch-Holl\u00e4ndische Stoffmarkt erneut zu Gast im MediaPark. Wenn Sie gerne mit Nadel und Faden umgehen, finden Sie an bis zu 100 St\u00e4nden eine kaum \u00fcberschaubare Vielfalt&hellip;\" \/>\n<meta property=\"og:url\" content=\"https:\/\/www.mediapark.de\/news\/deutsch-hollaendischer-stoffmarkt-zu-gast-im-mediapark\/\" \/>\n<meta property=\"og:site_name\" content=\"MediaPark K\u00f6ln\" \/>\n<meta property=\"article:publisher\" content=\"http:\/\/www.facebook.com\/pages\/MediaPark\/360959134018223\" \/>\n<meta property=\"article:published_time\" content=\"2018-06-22T08:14:21+00:00\" \/>\n<meta property=\"article:modified_time\" content=\"2018-06-22T08:52:19+00:00\" \/>\n<meta property=\"og:image\" content=\"https:\/\/www.mediapark.de\/wp-content\/uploads\/2018\/06\/Tuchmarkt_SG.jpg\" \/>\n\t<meta property=\"og:image:width\" content=\"654\" \/>\n\t<meta property=\"og:image:height\" content=\"368\" \/>\n\t<meta property=\"og:image:type\" content=\"image\/jpeg\" \/>\n<meta name=\"author\" content=\"F_Backer\" \/>\n<meta name=\"twitter:card\" content=\"summary_large_image\" \/>\n<meta name=\"twitter:creator\" content=\"@MediaParkKoeln\" \/>\n<meta name=\"twitter:site\" content=\"@MediaParkKoeln\" \/>\n<meta name=\"twitter:label1\" content=\"Written by\" \/>\n\t<meta name=\"twitter:data1\" content=\"F_Backer\" \/>\n\t<meta name=\"twitter:label2\" content=\"Est. reading time\" \/>\n\t<meta name=\"twitter:data2\" content=\"2 minutes\" \/>\n<script type=\"application\/ld+json\" class=\"yoast-schema-graph\">{\"@context\":\"https:\/\/schema.org\",\"@graph\":[{\"@type\":\"WebPage\",\"@id\":\"https:\/\/www.mediapark.de\/news\/deutsch-hollaendischer-stoffmarkt-zu-gast-im-mediapark\/\",\"url\":\"https:\/\/www.mediapark.de\/news\/deutsch-hollaendischer-stoffmarkt-zu-gast-im-mediapark\/\",\"name\":\"Deutsch-Holl\u00e4ndischer Stoffmarkt zu Gast Im MediaPark - MediaPark K\u00f6ln\",\"isPartOf\":{\"@id\":\"https:\/\/www.mediapark.de\/#website\"},\"primaryImageOfPage\":{\"@id\":\"https:\/\/www.mediapark.de\/news\/deutsch-hollaendischer-stoffmarkt-zu-gast-im-mediapark\/#primaryimage\"},\"image\":{\"@id\":\"https:\/\/www.mediapark.de\/news\/deutsch-hollaendischer-stoffmarkt-zu-gast-im-mediapark\/#primaryimage\"},\"thumbnailUrl\":\"https:\/\/www.mediapark.de\/wp-content\/uploads\/2018\/06\/Tuchmarkt_SG.jpg\",\"datePublished\":\"2018-06-22T08:14:21+00:00\",\"dateModified\":\"2018-06-22T08:52:19+00:00\",\"author\":{\"@id\":\"https:\/\/www.mediapark.de\/#\/schema\/person\/7b6b73f6844ba2a350ba2721b95e7afb\"},\"breadcrumb\":{\"@id\":\"https:\/\/www.mediapark.de\/news\/deutsch-hollaendischer-stoffmarkt-zu-gast-im-mediapark\/#breadcrumb\"},\"inLanguage\":\"en-US\",\"potentialAction\":[{\"@type\":\"ReadAction\",\"target\":[\"https:\/\/www.mediapark.de\/news\/deutsch-hollaendischer-stoffmarkt-zu-gast-im-mediapark\/\"]}]},{\"@type\":\"ImageObject\",\"inLanguage\":\"en-US\",\"@id\":\"https:\/\/www.mediapark.de\/news\/deutsch-hollaendischer-stoffmarkt-zu-gast-im-mediapark\/#primaryimage\",\"url\":\"https:\/\/www.mediapark.de\/wp-content\/uploads\/2018\/06\/Tuchmarkt_SG.jpg\",\"contentUrl\":\"https:\/\/www.mediapark.de\/wp-content\/uploads\/2018\/06\/Tuchmarkt_SG.jpg\",\"width\":654,\"height\":368},{\"@type\":\"BreadcrumbList\",\"@id\":\"https:\/\/www.mediapark.de\/news\/deutsch-hollaendischer-stoffmarkt-zu-gast-im-mediapark\/#breadcrumb\",\"itemListElement\":[{\"@type\":\"ListItem\",\"position\":1,\"name\":\"Startseite\",\"item\":\"https:\/\/www.mediapark.de\/en\/\"},{\"@type\":\"ListItem\",\"position\":2,\"name\":\"News\",\"item\":\"https:\/\/www.mediapark.de\/category\/news\/\"},{\"@type\":\"ListItem\",\"position\":3,\"name\":\"Deutsch-Holl\u00e4ndischer Stoffmarkt zu Gast Im MediaPark\"}]},{\"@type\":\"WebSite\",\"@id\":\"https:\/\/www.mediapark.de\/#website\",\"url\":\"https:\/\/www.mediapark.de\/\",\"name\":\"MediaPark K\u00f6ln\",\"description\":\"\",\"potentialAction\":[{\"@type\":\"SearchAction\",\"target\":{\"@type\":\"EntryPoint\",\"urlTemplate\":\"https:\/\/www.mediapark.de\/?s={search_term_string}\"},\"query-input\":{\"@type\":\"PropertyValueSpecification\",\"valueRequired\":true,\"valueName\":\"search_term_string\"}}],\"inLanguage\":\"en-US\"},{\"@type\":\"Person\",\"@id\":\"https:\/\/www.mediapark.de\/#\/schema\/person\/7b6b73f6844ba2a350ba2721b95e7afb\",\"name\":\"F_Backer\",\"image\":{\"@type\":\"ImageObject\",\"inLanguage\":\"en-US\",\"@id\":\"https:\/\/www.mediapark.de\/#\/schema\/person\/image\/\",\"url\":\"https:\/\/secure.gravatar.com\/avatar\/1507d10be5b8f9d23e95e549affc76da?s=96&d=mm&r=g\",\"contentUrl\":\"https:\/\/secure.gravatar.com\/avatar\/1507d10be5b8f9d23e95e549affc76da?s=96&d=mm&r=g\",\"caption\":\"F_Backer\"},\"url\":\"https:\/\/www.mediapark.de\/en\/author\/f_backer\/\"}]}<\/script>\n<!-- \/ Yoast SEO plugin. -->","yoast_head_json":{"title":"Deutsch-Holl\u00e4ndischer Stoffmarkt zu Gast Im MediaPark - MediaPark K\u00f6ln","robots":{"index":"index","follow":"follow","max-snippet":"max-snippet:-1","max-image-preview":"max-image-preview:large","max-video-preview":"max-video-preview:-1"},"canonical":"https:\/\/www.mediapark.de\/news\/deutsch-hollaendischer-stoffmarkt-zu-gast-im-mediapark\/","og_locale":"en_US","og_type":"article","og_title":"Deutsch-Holl\u00e4ndischer Stoffmarkt zu Gast Im MediaPark - MediaPark K\u00f6ln","og_description":"[vc_row][vc_column width=&#8221;1\/3&#8243; offset=&#8221;vc_col-lg-3 vc_col-md-4 vc_hidden-sm vc_col-xs-12 vc_hidden-xs&#8221;][\/vc_column][vc_column css=&#8221;.vc_custom_1494321748347{background-color: #ffffff !important;}&#8221; offset=&#8221;vc_col-lg-9 vc_col-md-8 vc_col-xs-12&#8243;][vc_row_inner][vc_column_inner el_class=&#8221;content-headline&#8221;][vc_column_text] Deutsch-Holl\u00e4ndischer Stoffmarkt zu Gast Im MediaPark [\/vc_column_text][\/vc_column_inner][\/vc_row_inner][vc_single_image image=&#8221;3633&#8243; img_size=&#8221;post-header&#8221; alignment=&#8221;center&#8221; el_class=&#8221;post-title-image&#8221;][vc_column_text]Am 7. Juli ist der Deutsch-Holl\u00e4ndische Stoffmarkt erneut zu Gast im MediaPark. Wenn Sie gerne mit Nadel und Faden umgehen, finden Sie an bis zu 100 St\u00e4nden eine kaum \u00fcberschaubare Vielfalt&hellip;","og_url":"https:\/\/www.mediapark.de\/news\/deutsch-hollaendischer-stoffmarkt-zu-gast-im-mediapark\/","og_site_name":"MediaPark K\u00f6ln","article_publisher":"http:\/\/www.facebook.com\/pages\/MediaPark\/360959134018223","article_published_time":"2018-06-22T08:14:21+00:00","article_modified_time":"2018-06-22T08:52:19+00:00","og_image":[{"width":654,"height":368,"url":"https:\/\/www.mediapark.de\/wp-content\/uploads\/2018\/06\/Tuchmarkt_SG.jpg","type":"image\/jpeg"}],"author":"F_Backer","twitter_card":"summary_large_image","twitter_creator":"@MediaParkKoeln","twitter_site":"@MediaParkKoeln","twitter_misc":{"Written by":"F_Backer","Est. reading time":"2 minutes"},"schema":{"@context":"https:\/\/schema.org","@graph":[{"@type":"WebPage","@id":"https:\/\/www.mediapark.de\/news\/deutsch-hollaendischer-stoffmarkt-zu-gast-im-mediapark\/","url":"https:\/\/www.mediapark.de\/news\/deutsch-hollaendischer-stoffmarkt-zu-gast-im-mediapark\/","name":"Deutsch-Holl\u00e4ndischer Stoffmarkt zu Gast Im MediaPark - MediaPark K\u00f6ln","isPartOf":{"@id":"https:\/\/www.mediapark.de\/#website"},"primaryImageOfPage":{"@id":"https:\/\/www.mediapark.de\/news\/deutsch-hollaendischer-stoffmarkt-zu-gast-im-mediapark\/#primaryimage"},"image":{"@id":"https:\/\/www.mediapark.de\/news\/deutsch-hollaendischer-stoffmarkt-zu-gast-im-mediapark\/#primaryimage"},"thumbnailUrl":"https:\/\/www.mediapark.de\/wp-content\/uploads\/2018\/06\/Tuchmarkt_SG.jpg","datePublished":"2018-06-22T08:14:21+00:00","dateModified":"2018-06-22T08:52:19+00:00","author":{"@id":"https:\/\/www.mediapark.de\/#\/schema\/person\/7b6b73f6844ba2a350ba2721b95e7afb"},"breadcrumb":{"@id":"https:\/\/www.mediapark.de\/news\/deutsch-hollaendischer-stoffmarkt-zu-gast-im-mediapark\/#breadcrumb"},"inLanguage":"en-US","potentialAction":[{"@type":"ReadAction","target":["https:\/\/www.mediapark.de\/news\/deutsch-hollaendischer-stoffmarkt-zu-gast-im-mediapark\/"]}]},{"@type":"ImageObject","inLanguage":"en-US","@id":"https:\/\/www.mediapark.de\/news\/deutsch-hollaendischer-stoffmarkt-zu-gast-im-mediapark\/#primaryimage","url":"https:\/\/www.mediapark.de\/wp-content\/uploads\/2018\/06\/Tuchmarkt_SG.jpg","contentUrl":"https:\/\/www.mediapark.de\/wp-content\/uploads\/2018\/06\/Tuchmarkt_SG.jpg","width":654,"height":368},{"@type":"BreadcrumbList","@id":"https:\/\/www.mediapark.de\/news\/deutsch-hollaendischer-stoffmarkt-zu-gast-im-mediapark\/#breadcrumb","itemListElement":[{"@type":"ListItem","position":1,"name":"Startseite","item":"https:\/\/www.mediapark.de\/en\/"},{"@type":"ListItem","position":2,"name":"News","item":"https:\/\/www.mediapark.de\/category\/news\/"},{"@type":"ListItem","position":3,"name":"Deutsch-Holl\u00e4ndischer Stoffmarkt zu Gast Im MediaPark"}]},{"@type":"WebSite","@id":"https:\/\/www.mediapark.de\/#website","url":"https:\/\/www.mediapark.de\/","name":"MediaPark K\u00f6ln","description":"","potentialAction":[{"@type":"SearchAction","target":{"@type":"EntryPoint","urlTemplate":"https:\/\/www.mediapark.de\/?s={search_term_string}"},"query-input":{"@type":"PropertyValueSpecification","valueRequired":true,"valueName":"search_term_string"}}],"inLanguage":"en-US"},{"@type":"Person","@id":"https:\/\/www.mediapark.de\/#\/schema\/person\/7b6b73f6844ba2a350ba2721b95e7afb","name":"F_Backer","image":{"@type":"ImageObject","inLanguage":"en-US","@id":"https:\/\/www.mediapark.de\/#\/schema\/person\/image\/","url":"https:\/\/secure.gravatar.com\/avatar\/1507d10be5b8f9d23e95e549affc76da?s=96&d=mm&r=g","contentUrl":"https:\/\/secure.gravatar.com\/avatar\/1507d10be5b8f9d23e95e549affc76da?s=96&d=mm&r=g","caption":"F_Backer"},"url":"https:\/\/www.mediapark.de\/en\/author\/f_backer\/"}]}},"_links":{"self":[{"href":"https:\/\/www.mediapark.de\/en\/wp-json\/wp\/v2\/posts\/3606","targetHints":{"allow":["GET"]}}],"collection":[{"href":"https:\/\/www.mediapark.de\/en\/wp-json\/wp\/v2\/posts"}],"about":[{"href":"https:\/\/www.mediapark.de\/en\/wp-json\/wp\/v2\/types\/post"}],"author":[{"embeddable":true,"href":"https:\/\/www.mediapark.de\/en\/wp-json\/wp\/v2\/users\/5"}],"replies":[{"embeddable":true,"href":"https:\/\/www.mediapark.de\/en\/wp-json\/wp\/v2\/comments?post=3606"}],"version-history":[{"count":8,"href":"https:\/\/www.mediapark.de\/en\/wp-json\/wp\/v2\/posts\/3606\/revisions"}],"predecessor-version":[{"id":3636,"href":"https:\/\/www.mediapark.de\/en\/wp-json\/wp\/v2\/posts\/3606\/revisions\/3636"}],"wp:featuredmedia":[{"embeddable":true,"href":"https:\/\/www.mediapark.de\/en\/wp-json\/wp\/v2\/media\/3631"}],"wp:attachment":[{"href":"https:\/\/www.mediapark.de\/en\/wp-json\/wp\/v2\/media?parent=3606"}],"wp:term":[{"taxonomy":"category","embeddable":true,"href":"https:\/\/www.mediapark.de\/en\/wp-json\/wp\/v2\/categories?post=3606"},{"taxonomy":"post_tag","embeddable":true,"href":"https:\/\/www.mediapark.de\/en\/wp-json\/wp\/v2\/tags?post=3606"}],"curies":[{"name":"wp","href":"https:\/\/api.w.org\/{rel}","templated":true}]}}