{"id":3726,"date":"2018-08-28T10:32:32","date_gmt":"2018-08-28T08:32:32","guid":{"rendered":"https:\/\/www.mediapark.de\/?p=3726"},"modified":"2018-08-28T10:32:32","modified_gmt":"2018-08-28T08:32:32","slug":"mercedes-benz-roadshow-2018-hey-mercedes-schoen-dich-hier-zu-treffen","status":"publish","type":"post","link":"https:\/\/www.mediapark.de\/en\/news\/mercedes-benz-roadshow-2018-hey-mercedes-schoen-dich-hier-zu-treffen\/","title":{"rendered":"Mercedes-Benz Roadshow 2018: Hey Mercedes \u2013 sch\u00f6n, Dich hier zu treffen!"},"content":{"rendered":"<div class=\"wpb-content-wrapper\"><p>[vc_row][vc_column width=&#8221;1\/3&#8243; offset=&#8221;vc_col-lg-3 vc_col-md-4 vc_hidden-sm vc_col-xs-12 vc_hidden-xs&#8221;][\/vc_column][vc_column css=&#8221;.vc_custom_1494321748347{background-color: #ffffff !important;}&#8221; offset=&#8221;vc_col-lg-9 vc_col-md-8 vc_col-xs-12&#8243;][vc_row_inner][vc_column_inner el_class=&#8221;content-headline&#8221;][vc_column_text]<\/p>\n<h1>Mercedes-Benz Roadshow 2018: Hey Mercedes \u2013 sch\u00f6n, Dich hier zu treffen!<\/h1>\n<p>[\/vc_column_text][\/vc_column_inner][\/vc_row_inner][vc_single_image image=&#8221;3741&#8243; img_size=&#8221;full&#8221; alignment=&#8221;center&#8221; el_class=&#8221;post-title-image&#8221;][vc_column_text]Eine Probefahrt mit dem Wunschauto war noch nie so nah \u2013 n\u00e4mlich mitten in der eigenen Stadt, voll im Alltagsleben. Die diesj\u00e4hrige Roadshow des Mercedes-Benz Cars Vertrieb Deutschland l\u00e4dt an verschiedenen Standorten dazu ein, sich \u00fcber neue Technologien zu informieren, entspannt bei einem Kaffee zu verweilen \u2013 oder das pers\u00f6nliche Mercedes-Benz Wunschmodell unkompliziert bei einer Probefahrt zu testen. Vom 14.9. bis zum 16.09.2018 ist haben Sie die Chance, die Mercedes Roadshow im MediaPark zu besuchen.<\/p>\n<p>Im Mittelpunkt der #HeyMercedes Roadshow steht die neue Mercedes-Benz A-Klasse. Erlebbar ist der neue Star der Kompaktklasse bei der Roadshow sogar schon, bevor man einsteigt: durch die neue Augmented Reality App Mercedes cAR, die es erm\u00f6glicht, das Wunschfahrzeug lebensecht auf jedem Endger\u00e4t zu entdecken und zu konfigurieren. Auch ein spielerisch-technischer Zugang zur Elektromobilit\u00e4t er\u00f6ffnet sich auf dem Roadshow Set Up: Mittels eines \u201eElectric Dance\u201c laden die Besucher einen speziell konzipierten Raum mit Energie auf und verbinden so Spa\u00df mit informativem Input.<\/p>\n<p>Neben der neuen Mercedes-Benz A-Klasse stehen den Besuchern der Roadshow weitere aktuelle Fahrzeuge der Marken Mercedes-Benz und smart zur Probefahrt zur Verf\u00fcgung, inklusive verschiedener Elektro-Modelle und Plug-in-Hybride.<\/p>\n<p>Weitere Informationen finden Sie <a href=\"https:\/\/www.mercedes-benz.de\/passengercars\/mercedes-benz-cars\/a-class-roadshow\/intro-roadshow.module.html\">hier.<\/a><\/p>\n<p>[\/vc_column_text][\/vc_column][\/vc_row]<\/p>\n<\/div>","protected":false},"excerpt":{"rendered":"<p>[vc_row][vc_column width=&#8221;1\/3&#8243; offset=&#8221;vc_col-lg-3 vc_col-md-4 vc_hidden-sm vc_col-xs-12 vc_hidden-xs&#8221;][\/vc_column][vc_column css=&#8221;.vc_custom_1494321748347{background-color: #ffffff !important;}&#8221; offset=&#8221;vc_col-lg-9 vc_col-md-8 vc_col-xs-12&#8243;][vc_row_inner][vc_column_inner el_class=&#8221;content-headline&#8221;][vc_column_text] Mercedes-Benz Roadshow 2018: Hey Mercedes \u2013 sch\u00f6n, Dich hier zu treffen! [\/vc_column_text][\/vc_column_inner][\/vc_row_inner][vc_single_image image=&#8221;3741&#8243; img_size=&#8221;full&#8221; alignment=&#8221;center&#8221; el_class=&#8221;post-title-image&#8221;][vc_column_text]Eine Probefahrt mit dem Wunschauto war noch nie so nah \u2013 n\u00e4mlich mitten in der eigenen Stadt, voll im Alltagsleben. Die diesj\u00e4hrige Roadshow des Mercedes-Benz Cars&hellip;<\/p>\n","protected":false},"author":5,"featured_media":3729,"comment_status":"open","ping_status":"open","sticky":false,"template":"","format":"standard","meta":{"_acf_changed":false,"footnotes":""},"categories":[4,66],"tags":[],"class_list":["post-3726","post","type-post","status-publish","format-standard","hentry","category-news","category-veranstaltungen"],"acf":[],"yoast_head":"<!-- This site is optimized with the Yoast SEO plugin v24.2 - https:\/\/yoast.com\/wordpress\/plugins\/seo\/ -->\n<title>Mercedes-Benz Roadshow 2018: Hey Mercedes \u2013 sch\u00f6n, Dich hier zu treffen! - MediaPark K\u00f6ln<\/title>\n<meta name=\"robots\" content=\"index, follow, max-snippet:-1, max-image-preview:large, max-video-preview:-1\" \/>\n<link rel=\"canonical\" href=\"https:\/\/www.mediapark.de\/en\/news-en\/mercedes-benz-roadshow-2018-hey-mercedes-schoen-dich-hier-zu-treffen\/\" \/>\n<meta property=\"og:locale\" content=\"en_US\" \/>\n<meta property=\"og:type\" content=\"article\" \/>\n<meta property=\"og:title\" content=\"Mercedes-Benz Roadshow 2018: Hey Mercedes \u2013 sch\u00f6n, Dich hier zu treffen! - MediaPark K\u00f6ln\" \/>\n<meta property=\"og:description\" content=\"[vc_row][vc_column width=&#8221;1\/3&#8243; offset=&#8221;vc_col-lg-3 vc_col-md-4 vc_hidden-sm vc_col-xs-12 vc_hidden-xs&#8221;][\/vc_column][vc_column css=&#8221;.vc_custom_1494321748347{background-color: #ffffff !important;}&#8221; offset=&#8221;vc_col-lg-9 vc_col-md-8 vc_col-xs-12&#8243;][vc_row_inner][vc_column_inner el_class=&#8221;content-headline&#8221;][vc_column_text] Mercedes-Benz Roadshow 2018: Hey Mercedes \u2013 sch\u00f6n, Dich hier zu treffen! [\/vc_column_text][\/vc_column_inner][\/vc_row_inner][vc_single_image image=&#8221;3741&#8243; img_size=&#8221;full&#8221; alignment=&#8221;center&#8221; el_class=&#8221;post-title-image&#8221;][vc_column_text]Eine Probefahrt mit dem Wunschauto war noch nie so nah \u2013 n\u00e4mlich mitten in der eigenen Stadt, voll im Alltagsleben. Die diesj\u00e4hrige Roadshow des Mercedes-Benz Cars&hellip;\" \/>\n<meta property=\"og:url\" content=\"https:\/\/www.mediapark.de\/en\/news-en\/mercedes-benz-roadshow-2018-hey-mercedes-schoen-dich-hier-zu-treffen\/\" \/>\n<meta property=\"og:site_name\" content=\"MediaPark K\u00f6ln\" \/>\n<meta property=\"article:publisher\" content=\"http:\/\/www.facebook.com\/pages\/MediaPark\/360959134018223\" \/>\n<meta property=\"article:published_time\" content=\"2018-08-28T08:32:32+00:00\" \/>\n<meta property=\"og:image\" content=\"https:\/\/www.mediapark.de\/wp-content\/uploads\/2018\/08\/Mercedes_SG.jpg\" \/>\n\t<meta property=\"og:image:width\" content=\"654\" \/>\n\t<meta property=\"og:image:height\" content=\"436\" \/>\n\t<meta property=\"og:image:type\" content=\"image\/jpeg\" \/>\n<meta name=\"author\" content=\"F_Backer\" \/>\n<meta name=\"twitter:card\" content=\"summary_large_image\" \/>\n<meta name=\"twitter:creator\" content=\"@MediaParkKoeln\" \/>\n<meta name=\"twitter:site\" content=\"@MediaParkKoeln\" \/>\n<meta name=\"twitter:label1\" content=\"Written by\" \/>\n\t<meta name=\"twitter:data1\" content=\"F_Backer\" \/>\n\t<meta name=\"twitter:label2\" content=\"Est. reading time\" \/>\n\t<meta name=\"twitter:data2\" content=\"1 minute\" \/>\n<script type=\"application\/ld+json\" class=\"yoast-schema-graph\">{\"@context\":\"https:\/\/schema.org\",\"@graph\":[{\"@type\":\"WebPage\",\"@id\":\"https:\/\/www.mediapark.de\/en\/news-en\/mercedes-benz-roadshow-2018-hey-mercedes-schoen-dich-hier-zu-treffen\/\",\"url\":\"https:\/\/www.mediapark.de\/en\/news-en\/mercedes-benz-roadshow-2018-hey-mercedes-schoen-dich-hier-zu-treffen\/\",\"name\":\"Mercedes-Benz Roadshow 2018: Hey Mercedes \u2013 sch\u00f6n, Dich hier zu treffen! - MediaPark K\u00f6ln\",\"isPartOf\":{\"@id\":\"https:\/\/www.mediapark.de\/#website\"},\"primaryImageOfPage\":{\"@id\":\"https:\/\/www.mediapark.de\/en\/news-en\/mercedes-benz-roadshow-2018-hey-mercedes-schoen-dich-hier-zu-treffen\/#primaryimage\"},\"image\":{\"@id\":\"https:\/\/www.mediapark.de\/en\/news-en\/mercedes-benz-roadshow-2018-hey-mercedes-schoen-dich-hier-zu-treffen\/#primaryimage\"},\"thumbnailUrl\":\"https:\/\/www.mediapark.de\/wp-content\/uploads\/2018\/08\/Mercedes_SG.jpg\",\"datePublished\":\"2018-08-28T08:32:32+00:00\",\"dateModified\":\"2018-08-28T08:32:32+00:00\",\"author\":{\"@id\":\"https:\/\/www.mediapark.de\/#\/schema\/person\/7b6b73f6844ba2a350ba2721b95e7afb\"},\"breadcrumb\":{\"@id\":\"https:\/\/www.mediapark.de\/en\/news-en\/mercedes-benz-roadshow-2018-hey-mercedes-schoen-dich-hier-zu-treffen\/#breadcrumb\"},\"inLanguage\":\"en-US\",\"potentialAction\":[{\"@type\":\"ReadAction\",\"target\":[\"https:\/\/www.mediapark.de\/en\/news-en\/mercedes-benz-roadshow-2018-hey-mercedes-schoen-dich-hier-zu-treffen\/\"]}]},{\"@type\":\"ImageObject\",\"inLanguage\":\"en-US\",\"@id\":\"https:\/\/www.mediapark.de\/en\/news-en\/mercedes-benz-roadshow-2018-hey-mercedes-schoen-dich-hier-zu-treffen\/#primaryimage\",\"url\":\"https:\/\/www.mediapark.de\/wp-content\/uploads\/2018\/08\/Mercedes_SG.jpg\",\"contentUrl\":\"https:\/\/www.mediapark.de\/wp-content\/uploads\/2018\/08\/Mercedes_SG.jpg\",\"width\":654,\"height\":436,\"caption\":\"Die Mercedes-Benz Roadshow 2018 l\u00e4dt zum Probefahren und Verweilen ein\"},{\"@type\":\"BreadcrumbList\",\"@id\":\"https:\/\/www.mediapark.de\/en\/news-en\/mercedes-benz-roadshow-2018-hey-mercedes-schoen-dich-hier-zu-treffen\/#breadcrumb\",\"itemListElement\":[{\"@type\":\"ListItem\",\"position\":1,\"name\":\"Startseite\",\"item\":\"https:\/\/www.mediapark.de\/en\/\"},{\"@type\":\"ListItem\",\"position\":2,\"name\":\"News\",\"item\":\"https:\/\/www.mediapark.de\/category\/news\/\"},{\"@type\":\"ListItem\",\"position\":3,\"name\":\"Mercedes-Benz Roadshow 2018: Hey Mercedes \u2013 sch\u00f6n, Dich hier zu treffen!\"}]},{\"@type\":\"WebSite\",\"@id\":\"https:\/\/www.mediapark.de\/#website\",\"url\":\"https:\/\/www.mediapark.de\/\",\"name\":\"MediaPark K\u00f6ln\",\"description\":\"\",\"potentialAction\":[{\"@type\":\"SearchAction\",\"target\":{\"@type\":\"EntryPoint\",\"urlTemplate\":\"https:\/\/www.mediapark.de\/?s={search_term_string}\"},\"query-input\":{\"@type\":\"PropertyValueSpecification\",\"valueRequired\":true,\"valueName\":\"search_term_string\"}}],\"inLanguage\":\"en-US\"},{\"@type\":\"Person\",\"@id\":\"https:\/\/www.mediapark.de\/#\/schema\/person\/7b6b73f6844ba2a350ba2721b95e7afb\",\"name\":\"F_Backer\",\"image\":{\"@type\":\"ImageObject\",\"inLanguage\":\"en-US\",\"@id\":\"https:\/\/www.mediapark.de\/#\/schema\/person\/image\/\",\"url\":\"https:\/\/secure.gravatar.com\/avatar\/1507d10be5b8f9d23e95e549affc76da?s=96&d=mm&r=g\",\"contentUrl\":\"https:\/\/secure.gravatar.com\/avatar\/1507d10be5b8f9d23e95e549affc76da?s=96&d=mm&r=g\",\"caption\":\"F_Backer\"},\"url\":\"https:\/\/www.mediapark.de\/en\/author\/f_backer\/\"}]}<\/script>\n<!-- \/ Yoast SEO plugin. -->","yoast_head_json":{"title":"Mercedes-Benz Roadshow 2018: Hey Mercedes \u2013 sch\u00f6n, Dich hier zu treffen! - MediaPark K\u00f6ln","robots":{"index":"index","follow":"follow","max-snippet":"max-snippet:-1","max-image-preview":"max-image-preview:large","max-video-preview":"max-video-preview:-1"},"canonical":"https:\/\/www.mediapark.de\/en\/news-en\/mercedes-benz-roadshow-2018-hey-mercedes-schoen-dich-hier-zu-treffen\/","og_locale":"en_US","og_type":"article","og_title":"Mercedes-Benz Roadshow 2018: Hey Mercedes \u2013 sch\u00f6n, Dich hier zu treffen! - MediaPark K\u00f6ln","og_description":"[vc_row][vc_column width=&#8221;1\/3&#8243; offset=&#8221;vc_col-lg-3 vc_col-md-4 vc_hidden-sm vc_col-xs-12 vc_hidden-xs&#8221;][\/vc_column][vc_column css=&#8221;.vc_custom_1494321748347{background-color: #ffffff !important;}&#8221; offset=&#8221;vc_col-lg-9 vc_col-md-8 vc_col-xs-12&#8243;][vc_row_inner][vc_column_inner el_class=&#8221;content-headline&#8221;][vc_column_text] Mercedes-Benz Roadshow 2018: Hey Mercedes \u2013 sch\u00f6n, Dich hier zu treffen! [\/vc_column_text][\/vc_column_inner][\/vc_row_inner][vc_single_image image=&#8221;3741&#8243; img_size=&#8221;full&#8221; alignment=&#8221;center&#8221; el_class=&#8221;post-title-image&#8221;][vc_column_text]Eine Probefahrt mit dem Wunschauto war noch nie so nah \u2013 n\u00e4mlich mitten in der eigenen Stadt, voll im Alltagsleben. Die diesj\u00e4hrige Roadshow des Mercedes-Benz Cars&hellip;","og_url":"https:\/\/www.mediapark.de\/en\/news-en\/mercedes-benz-roadshow-2018-hey-mercedes-schoen-dich-hier-zu-treffen\/","og_site_name":"MediaPark K\u00f6ln","article_publisher":"http:\/\/www.facebook.com\/pages\/MediaPark\/360959134018223","article_published_time":"2018-08-28T08:32:32+00:00","og_image":[{"width":654,"height":436,"url":"https:\/\/www.mediapark.de\/wp-content\/uploads\/2018\/08\/Mercedes_SG.jpg","type":"image\/jpeg"}],"author":"F_Backer","twitter_card":"summary_large_image","twitter_creator":"@MediaParkKoeln","twitter_site":"@MediaParkKoeln","twitter_misc":{"Written by":"F_Backer","Est. reading time":"1 minute"},"schema":{"@context":"https:\/\/schema.org","@graph":[{"@type":"WebPage","@id":"https:\/\/www.mediapark.de\/en\/news-en\/mercedes-benz-roadshow-2018-hey-mercedes-schoen-dich-hier-zu-treffen\/","url":"https:\/\/www.mediapark.de\/en\/news-en\/mercedes-benz-roadshow-2018-hey-mercedes-schoen-dich-hier-zu-treffen\/","name":"Mercedes-Benz Roadshow 2018: Hey Mercedes \u2013 sch\u00f6n, Dich hier zu treffen! - MediaPark K\u00f6ln","isPartOf":{"@id":"https:\/\/www.mediapark.de\/#website"},"primaryImageOfPage":{"@id":"https:\/\/www.mediapark.de\/en\/news-en\/mercedes-benz-roadshow-2018-hey-mercedes-schoen-dich-hier-zu-treffen\/#primaryimage"},"image":{"@id":"https:\/\/www.mediapark.de\/en\/news-en\/mercedes-benz-roadshow-2018-hey-mercedes-schoen-dich-hier-zu-treffen\/#primaryimage"},"thumbnailUrl":"https:\/\/www.mediapark.de\/wp-content\/uploads\/2018\/08\/Mercedes_SG.jpg","datePublished":"2018-08-28T08:32:32+00:00","dateModified":"2018-08-28T08:32:32+00:00","author":{"@id":"https:\/\/www.mediapark.de\/#\/schema\/person\/7b6b73f6844ba2a350ba2721b95e7afb"},"breadcrumb":{"@id":"https:\/\/www.mediapark.de\/en\/news-en\/mercedes-benz-roadshow-2018-hey-mercedes-schoen-dich-hier-zu-treffen\/#breadcrumb"},"inLanguage":"en-US","potentialAction":[{"@type":"ReadAction","target":["https:\/\/www.mediapark.de\/en\/news-en\/mercedes-benz-roadshow-2018-hey-mercedes-schoen-dich-hier-zu-treffen\/"]}]},{"@type":"ImageObject","inLanguage":"en-US","@id":"https:\/\/www.mediapark.de\/en\/news-en\/mercedes-benz-roadshow-2018-hey-mercedes-schoen-dich-hier-zu-treffen\/#primaryimage","url":"https:\/\/www.mediapark.de\/wp-content\/uploads\/2018\/08\/Mercedes_SG.jpg","contentUrl":"https:\/\/www.mediapark.de\/wp-content\/uploads\/2018\/08\/Mercedes_SG.jpg","width":654,"height":436,"caption":"Die Mercedes-Benz Roadshow 2018 l\u00e4dt zum Probefahren und Verweilen ein"},{"@type":"BreadcrumbList","@id":"https:\/\/www.mediapark.de\/en\/news-en\/mercedes-benz-roadshow-2018-hey-mercedes-schoen-dich-hier-zu-treffen\/#breadcrumb","itemListElement":[{"@type":"ListItem","position":1,"name":"Startseite","item":"https:\/\/www.mediapark.de\/en\/"},{"@type":"ListItem","position":2,"name":"News","item":"https:\/\/www.mediapark.de\/category\/news\/"},{"@type":"ListItem","position":3,"name":"Mercedes-Benz Roadshow 2018: Hey Mercedes \u2013 sch\u00f6n, Dich hier zu treffen!"}]},{"@type":"WebSite","@id":"https:\/\/www.mediapark.de\/#website","url":"https:\/\/www.mediapark.de\/","name":"MediaPark K\u00f6ln","description":"","potentialAction":[{"@type":"SearchAction","target":{"@type":"EntryPoint","urlTemplate":"https:\/\/www.mediapark.de\/?s={search_term_string}"},"query-input":{"@type":"PropertyValueSpecification","valueRequired":true,"valueName":"search_term_string"}}],"inLanguage":"en-US"},{"@type":"Person","@id":"https:\/\/www.mediapark.de\/#\/schema\/person\/7b6b73f6844ba2a350ba2721b95e7afb","name":"F_Backer","image":{"@type":"ImageObject","inLanguage":"en-US","@id":"https:\/\/www.mediapark.de\/#\/schema\/person\/image\/","url":"https:\/\/secure.gravatar.com\/avatar\/1507d10be5b8f9d23e95e549affc76da?s=96&d=mm&r=g","contentUrl":"https:\/\/secure.gravatar.com\/avatar\/1507d10be5b8f9d23e95e549affc76da?s=96&d=mm&r=g","caption":"F_Backer"},"url":"https:\/\/www.mediapark.de\/en\/author\/f_backer\/"}]}},"_links":{"self":[{"href":"https:\/\/www.mediapark.de\/en\/wp-json\/wp\/v2\/posts\/3726","targetHints":{"allow":["GET"]}}],"collection":[{"href":"https:\/\/www.mediapark.de\/en\/wp-json\/wp\/v2\/posts"}],"about":[{"href":"https:\/\/www.mediapark.de\/en\/wp-json\/wp\/v2\/types\/post"}],"author":[{"embeddable":true,"href":"https:\/\/www.mediapark.de\/en\/wp-json\/wp\/v2\/users\/5"}],"replies":[{"embeddable":true,"href":"https:\/\/www.mediapark.de\/en\/wp-json\/wp\/v2\/comments?post=3726"}],"version-history":[{"count":7,"href":"https:\/\/www.mediapark.de\/en\/wp-json\/wp\/v2\/posts\/3726\/revisions"}],"predecessor-version":[{"id":3743,"href":"https:\/\/www.mediapark.de\/en\/wp-json\/wp\/v2\/posts\/3726\/revisions\/3743"}],"wp:featuredmedia":[{"embeddable":true,"href":"https:\/\/www.mediapark.de\/en\/wp-json\/wp\/v2\/media\/3729"}],"wp:attachment":[{"href":"https:\/\/www.mediapark.de\/en\/wp-json\/wp\/v2\/media?parent=3726"}],"wp:term":[{"taxonomy":"category","embeddable":true,"href":"https:\/\/www.mediapark.de\/en\/wp-json\/wp\/v2\/categories?post=3726"},{"taxonomy":"post_tag","embeddable":true,"href":"https:\/\/www.mediapark.de\/en\/wp-json\/wp\/v2\/tags?post=3726"}],"curies":[{"name":"wp","href":"https:\/\/api.w.org\/{rel}","templated":true}]}}