{"id":3746,"date":"2018-08-28T11:16:58","date_gmt":"2018-08-28T09:16:58","guid":{"rendered":"https:\/\/www.mediapark.de\/?p=3746"},"modified":"2018-08-28T11:16:58","modified_gmt":"2018-08-28T09:16:58","slug":"jobtester-einblicke-in-medienberufe-2018","status":"publish","type":"post","link":"https:\/\/www.mediapark.de\/en\/news\/jobtester-einblicke-in-medienberufe-2018\/","title":{"rendered":"Jobtester &#8211; Einblicke in Medienberufe 2018"},"content":{"rendered":"<div class=\"wpb-content-wrapper\"><p>[vc_row][vc_column width=&#8221;1\/3&#8243; offset=&#8221;vc_col-lg-3 vc_col-md-4 vc_hidden-sm vc_col-xs-12 vc_hidden-xs&#8221;][\/vc_column][vc_column css=&#8221;.vc_custom_1494321748347{background-color: #ffffff !important;}&#8221; offset=&#8221;vc_col-lg-9 vc_col-md-8 vc_col-xs-12&#8243;][vc_row_inner][vc_column_inner el_class=&#8221;content-headline&#8221;][vc_column_text]Jobtester &#8211; Einblicke in Medienberufe 2018[\/vc_column_text][\/vc_column_inner][\/vc_row_inner][vc_single_image image=&#8221;3756&#8243; img_size=&#8221;full&#8221; alignment=&#8221;center&#8221; el_class=&#8221;post-title-image&#8221;][vc_column_text]Ihr seid zwischen 15 und 21 Jahre alt und wollt \u201ein die Medien\u201c? Habt euren Traumberuf vielleicht schon gefunden, kennt ihn aber bisher nur aus \u201egrauer Theorie\u201c? Dann seid ihr bei den Jobtester-Workshops genau richtig! Hier k\u00f6nnt ihr bei echten Profis verschiedene Berufe kennenlernen \u2013 von technisch bis kreativ, von kaufm\u00e4nnisch bis konzeptionell. Ihr bekommt Infos \u00fcber den Arbeitsalltag, \u00fcber verschiedene Branchen und \u00fcber Ausbildungs- sowie Praktikumsm\u00f6glichkeiten. Vor allem aber probiert ihr typische Arbeitstechniken ganz praktisch aus. Es sind noch freie Pl\u00e4tze verf\u00fcgbar!<\/p>\n<p>Weitere Informationen gibt es <a href=\"https:\/\/www.sk-jugend.de\/junge-erwachsene\/jobtester-workshops.html\">hier.<\/a>[\/vc_column_text][\/vc_column][\/vc_row]<\/p>\n<\/div>","protected":false},"excerpt":{"rendered":"<p>[vc_row][vc_column width=&#8221;1\/3&#8243; offset=&#8221;vc_col-lg-3 vc_col-md-4 vc_hidden-sm vc_col-xs-12 vc_hidden-xs&#8221;][\/vc_column][vc_column css=&#8221;.vc_custom_1494321748347{background-color: #ffffff !important;}&#8221; offset=&#8221;vc_col-lg-9 vc_col-md-8 vc_col-xs-12&#8243;][vc_row_inner][vc_column_inner el_class=&#8221;content-headline&#8221;][vc_column_text]Jobtester &#8211; Einblicke in Medienberufe 2018[\/vc_column_text][\/vc_column_inner][\/vc_row_inner][vc_single_image image=&#8221;3756&#8243; img_size=&#8221;full&#8221; alignment=&#8221;center&#8221; el_class=&#8221;post-title-image&#8221;][vc_column_text]Ihr seid zwischen 15 und 21 Jahre alt und wollt \u201ein die Medien\u201c? Habt euren Traumberuf vielleicht schon gefunden, kennt ihn aber bisher nur aus \u201egrauer Theorie\u201c? Dann seid ihr bei den Jobtester-Workshops&hellip;<\/p>\n","protected":false},"author":5,"featured_media":3747,"comment_status":"open","ping_status":"open","sticky":false,"template":"","format":"standard","meta":{"_acf_changed":false,"footnotes":""},"categories":[4],"tags":[],"class_list":["post-3746","post","type-post","status-publish","format-standard","hentry","category-news"],"acf":[],"yoast_head":"<!-- This site is optimized with the Yoast SEO plugin v24.2 - https:\/\/yoast.com\/wordpress\/plugins\/seo\/ -->\n<title>Jobtester - Einblicke in Medienberufe 2018 - MediaPark K\u00f6ln<\/title>\n<meta name=\"robots\" content=\"index, follow, max-snippet:-1, max-image-preview:large, max-video-preview:-1\" \/>\n<link rel=\"canonical\" href=\"https:\/\/www.mediapark.de\/news\/jobtester-einblicke-in-medienberufe-2018\/\" \/>\n<meta property=\"og:locale\" content=\"en_US\" \/>\n<meta property=\"og:type\" content=\"article\" \/>\n<meta property=\"og:title\" content=\"Jobtester - Einblicke in Medienberufe 2018 - MediaPark K\u00f6ln\" \/>\n<meta property=\"og:description\" content=\"[vc_row][vc_column width=&#8221;1\/3&#8243; offset=&#8221;vc_col-lg-3 vc_col-md-4 vc_hidden-sm vc_col-xs-12 vc_hidden-xs&#8221;][\/vc_column][vc_column css=&#8221;.vc_custom_1494321748347{background-color: #ffffff !important;}&#8221; offset=&#8221;vc_col-lg-9 vc_col-md-8 vc_col-xs-12&#8243;][vc_row_inner][vc_column_inner el_class=&#8221;content-headline&#8221;][vc_column_text]Jobtester &#8211; Einblicke in Medienberufe 2018[\/vc_column_text][\/vc_column_inner][\/vc_row_inner][vc_single_image image=&#8221;3756&#8243; img_size=&#8221;full&#8221; alignment=&#8221;center&#8221; el_class=&#8221;post-title-image&#8221;][vc_column_text]Ihr seid zwischen 15 und 21 Jahre alt und wollt \u201ein die Medien\u201c? Habt euren Traumberuf vielleicht schon gefunden, kennt ihn aber bisher nur aus \u201egrauer Theorie\u201c? Dann seid ihr bei den Jobtester-Workshops&hellip;\" \/>\n<meta property=\"og:url\" content=\"https:\/\/www.mediapark.de\/news\/jobtester-einblicke-in-medienberufe-2018\/\" \/>\n<meta property=\"og:site_name\" content=\"MediaPark K\u00f6ln\" \/>\n<meta property=\"article:publisher\" content=\"http:\/\/www.facebook.com\/pages\/MediaPark\/360959134018223\" \/>\n<meta property=\"article:published_time\" content=\"2018-08-28T09:16:58+00:00\" \/>\n<meta property=\"og:image\" content=\"https:\/\/www.mediapark.de\/wp-content\/uploads\/2018\/08\/Jobtester_SG.jpg\" \/>\n\t<meta property=\"og:image:width\" content=\"654\" \/>\n\t<meta property=\"og:image:height\" content=\"435\" \/>\n\t<meta property=\"og:image:type\" content=\"image\/jpeg\" \/>\n<meta name=\"author\" content=\"F_Backer\" \/>\n<meta name=\"twitter:card\" content=\"summary_large_image\" \/>\n<meta name=\"twitter:creator\" content=\"@MediaParkKoeln\" \/>\n<meta name=\"twitter:site\" content=\"@MediaParkKoeln\" \/>\n<meta name=\"twitter:label1\" content=\"Written by\" \/>\n\t<meta name=\"twitter:data1\" content=\"F_Backer\" \/>\n\t<meta name=\"twitter:label2\" content=\"Est. reading time\" \/>\n\t<meta name=\"twitter:data2\" content=\"1 minute\" \/>\n<script type=\"application\/ld+json\" class=\"yoast-schema-graph\">{\"@context\":\"https:\/\/schema.org\",\"@graph\":[{\"@type\":\"WebPage\",\"@id\":\"https:\/\/www.mediapark.de\/news\/jobtester-einblicke-in-medienberufe-2018\/\",\"url\":\"https:\/\/www.mediapark.de\/news\/jobtester-einblicke-in-medienberufe-2018\/\",\"name\":\"Jobtester - Einblicke in Medienberufe 2018 - MediaPark K\u00f6ln\",\"isPartOf\":{\"@id\":\"https:\/\/www.mediapark.de\/#website\"},\"primaryImageOfPage\":{\"@id\":\"https:\/\/www.mediapark.de\/news\/jobtester-einblicke-in-medienberufe-2018\/#primaryimage\"},\"image\":{\"@id\":\"https:\/\/www.mediapark.de\/news\/jobtester-einblicke-in-medienberufe-2018\/#primaryimage\"},\"thumbnailUrl\":\"https:\/\/www.mediapark.de\/wp-content\/uploads\/2018\/08\/Jobtester_SG.jpg\",\"datePublished\":\"2018-08-28T09:16:58+00:00\",\"dateModified\":\"2018-08-28T09:16:58+00:00\",\"author\":{\"@id\":\"https:\/\/www.mediapark.de\/#\/schema\/person\/7b6b73f6844ba2a350ba2721b95e7afb\"},\"breadcrumb\":{\"@id\":\"https:\/\/www.mediapark.de\/news\/jobtester-einblicke-in-medienberufe-2018\/#breadcrumb\"},\"inLanguage\":\"en-US\",\"potentialAction\":[{\"@type\":\"ReadAction\",\"target\":[\"https:\/\/www.mediapark.de\/news\/jobtester-einblicke-in-medienberufe-2018\/\"]}]},{\"@type\":\"ImageObject\",\"inLanguage\":\"en-US\",\"@id\":\"https:\/\/www.mediapark.de\/news\/jobtester-einblicke-in-medienberufe-2018\/#primaryimage\",\"url\":\"https:\/\/www.mediapark.de\/wp-content\/uploads\/2018\/08\/Jobtester_SG.jpg\",\"contentUrl\":\"https:\/\/www.mediapark.de\/wp-content\/uploads\/2018\/08\/Jobtester_SG.jpg\",\"width\":654,\"height\":435},{\"@type\":\"BreadcrumbList\",\"@id\":\"https:\/\/www.mediapark.de\/news\/jobtester-einblicke-in-medienberufe-2018\/#breadcrumb\",\"itemListElement\":[{\"@type\":\"ListItem\",\"position\":1,\"name\":\"Startseite\",\"item\":\"https:\/\/www.mediapark.de\/en\/\"},{\"@type\":\"ListItem\",\"position\":2,\"name\":\"News\",\"item\":\"https:\/\/www.mediapark.de\/category\/news\/\"},{\"@type\":\"ListItem\",\"position\":3,\"name\":\"Jobtester &#8211; Einblicke in Medienberufe 2018\"}]},{\"@type\":\"WebSite\",\"@id\":\"https:\/\/www.mediapark.de\/#website\",\"url\":\"https:\/\/www.mediapark.de\/\",\"name\":\"MediaPark K\u00f6ln\",\"description\":\"\",\"potentialAction\":[{\"@type\":\"SearchAction\",\"target\":{\"@type\":\"EntryPoint\",\"urlTemplate\":\"https:\/\/www.mediapark.de\/?s={search_term_string}\"},\"query-input\":{\"@type\":\"PropertyValueSpecification\",\"valueRequired\":true,\"valueName\":\"search_term_string\"}}],\"inLanguage\":\"en-US\"},{\"@type\":\"Person\",\"@id\":\"https:\/\/www.mediapark.de\/#\/schema\/person\/7b6b73f6844ba2a350ba2721b95e7afb\",\"name\":\"F_Backer\",\"image\":{\"@type\":\"ImageObject\",\"inLanguage\":\"en-US\",\"@id\":\"https:\/\/www.mediapark.de\/#\/schema\/person\/image\/\",\"url\":\"https:\/\/secure.gravatar.com\/avatar\/1507d10be5b8f9d23e95e549affc76da?s=96&d=mm&r=g\",\"contentUrl\":\"https:\/\/secure.gravatar.com\/avatar\/1507d10be5b8f9d23e95e549affc76da?s=96&d=mm&r=g\",\"caption\":\"F_Backer\"},\"url\":\"https:\/\/www.mediapark.de\/en\/author\/f_backer\/\"}]}<\/script>\n<!-- \/ Yoast SEO plugin. -->","yoast_head_json":{"title":"Jobtester - Einblicke in Medienberufe 2018 - MediaPark K\u00f6ln","robots":{"index":"index","follow":"follow","max-snippet":"max-snippet:-1","max-image-preview":"max-image-preview:large","max-video-preview":"max-video-preview:-1"},"canonical":"https:\/\/www.mediapark.de\/news\/jobtester-einblicke-in-medienberufe-2018\/","og_locale":"en_US","og_type":"article","og_title":"Jobtester - Einblicke in Medienberufe 2018 - MediaPark K\u00f6ln","og_description":"[vc_row][vc_column width=&#8221;1\/3&#8243; offset=&#8221;vc_col-lg-3 vc_col-md-4 vc_hidden-sm vc_col-xs-12 vc_hidden-xs&#8221;][\/vc_column][vc_column css=&#8221;.vc_custom_1494321748347{background-color: #ffffff !important;}&#8221; offset=&#8221;vc_col-lg-9 vc_col-md-8 vc_col-xs-12&#8243;][vc_row_inner][vc_column_inner el_class=&#8221;content-headline&#8221;][vc_column_text]Jobtester &#8211; Einblicke in Medienberufe 2018[\/vc_column_text][\/vc_column_inner][\/vc_row_inner][vc_single_image image=&#8221;3756&#8243; img_size=&#8221;full&#8221; alignment=&#8221;center&#8221; el_class=&#8221;post-title-image&#8221;][vc_column_text]Ihr seid zwischen 15 und 21 Jahre alt und wollt \u201ein die Medien\u201c? Habt euren Traumberuf vielleicht schon gefunden, kennt ihn aber bisher nur aus \u201egrauer Theorie\u201c? Dann seid ihr bei den Jobtester-Workshops&hellip;","og_url":"https:\/\/www.mediapark.de\/news\/jobtester-einblicke-in-medienberufe-2018\/","og_site_name":"MediaPark K\u00f6ln","article_publisher":"http:\/\/www.facebook.com\/pages\/MediaPark\/360959134018223","article_published_time":"2018-08-28T09:16:58+00:00","og_image":[{"width":654,"height":435,"url":"https:\/\/www.mediapark.de\/wp-content\/uploads\/2018\/08\/Jobtester_SG.jpg","type":"image\/jpeg"}],"author":"F_Backer","twitter_card":"summary_large_image","twitter_creator":"@MediaParkKoeln","twitter_site":"@MediaParkKoeln","twitter_misc":{"Written by":"F_Backer","Est. reading time":"1 minute"},"schema":{"@context":"https:\/\/schema.org","@graph":[{"@type":"WebPage","@id":"https:\/\/www.mediapark.de\/news\/jobtester-einblicke-in-medienberufe-2018\/","url":"https:\/\/www.mediapark.de\/news\/jobtester-einblicke-in-medienberufe-2018\/","name":"Jobtester - Einblicke in Medienberufe 2018 - MediaPark K\u00f6ln","isPartOf":{"@id":"https:\/\/www.mediapark.de\/#website"},"primaryImageOfPage":{"@id":"https:\/\/www.mediapark.de\/news\/jobtester-einblicke-in-medienberufe-2018\/#primaryimage"},"image":{"@id":"https:\/\/www.mediapark.de\/news\/jobtester-einblicke-in-medienberufe-2018\/#primaryimage"},"thumbnailUrl":"https:\/\/www.mediapark.de\/wp-content\/uploads\/2018\/08\/Jobtester_SG.jpg","datePublished":"2018-08-28T09:16:58+00:00","dateModified":"2018-08-28T09:16:58+00:00","author":{"@id":"https:\/\/www.mediapark.de\/#\/schema\/person\/7b6b73f6844ba2a350ba2721b95e7afb"},"breadcrumb":{"@id":"https:\/\/www.mediapark.de\/news\/jobtester-einblicke-in-medienberufe-2018\/#breadcrumb"},"inLanguage":"en-US","potentialAction":[{"@type":"ReadAction","target":["https:\/\/www.mediapark.de\/news\/jobtester-einblicke-in-medienberufe-2018\/"]}]},{"@type":"ImageObject","inLanguage":"en-US","@id":"https:\/\/www.mediapark.de\/news\/jobtester-einblicke-in-medienberufe-2018\/#primaryimage","url":"https:\/\/www.mediapark.de\/wp-content\/uploads\/2018\/08\/Jobtester_SG.jpg","contentUrl":"https:\/\/www.mediapark.de\/wp-content\/uploads\/2018\/08\/Jobtester_SG.jpg","width":654,"height":435},{"@type":"BreadcrumbList","@id":"https:\/\/www.mediapark.de\/news\/jobtester-einblicke-in-medienberufe-2018\/#breadcrumb","itemListElement":[{"@type":"ListItem","position":1,"name":"Startseite","item":"https:\/\/www.mediapark.de\/en\/"},{"@type":"ListItem","position":2,"name":"News","item":"https:\/\/www.mediapark.de\/category\/news\/"},{"@type":"ListItem","position":3,"name":"Jobtester &#8211; Einblicke in Medienberufe 2018"}]},{"@type":"WebSite","@id":"https:\/\/www.mediapark.de\/#website","url":"https:\/\/www.mediapark.de\/","name":"MediaPark K\u00f6ln","description":"","potentialAction":[{"@type":"SearchAction","target":{"@type":"EntryPoint","urlTemplate":"https:\/\/www.mediapark.de\/?s={search_term_string}"},"query-input":{"@type":"PropertyValueSpecification","valueRequired":true,"valueName":"search_term_string"}}],"inLanguage":"en-US"},{"@type":"Person","@id":"https:\/\/www.mediapark.de\/#\/schema\/person\/7b6b73f6844ba2a350ba2721b95e7afb","name":"F_Backer","image":{"@type":"ImageObject","inLanguage":"en-US","@id":"https:\/\/www.mediapark.de\/#\/schema\/person\/image\/","url":"https:\/\/secure.gravatar.com\/avatar\/1507d10be5b8f9d23e95e549affc76da?s=96&d=mm&r=g","contentUrl":"https:\/\/secure.gravatar.com\/avatar\/1507d10be5b8f9d23e95e549affc76da?s=96&d=mm&r=g","caption":"F_Backer"},"url":"https:\/\/www.mediapark.de\/en\/author\/f_backer\/"}]}},"_links":{"self":[{"href":"https:\/\/www.mediapark.de\/en\/wp-json\/wp\/v2\/posts\/3746","targetHints":{"allow":["GET"]}}],"collection":[{"href":"https:\/\/www.mediapark.de\/en\/wp-json\/wp\/v2\/posts"}],"about":[{"href":"https:\/\/www.mediapark.de\/en\/wp-json\/wp\/v2\/types\/post"}],"author":[{"embeddable":true,"href":"https:\/\/www.mediapark.de\/en\/wp-json\/wp\/v2\/users\/5"}],"replies":[{"embeddable":true,"href":"https:\/\/www.mediapark.de\/en\/wp-json\/wp\/v2\/comments?post=3746"}],"version-history":[{"count":4,"href":"https:\/\/www.mediapark.de\/en\/wp-json\/wp\/v2\/posts\/3746\/revisions"}],"predecessor-version":[{"id":3758,"href":"https:\/\/www.mediapark.de\/en\/wp-json\/wp\/v2\/posts\/3746\/revisions\/3758"}],"wp:featuredmedia":[{"embeddable":true,"href":"https:\/\/www.mediapark.de\/en\/wp-json\/wp\/v2\/media\/3747"}],"wp:attachment":[{"href":"https:\/\/www.mediapark.de\/en\/wp-json\/wp\/v2\/media?parent=3746"}],"wp:term":[{"taxonomy":"category","embeddable":true,"href":"https:\/\/www.mediapark.de\/en\/wp-json\/wp\/v2\/categories?post=3746"},{"taxonomy":"post_tag","embeddable":true,"href":"https:\/\/www.mediapark.de\/en\/wp-json\/wp\/v2\/tags?post=3746"}],"curies":[{"name":"wp","href":"https:\/\/api.w.org\/{rel}","templated":true}]}}