{"id":4115,"date":"2019-04-26T13:53:28","date_gmt":"2019-04-26T11:53:28","guid":{"rendered":"https:\/\/www.mediapark.de\/?p=4115"},"modified":"2019-05-03T10:41:42","modified_gmt":"2019-05-03T08:41:42","slug":"fotoakademie-koeln-und-photoszene-koeln-vergeben-erneut-ein-gemeinsames-stipendium","status":"publish","type":"post","link":"https:\/\/www.mediapark.de\/en\/news\/fotoakademie-koeln-und-photoszene-koeln-vergeben-erneut-ein-gemeinsames-stipendium\/","title":{"rendered":"Stipendium von Fotoakademie-Koeln und Photoszene K\u00f6ln wird erneut vergeben"},"content":{"rendered":"<div class=\"wpb-content-wrapper\"><p>[vc_row][vc_column width=&#8221;1\/3&#8243; offset=&#8221;vc_col-lg-3 vc_col-md-4 vc_hidden-sm vc_col-xs-12 vc_hidden-xs&#8221;][\/vc_column][vc_column css=&#8221;.vc_custom_1494321748347{background-color: #ffffff !important;}&#8221; offset=&#8221;vc_col-lg-9 vc_col-md-8 vc_col-xs-12&#8243;][vc_row_inner][vc_column_inner el_class=&#8221;content-headline&#8221;][vc_column_text]<\/p>\n<h1>Stipendium von Fotoakademie-Koeln und Photoszene K\u00f6ln wird erneut vergeben<\/h1>\n<p>[\/vc_column_text][\/vc_column_inner][\/vc_row_inner][vc_column_text]Die Internationale Photoszene K\u00f6ln vergibt erneut gemeinsam mit der Fotoakademie-Koeln ein Stipendium f\u00fcr ein zweieinhalbj\u00e4hriges Studium im Gesamtwert von rund\u00a07.000 Euro. Die stark praxisorientierte Ausbildung zur Fotografin\/zum Fotografen umfasst unter anderem Portr\u00e4tfotografie, Fotoreportage, Unternehmens- und Produktfotografie, Architekturfotografie sowie Fotokunst. Hinzu kommen Bildbearbeitung und professionelles Farbmanagement, also der digitale Workflow. Das Studium dauert insgesamt f\u00fcnf Semester, der Kurstag der Klasse ist diesmal sonntags von 16 &#8211; 20 Uhr. Pro Semester m\u00fcssen die Studenten etwa zehn Arbeitsauftr\u00e4ge (Einzelbilder und Serien) fotografieren.<\/p>\n<h2>Stipendium an der Fotoakademie-Koeln<\/h2>\n<p>Die Bewerbungen\u00a0f\u00fcr das Stipendium m\u00fcssen\u00a0bis zum\u00a05. Mai 2019\u00a0(Poststempel) bei der Fotoakademie-Koeln (Im Mediapark 8a, 50670 K\u00f6ln) eingegangen sein. Unter allen Bewerbern werden am 16. Mai 2019 f\u00fcnf zu einem pers\u00f6nlichen Gespr\u00e4ch in die Fotoakademie-Koeln eingeladen (diesen Termin im Falle der Bewerbung bitte freihalten), danach entscheidet eine Jury \u00fcber die Vergabe des Stipendiums.<\/p>\n<p>Wer sich um einen regul\u00e4ren Studienplatz ohne Stipendium an der Fotoakademie-Koeln bewerben will, hat bis zum 31. Mai 2019 Zeit.\u00a0Die Ausbildung beginnt mit dem Wintersemester 2019\/20 am 1. September 2019. Alle Informationen zur Bewerbung und zum Studium findet Ihr auf der Website der\u00a0<a href=\"https:\/\/www.fotoakademie-koeln.de\/\" target=\"_blank\" rel=\"noopener\">Fotoakademie-Koeln<\/a>. Fragen per Telefon gern an Frank D\u00fcrrach unter 0163 \u2013 42 46 44 8.[\/vc_column_text][\/vc_column][\/vc_row]<\/p>\n<\/div>","protected":false},"excerpt":{"rendered":"<p>[vc_row][vc_column width=&#8221;1\/3&#8243; offset=&#8221;vc_col-lg-3 vc_col-md-4 vc_hidden-sm vc_col-xs-12 vc_hidden-xs&#8221;][\/vc_column][vc_column css=&#8221;.vc_custom_1494321748347{background-color: #ffffff !important;}&#8221; offset=&#8221;vc_col-lg-9 vc_col-md-8 vc_col-xs-12&#8243;][vc_row_inner][vc_column_inner el_class=&#8221;content-headline&#8221;][vc_column_text] Stipendium von Fotoakademie-Koeln und Photoszene K\u00f6ln wird erneut vergeben [\/vc_column_text][\/vc_column_inner][\/vc_row_inner][vc_column_text]Die Internationale Photoszene K\u00f6ln vergibt erneut gemeinsam mit der Fotoakademie-Koeln ein Stipendium f\u00fcr ein zweieinhalbj\u00e4hriges Studium im Gesamtwert von rund\u00a07.000 Euro. Die stark praxisorientierte Ausbildung zur Fotografin\/zum Fotografen umfasst unter anderem Portr\u00e4tfotografie,&hellip;<\/p>\n","protected":false},"author":2,"featured_media":4118,"comment_status":"open","ping_status":"open","sticky":false,"template":"","format":"standard","meta":{"_acf_changed":false,"footnotes":""},"categories":[4],"tags":[],"class_list":["post-4115","post","type-post","status-publish","format-standard","hentry","category-news"],"acf":[],"yoast_head":"<!-- This site is optimized with the Yoast SEO plugin v24.2 - https:\/\/yoast.com\/wordpress\/plugins\/seo\/ -->\n<title>Stipendium von Fotoakademie-Koeln und Photoszene K\u00f6ln wird erneut vergeben - MediaPark K\u00f6ln<\/title>\n<meta name=\"robots\" content=\"index, follow, max-snippet:-1, max-image-preview:large, max-video-preview:-1\" \/>\n<link rel=\"canonical\" href=\"https:\/\/www.mediapark.de\/news\/fotoakademie-koeln-und-photoszene-koeln-vergeben-erneut-ein-gemeinsames-stipendium\/\" \/>\n<meta property=\"og:locale\" content=\"en_US\" \/>\n<meta property=\"og:type\" content=\"article\" \/>\n<meta property=\"og:title\" content=\"Stipendium von Fotoakademie-Koeln und Photoszene K\u00f6ln wird erneut vergeben - MediaPark K\u00f6ln\" \/>\n<meta property=\"og:description\" content=\"[vc_row][vc_column width=&#8221;1\/3&#8243; offset=&#8221;vc_col-lg-3 vc_col-md-4 vc_hidden-sm vc_col-xs-12 vc_hidden-xs&#8221;][\/vc_column][vc_column css=&#8221;.vc_custom_1494321748347{background-color: #ffffff !important;}&#8221; offset=&#8221;vc_col-lg-9 vc_col-md-8 vc_col-xs-12&#8243;][vc_row_inner][vc_column_inner el_class=&#8221;content-headline&#8221;][vc_column_text] Stipendium von Fotoakademie-Koeln und Photoszene K\u00f6ln wird erneut vergeben [\/vc_column_text][\/vc_column_inner][\/vc_row_inner][vc_column_text]Die Internationale Photoszene K\u00f6ln vergibt erneut gemeinsam mit der Fotoakademie-Koeln ein Stipendium f\u00fcr ein zweieinhalbj\u00e4hriges Studium im Gesamtwert von rund\u00a07.000 Euro. Die stark praxisorientierte Ausbildung zur Fotografin\/zum Fotografen umfasst unter anderem Portr\u00e4tfotografie,&hellip;\" \/>\n<meta property=\"og:url\" content=\"https:\/\/www.mediapark.de\/news\/fotoakademie-koeln-und-photoszene-koeln-vergeben-erneut-ein-gemeinsames-stipendium\/\" \/>\n<meta property=\"og:site_name\" content=\"MediaPark K\u00f6ln\" \/>\n<meta property=\"article:publisher\" content=\"http:\/\/www.facebook.com\/pages\/MediaPark\/360959134018223\" \/>\n<meta property=\"article:published_time\" content=\"2019-04-26T11:53:28+00:00\" \/>\n<meta property=\"article:modified_time\" content=\"2019-05-03T08:41:42+00:00\" \/>\n<meta property=\"og:image\" content=\"https:\/\/www.mediapark.de\/wp-content\/uploads\/2019\/04\/Haus-8a-1-1024x579.jpg\" \/>\n\t<meta property=\"og:image:width\" content=\"1024\" \/>\n\t<meta property=\"og:image:height\" content=\"579\" \/>\n\t<meta property=\"og:image:type\" content=\"image\/jpeg\" \/>\n<meta name=\"author\" content=\"Nina Linnebach\" \/>\n<meta name=\"twitter:card\" content=\"summary_large_image\" \/>\n<meta name=\"twitter:creator\" content=\"@MediaParkKoeln\" \/>\n<meta name=\"twitter:site\" content=\"@MediaParkKoeln\" \/>\n<meta name=\"twitter:label1\" content=\"Written by\" \/>\n\t<meta name=\"twitter:data1\" content=\"Nina Linnebach\" \/>\n\t<meta name=\"twitter:label2\" content=\"Est. reading time\" \/>\n\t<meta name=\"twitter:data2\" content=\"1 minute\" \/>\n<script type=\"application\/ld+json\" class=\"yoast-schema-graph\">{\"@context\":\"https:\/\/schema.org\",\"@graph\":[{\"@type\":\"WebPage\",\"@id\":\"https:\/\/www.mediapark.de\/news\/fotoakademie-koeln-und-photoszene-koeln-vergeben-erneut-ein-gemeinsames-stipendium\/\",\"url\":\"https:\/\/www.mediapark.de\/news\/fotoakademie-koeln-und-photoszene-koeln-vergeben-erneut-ein-gemeinsames-stipendium\/\",\"name\":\"Stipendium von Fotoakademie-Koeln und Photoszene K\u00f6ln wird erneut vergeben - MediaPark K\u00f6ln\",\"isPartOf\":{\"@id\":\"https:\/\/www.mediapark.de\/#website\"},\"primaryImageOfPage\":{\"@id\":\"https:\/\/www.mediapark.de\/news\/fotoakademie-koeln-und-photoszene-koeln-vergeben-erneut-ein-gemeinsames-stipendium\/#primaryimage\"},\"image\":{\"@id\":\"https:\/\/www.mediapark.de\/news\/fotoakademie-koeln-und-photoszene-koeln-vergeben-erneut-ein-gemeinsames-stipendium\/#primaryimage\"},\"thumbnailUrl\":\"https:\/\/www.mediapark.de\/wp-content\/uploads\/2019\/04\/Haus-8a-1.jpg\",\"datePublished\":\"2019-04-26T11:53:28+00:00\",\"dateModified\":\"2019-05-03T08:41:42+00:00\",\"author\":{\"@id\":\"https:\/\/www.mediapark.de\/#\/schema\/person\/312ccfc44e8b62dabb32f9b501f82c90\"},\"breadcrumb\":{\"@id\":\"https:\/\/www.mediapark.de\/news\/fotoakademie-koeln-und-photoszene-koeln-vergeben-erneut-ein-gemeinsames-stipendium\/#breadcrumb\"},\"inLanguage\":\"en-US\",\"potentialAction\":[{\"@type\":\"ReadAction\",\"target\":[\"https:\/\/www.mediapark.de\/news\/fotoakademie-koeln-und-photoszene-koeln-vergeben-erneut-ein-gemeinsames-stipendium\/\"]}]},{\"@type\":\"ImageObject\",\"inLanguage\":\"en-US\",\"@id\":\"https:\/\/www.mediapark.de\/news\/fotoakademie-koeln-und-photoszene-koeln-vergeben-erneut-ein-gemeinsames-stipendium\/#primaryimage\",\"url\":\"https:\/\/www.mediapark.de\/wp-content\/uploads\/2019\/04\/Haus-8a-1.jpg\",\"contentUrl\":\"https:\/\/www.mediapark.de\/wp-content\/uploads\/2019\/04\/Haus-8a-1.jpg\",\"width\":6000,\"height\":3394},{\"@type\":\"BreadcrumbList\",\"@id\":\"https:\/\/www.mediapark.de\/news\/fotoakademie-koeln-und-photoszene-koeln-vergeben-erneut-ein-gemeinsames-stipendium\/#breadcrumb\",\"itemListElement\":[{\"@type\":\"ListItem\",\"position\":1,\"name\":\"Startseite\",\"item\":\"https:\/\/www.mediapark.de\/en\/\"},{\"@type\":\"ListItem\",\"position\":2,\"name\":\"News\",\"item\":\"https:\/\/www.mediapark.de\/category\/news\/\"},{\"@type\":\"ListItem\",\"position\":3,\"name\":\"Stipendium von Fotoakademie-Koeln und Photoszene K\u00f6ln wird erneut vergeben\"}]},{\"@type\":\"WebSite\",\"@id\":\"https:\/\/www.mediapark.de\/#website\",\"url\":\"https:\/\/www.mediapark.de\/\",\"name\":\"MediaPark K\u00f6ln\",\"description\":\"\",\"potentialAction\":[{\"@type\":\"SearchAction\",\"target\":{\"@type\":\"EntryPoint\",\"urlTemplate\":\"https:\/\/www.mediapark.de\/?s={search_term_string}\"},\"query-input\":{\"@type\":\"PropertyValueSpecification\",\"valueRequired\":true,\"valueName\":\"search_term_string\"}}],\"inLanguage\":\"en-US\"},{\"@type\":\"Person\",\"@id\":\"https:\/\/www.mediapark.de\/#\/schema\/person\/312ccfc44e8b62dabb32f9b501f82c90\",\"name\":\"Nina Linnebach\",\"image\":{\"@type\":\"ImageObject\",\"inLanguage\":\"en-US\",\"@id\":\"https:\/\/www.mediapark.de\/#\/schema\/person\/image\/\",\"url\":\"https:\/\/secure.gravatar.com\/avatar\/31c6a2f8e07f9a160bd98d06232585d9?s=96&d=mm&r=g\",\"contentUrl\":\"https:\/\/secure.gravatar.com\/avatar\/31c6a2f8e07f9a160bd98d06232585d9?s=96&d=mm&r=g\",\"caption\":\"Nina Linnebach\"},\"url\":\"https:\/\/www.mediapark.de\/en\/author\/n_linnebach\/\"}]}<\/script>\n<!-- \/ Yoast SEO plugin. -->","yoast_head_json":{"title":"Stipendium von Fotoakademie-Koeln und Photoszene K\u00f6ln wird erneut vergeben - MediaPark K\u00f6ln","robots":{"index":"index","follow":"follow","max-snippet":"max-snippet:-1","max-image-preview":"max-image-preview:large","max-video-preview":"max-video-preview:-1"},"canonical":"https:\/\/www.mediapark.de\/news\/fotoakademie-koeln-und-photoszene-koeln-vergeben-erneut-ein-gemeinsames-stipendium\/","og_locale":"en_US","og_type":"article","og_title":"Stipendium von Fotoakademie-Koeln und Photoszene K\u00f6ln wird erneut vergeben - MediaPark K\u00f6ln","og_description":"[vc_row][vc_column width=&#8221;1\/3&#8243; offset=&#8221;vc_col-lg-3 vc_col-md-4 vc_hidden-sm vc_col-xs-12 vc_hidden-xs&#8221;][\/vc_column][vc_column css=&#8221;.vc_custom_1494321748347{background-color: #ffffff !important;}&#8221; offset=&#8221;vc_col-lg-9 vc_col-md-8 vc_col-xs-12&#8243;][vc_row_inner][vc_column_inner el_class=&#8221;content-headline&#8221;][vc_column_text] Stipendium von Fotoakademie-Koeln und Photoszene K\u00f6ln wird erneut vergeben [\/vc_column_text][\/vc_column_inner][\/vc_row_inner][vc_column_text]Die Internationale Photoszene K\u00f6ln vergibt erneut gemeinsam mit der Fotoakademie-Koeln ein Stipendium f\u00fcr ein zweieinhalbj\u00e4hriges Studium im Gesamtwert von rund\u00a07.000 Euro. Die stark praxisorientierte Ausbildung zur Fotografin\/zum Fotografen umfasst unter anderem Portr\u00e4tfotografie,&hellip;","og_url":"https:\/\/www.mediapark.de\/news\/fotoakademie-koeln-und-photoszene-koeln-vergeben-erneut-ein-gemeinsames-stipendium\/","og_site_name":"MediaPark K\u00f6ln","article_publisher":"http:\/\/www.facebook.com\/pages\/MediaPark\/360959134018223","article_published_time":"2019-04-26T11:53:28+00:00","article_modified_time":"2019-05-03T08:41:42+00:00","og_image":[{"width":1024,"height":579,"url":"https:\/\/www.mediapark.de\/wp-content\/uploads\/2019\/04\/Haus-8a-1-1024x579.jpg","type":"image\/jpeg"}],"author":"Nina Linnebach","twitter_card":"summary_large_image","twitter_creator":"@MediaParkKoeln","twitter_site":"@MediaParkKoeln","twitter_misc":{"Written by":"Nina Linnebach","Est. reading time":"1 minute"},"schema":{"@context":"https:\/\/schema.org","@graph":[{"@type":"WebPage","@id":"https:\/\/www.mediapark.de\/news\/fotoakademie-koeln-und-photoszene-koeln-vergeben-erneut-ein-gemeinsames-stipendium\/","url":"https:\/\/www.mediapark.de\/news\/fotoakademie-koeln-und-photoszene-koeln-vergeben-erneut-ein-gemeinsames-stipendium\/","name":"Stipendium von Fotoakademie-Koeln und Photoszene K\u00f6ln wird erneut vergeben - MediaPark K\u00f6ln","isPartOf":{"@id":"https:\/\/www.mediapark.de\/#website"},"primaryImageOfPage":{"@id":"https:\/\/www.mediapark.de\/news\/fotoakademie-koeln-und-photoszene-koeln-vergeben-erneut-ein-gemeinsames-stipendium\/#primaryimage"},"image":{"@id":"https:\/\/www.mediapark.de\/news\/fotoakademie-koeln-und-photoszene-koeln-vergeben-erneut-ein-gemeinsames-stipendium\/#primaryimage"},"thumbnailUrl":"https:\/\/www.mediapark.de\/wp-content\/uploads\/2019\/04\/Haus-8a-1.jpg","datePublished":"2019-04-26T11:53:28+00:00","dateModified":"2019-05-03T08:41:42+00:00","author":{"@id":"https:\/\/www.mediapark.de\/#\/schema\/person\/312ccfc44e8b62dabb32f9b501f82c90"},"breadcrumb":{"@id":"https:\/\/www.mediapark.de\/news\/fotoakademie-koeln-und-photoszene-koeln-vergeben-erneut-ein-gemeinsames-stipendium\/#breadcrumb"},"inLanguage":"en-US","potentialAction":[{"@type":"ReadAction","target":["https:\/\/www.mediapark.de\/news\/fotoakademie-koeln-und-photoszene-koeln-vergeben-erneut-ein-gemeinsames-stipendium\/"]}]},{"@type":"ImageObject","inLanguage":"en-US","@id":"https:\/\/www.mediapark.de\/news\/fotoakademie-koeln-und-photoszene-koeln-vergeben-erneut-ein-gemeinsames-stipendium\/#primaryimage","url":"https:\/\/www.mediapark.de\/wp-content\/uploads\/2019\/04\/Haus-8a-1.jpg","contentUrl":"https:\/\/www.mediapark.de\/wp-content\/uploads\/2019\/04\/Haus-8a-1.jpg","width":6000,"height":3394},{"@type":"BreadcrumbList","@id":"https:\/\/www.mediapark.de\/news\/fotoakademie-koeln-und-photoszene-koeln-vergeben-erneut-ein-gemeinsames-stipendium\/#breadcrumb","itemListElement":[{"@type":"ListItem","position":1,"name":"Startseite","item":"https:\/\/www.mediapark.de\/en\/"},{"@type":"ListItem","position":2,"name":"News","item":"https:\/\/www.mediapark.de\/category\/news\/"},{"@type":"ListItem","position":3,"name":"Stipendium von Fotoakademie-Koeln und Photoszene K\u00f6ln wird erneut vergeben"}]},{"@type":"WebSite","@id":"https:\/\/www.mediapark.de\/#website","url":"https:\/\/www.mediapark.de\/","name":"MediaPark K\u00f6ln","description":"","potentialAction":[{"@type":"SearchAction","target":{"@type":"EntryPoint","urlTemplate":"https:\/\/www.mediapark.de\/?s={search_term_string}"},"query-input":{"@type":"PropertyValueSpecification","valueRequired":true,"valueName":"search_term_string"}}],"inLanguage":"en-US"},{"@type":"Person","@id":"https:\/\/www.mediapark.de\/#\/schema\/person\/312ccfc44e8b62dabb32f9b501f82c90","name":"Nina Linnebach","image":{"@type":"ImageObject","inLanguage":"en-US","@id":"https:\/\/www.mediapark.de\/#\/schema\/person\/image\/","url":"https:\/\/secure.gravatar.com\/avatar\/31c6a2f8e07f9a160bd98d06232585d9?s=96&d=mm&r=g","contentUrl":"https:\/\/secure.gravatar.com\/avatar\/31c6a2f8e07f9a160bd98d06232585d9?s=96&d=mm&r=g","caption":"Nina Linnebach"},"url":"https:\/\/www.mediapark.de\/en\/author\/n_linnebach\/"}]}},"_links":{"self":[{"href":"https:\/\/www.mediapark.de\/en\/wp-json\/wp\/v2\/posts\/4115","targetHints":{"allow":["GET"]}}],"collection":[{"href":"https:\/\/www.mediapark.de\/en\/wp-json\/wp\/v2\/posts"}],"about":[{"href":"https:\/\/www.mediapark.de\/en\/wp-json\/wp\/v2\/types\/post"}],"author":[{"embeddable":true,"href":"https:\/\/www.mediapark.de\/en\/wp-json\/wp\/v2\/users\/2"}],"replies":[{"embeddable":true,"href":"https:\/\/www.mediapark.de\/en\/wp-json\/wp\/v2\/comments?post=4115"}],"version-history":[{"count":6,"href":"https:\/\/www.mediapark.de\/en\/wp-json\/wp\/v2\/posts\/4115\/revisions"}],"predecessor-version":[{"id":4146,"href":"https:\/\/www.mediapark.de\/en\/wp-json\/wp\/v2\/posts\/4115\/revisions\/4146"}],"wp:featuredmedia":[{"embeddable":true,"href":"https:\/\/www.mediapark.de\/en\/wp-json\/wp\/v2\/media\/4118"}],"wp:attachment":[{"href":"https:\/\/www.mediapark.de\/en\/wp-json\/wp\/v2\/media?parent=4115"}],"wp:term":[{"taxonomy":"category","embeddable":true,"href":"https:\/\/www.mediapark.de\/en\/wp-json\/wp\/v2\/categories?post=4115"},{"taxonomy":"post_tag","embeddable":true,"href":"https:\/\/www.mediapark.de\/en\/wp-json\/wp\/v2\/tags?post=4115"}],"curies":[{"name":"wp","href":"https:\/\/api.w.org\/{rel}","templated":true}]}}