{"id":4422,"date":"2019-09-12T11:49:50","date_gmt":"2019-09-12T09:49:50","guid":{"rendered":"https:\/\/www.mediapark.de\/?p=4422"},"modified":"2019-09-12T15:05:20","modified_gmt":"2019-09-12T13:05:20","slug":"oreo-pop-up-world-im-mediapark","status":"publish","type":"post","link":"https:\/\/www.mediapark.de\/en\/news\/oreo-pop-up-world-im-mediapark\/","title":{"rendered":"OREO Pop-Up-World im MediaPark"},"content":{"rendered":"<div class=\"wpb-content-wrapper\"><p>[vc_row][vc_column width=&#8221;1\/3&#8243; offset=&#8221;vc_col-lg-3 vc_col-md-4 vc_hidden-sm vc_col-xs-12 vc_hidden-xs&#8221;][\/vc_column][vc_column css=&#8221;.vc_custom_1494321748347{background-color: #ffffff !important;}&#8221; offset=&#8221;vc_col-lg-9 vc_col-md-8 vc_col-xs-12&#8243;][vc_row_inner][vc_column_inner el_class=&#8221;content-headline&#8221;][vc_column_text]<\/p>\n<h2>OREO Pop-Up-World vom 19.-22. September im MediaPark<\/h2>\n<p>[\/vc_column_text][\/vc_column_inner][\/vc_row_inner][vc_column_text]\u201eStay Playful\u201c mit OREO! Die OREO-Pop-Up-World residiert das erste Mal in K\u00f6ln und l\u00e4dt dazu ein die Erlebniswelten von OREO spielerisch zu entdecken. Die Containerstadt in OREOblau \u00f6ffnet am 19.09.2019 um 11:00 Uhr ihre T\u00fcren f\u00fcr alle Keksliebhaber und Abenteurer. Fantastische OREO-Welten, \u00dcberraschungen und OREO Kekse in Gold, Chrispy &amp; Thin und Eisform erwarten die Besucher. Die OREO Pop-Up-World ist ein gro\u00dfer Spielplatz mit coolen Fotospots und leckeren Keks-Snacks f\u00fcr jeden. Im <a href=\"https:\/\/www.mediapark.de\/mediapark-fuer-besucher\/anreise-und-parken\/\">MediaPark<\/a> ist die OREO Pop-Up-World vom 19.09.-22.09. von 11:00-20:00 Uhr ge\u00f6ffnet, bevor sie nach Potsdam weiterzieht.<\/p>\n<p>Die Containerwelt h\u00e4lt coole \u00dcberraschungen bereit. Die einzigartige OREO Welt zieht Besucher visuell und kulinarisch in seinen Bann und pr\u00e4sentiert die Keksvielfalt von OREO auf verspielte Weise. Verspiegelte W\u00e4nde, die magische Illusionen schaffen, verk\u00f6rpern etwa den neuen Keks OREO Golden. Beim klassischen OREO Original steht in der Upside-Down-Welt alles auf dem Kopf. Sie bietet eine au\u00dfergew\u00f6hnliche Kulisse f\u00fcr verr\u00fcckte Fotomotive. Das beliebte B\u00e4llebad mit Boomerang-Videofunktion von OREO Double steht f\u00fcr jeden Spa\u00df bereit, den die Besucher gerne auf ihren Social-Media-Kan\u00e4len teilen k\u00f6nnen. F\u00fcr individuelle Keks-Kreationen sorgen P\u00e2tissiers im OREO Crispy &amp; Thin Container. \u201eTwist, lick and dunk\u201c \u2013 das popul\u00e4re OREO Ritual k\u00f6nnen die Besucher an der Milchbar dann gleich samt Lieblingskeks ausprobieren.<\/p>\n<h2>Tickets f\u00fcr die Pre-Opening-Party der Oreo-pop-up-World gewinnen!<\/h2>\n<p>Bereits vor der Er\u00f6ffnung findet am 18. September ein exklusives Pre-Opening der Oreo-pop-up-World mit ausgew\u00e4hlten G\u00e4sten, K\u00f6lner Influencern und bekannten Instagrammern im MediaPark statt. 5&#215;2 Tickets f\u00fcr die gro\u00dfe Pre-Opening-Party k\u00f6nnt ihr <a href=\"https:\/\/www.koeln.de\/gewinnspiele\/kleiner_keks_ganz_gross_oreo_popup_world_kommt_nach_koeln_1130470.html\">hier<\/a> gewinnen. Viel Gl\u00fcck! Bei Drinks, Snacks, reichlich Oreo-Keksen und Livemusik k\u00f6nnt ihr die Pop-Up World als exklusive G\u00e4ste schon vor allen anderen entdecken.[\/vc_column_text][\/vc_column][\/vc_row][vc_row][vc_column][\/vc_column][\/vc_row][vc_row][vc_column][\/vc_column][\/vc_row]<\/p>\n<\/div>","protected":false},"excerpt":{"rendered":"<p>[vc_row][vc_column width=&#8221;1\/3&#8243; offset=&#8221;vc_col-lg-3 vc_col-md-4 vc_hidden-sm vc_col-xs-12 vc_hidden-xs&#8221;][\/vc_column][vc_column css=&#8221;.vc_custom_1494321748347{background-color: #ffffff !important;}&#8221; offset=&#8221;vc_col-lg-9 vc_col-md-8 vc_col-xs-12&#8243;][vc_row_inner][vc_column_inner el_class=&#8221;content-headline&#8221;][vc_column_text] OREO Pop-Up-World vom 19.-22. September im MediaPark [\/vc_column_text][\/vc_column_inner][\/vc_row_inner][vc_column_text]\u201eStay Playful\u201c mit OREO! Die OREO-Pop-Up-World residiert das erste Mal in K\u00f6ln und l\u00e4dt dazu ein die Erlebniswelten von OREO spielerisch zu entdecken. Die Containerstadt in OREOblau \u00f6ffnet am 19.09.2019 um 11:00 Uhr ihre&hellip;<\/p>\n","protected":false},"author":2,"featured_media":4423,"comment_status":"open","ping_status":"open","sticky":false,"template":"","format":"standard","meta":{"_acf_changed":false,"footnotes":""},"categories":[4,66],"tags":[],"class_list":["post-4422","post","type-post","status-publish","format-standard","hentry","category-news","category-veranstaltungen"],"acf":[],"yoast_head":"<!-- This site is optimized with the Yoast SEO plugin v24.2 - https:\/\/yoast.com\/wordpress\/plugins\/seo\/ -->\n<title>Oreo-pop-up-world im MediaPark K\u00f6ln www.mediapark.de<\/title>\n<meta name=\"description\" content=\"\u201eStay Playful\u201c mit OREO! Die OREO-Pop-Up-World residiert das erste Mal in K\u00f6ln und l\u00e4dt dazu ein die Erlebniswelten von OREO spielerisch zu entdecken.\" \/>\n<meta name=\"robots\" content=\"index, follow, max-snippet:-1, max-image-preview:large, max-video-preview:-1\" \/>\n<link rel=\"canonical\" href=\"https:\/\/www.mediapark.de\/news\/oreo-pop-up-world-im-mediapark\/\" \/>\n<meta property=\"og:locale\" content=\"en_US\" \/>\n<meta property=\"og:type\" content=\"article\" \/>\n<meta property=\"og:title\" content=\"Oreo-pop-up-world im MediaPark K\u00f6ln www.mediapark.de\" \/>\n<meta property=\"og:description\" content=\"\u201eStay Playful\u201c mit OREO! Die OREO-Pop-Up-World residiert das erste Mal in K\u00f6ln und l\u00e4dt dazu ein die Erlebniswelten von OREO spielerisch zu entdecken.\" \/>\n<meta property=\"og:url\" content=\"https:\/\/www.mediapark.de\/news\/oreo-pop-up-world-im-mediapark\/\" \/>\n<meta property=\"og:site_name\" content=\"MediaPark K\u00f6ln\" \/>\n<meta property=\"article:publisher\" content=\"http:\/\/www.facebook.com\/pages\/MediaPark\/360959134018223\" \/>\n<meta property=\"article:published_time\" content=\"2019-09-12T09:49:50+00:00\" \/>\n<meta property=\"article:modified_time\" content=\"2019-09-12T13:05:20+00:00\" \/>\n<meta property=\"og:image\" content=\"https:\/\/www.mediapark.de\/wp-content\/uploads\/2019\/09\/SG-Oreo-Poster3.jpg\" \/>\n\t<meta property=\"og:image:width\" content=\"1365\" \/>\n\t<meta property=\"og:image:height\" content=\"772\" \/>\n\t<meta property=\"og:image:type\" content=\"image\/jpeg\" \/>\n<meta name=\"author\" content=\"Nina Linnebach\" \/>\n<meta name=\"twitter:card\" content=\"summary_large_image\" \/>\n<meta name=\"twitter:creator\" content=\"@MediaParkKoeln\" \/>\n<meta name=\"twitter:site\" content=\"@MediaParkKoeln\" \/>\n<meta name=\"twitter:label1\" content=\"Written by\" \/>\n\t<meta name=\"twitter:data1\" content=\"Nina Linnebach\" \/>\n\t<meta name=\"twitter:label2\" content=\"Est. reading time\" \/>\n\t<meta name=\"twitter:data2\" content=\"2 minutes\" \/>\n<script type=\"application\/ld+json\" class=\"yoast-schema-graph\">{\"@context\":\"https:\/\/schema.org\",\"@graph\":[{\"@type\":\"WebPage\",\"@id\":\"https:\/\/www.mediapark.de\/news\/oreo-pop-up-world-im-mediapark\/\",\"url\":\"https:\/\/www.mediapark.de\/news\/oreo-pop-up-world-im-mediapark\/\",\"name\":\"Oreo-pop-up-world im MediaPark K\u00f6ln www.mediapark.de\",\"isPartOf\":{\"@id\":\"https:\/\/www.mediapark.de\/#website\"},\"primaryImageOfPage\":{\"@id\":\"https:\/\/www.mediapark.de\/news\/oreo-pop-up-world-im-mediapark\/#primaryimage\"},\"image\":{\"@id\":\"https:\/\/www.mediapark.de\/news\/oreo-pop-up-world-im-mediapark\/#primaryimage\"},\"thumbnailUrl\":\"https:\/\/www.mediapark.de\/wp-content\/uploads\/2019\/09\/SG-Oreo-Poster3.jpg\",\"datePublished\":\"2019-09-12T09:49:50+00:00\",\"dateModified\":\"2019-09-12T13:05:20+00:00\",\"author\":{\"@id\":\"https:\/\/www.mediapark.de\/#\/schema\/person\/312ccfc44e8b62dabb32f9b501f82c90\"},\"description\":\"\u201eStay Playful\u201c mit OREO! Die OREO-Pop-Up-World residiert das erste Mal in K\u00f6ln und l\u00e4dt dazu ein die Erlebniswelten von OREO spielerisch zu entdecken.\",\"breadcrumb\":{\"@id\":\"https:\/\/www.mediapark.de\/news\/oreo-pop-up-world-im-mediapark\/#breadcrumb\"},\"inLanguage\":\"en-US\",\"potentialAction\":[{\"@type\":\"ReadAction\",\"target\":[\"https:\/\/www.mediapark.de\/news\/oreo-pop-up-world-im-mediapark\/\"]}]},{\"@type\":\"ImageObject\",\"inLanguage\":\"en-US\",\"@id\":\"https:\/\/www.mediapark.de\/news\/oreo-pop-up-world-im-mediapark\/#primaryimage\",\"url\":\"https:\/\/www.mediapark.de\/wp-content\/uploads\/2019\/09\/SG-Oreo-Poster3.jpg\",\"contentUrl\":\"https:\/\/www.mediapark.de\/wp-content\/uploads\/2019\/09\/SG-Oreo-Poster3.jpg\",\"width\":1365,\"height\":772},{\"@type\":\"BreadcrumbList\",\"@id\":\"https:\/\/www.mediapark.de\/news\/oreo-pop-up-world-im-mediapark\/#breadcrumb\",\"itemListElement\":[{\"@type\":\"ListItem\",\"position\":1,\"name\":\"Startseite\",\"item\":\"https:\/\/www.mediapark.de\/en\/\"},{\"@type\":\"ListItem\",\"position\":2,\"name\":\"News\",\"item\":\"https:\/\/www.mediapark.de\/category\/news\/\"},{\"@type\":\"ListItem\",\"position\":3,\"name\":\"OREO Pop-Up-World im MediaPark\"}]},{\"@type\":\"WebSite\",\"@id\":\"https:\/\/www.mediapark.de\/#website\",\"url\":\"https:\/\/www.mediapark.de\/\",\"name\":\"MediaPark K\u00f6ln\",\"description\":\"\",\"potentialAction\":[{\"@type\":\"SearchAction\",\"target\":{\"@type\":\"EntryPoint\",\"urlTemplate\":\"https:\/\/www.mediapark.de\/?s={search_term_string}\"},\"query-input\":{\"@type\":\"PropertyValueSpecification\",\"valueRequired\":true,\"valueName\":\"search_term_string\"}}],\"inLanguage\":\"en-US\"},{\"@type\":\"Person\",\"@id\":\"https:\/\/www.mediapark.de\/#\/schema\/person\/312ccfc44e8b62dabb32f9b501f82c90\",\"name\":\"Nina Linnebach\",\"image\":{\"@type\":\"ImageObject\",\"inLanguage\":\"en-US\",\"@id\":\"https:\/\/www.mediapark.de\/#\/schema\/person\/image\/\",\"url\":\"https:\/\/secure.gravatar.com\/avatar\/31c6a2f8e07f9a160bd98d06232585d9?s=96&d=mm&r=g\",\"contentUrl\":\"https:\/\/secure.gravatar.com\/avatar\/31c6a2f8e07f9a160bd98d06232585d9?s=96&d=mm&r=g\",\"caption\":\"Nina Linnebach\"},\"url\":\"https:\/\/www.mediapark.de\/en\/author\/n_linnebach\/\"}]}<\/script>\n<!-- \/ Yoast SEO plugin. -->","yoast_head_json":{"title":"Oreo-pop-up-world im MediaPark K\u00f6ln www.mediapark.de","description":"\u201eStay Playful\u201c mit OREO! Die OREO-Pop-Up-World residiert das erste Mal in K\u00f6ln und l\u00e4dt dazu ein die Erlebniswelten von OREO spielerisch zu entdecken.","robots":{"index":"index","follow":"follow","max-snippet":"max-snippet:-1","max-image-preview":"max-image-preview:large","max-video-preview":"max-video-preview:-1"},"canonical":"https:\/\/www.mediapark.de\/news\/oreo-pop-up-world-im-mediapark\/","og_locale":"en_US","og_type":"article","og_title":"Oreo-pop-up-world im MediaPark K\u00f6ln www.mediapark.de","og_description":"\u201eStay Playful\u201c mit OREO! Die OREO-Pop-Up-World residiert das erste Mal in K\u00f6ln und l\u00e4dt dazu ein die Erlebniswelten von OREO spielerisch zu entdecken.","og_url":"https:\/\/www.mediapark.de\/news\/oreo-pop-up-world-im-mediapark\/","og_site_name":"MediaPark K\u00f6ln","article_publisher":"http:\/\/www.facebook.com\/pages\/MediaPark\/360959134018223","article_published_time":"2019-09-12T09:49:50+00:00","article_modified_time":"2019-09-12T13:05:20+00:00","og_image":[{"width":1365,"height":772,"url":"https:\/\/www.mediapark.de\/wp-content\/uploads\/2019\/09\/SG-Oreo-Poster3.jpg","type":"image\/jpeg"}],"author":"Nina Linnebach","twitter_card":"summary_large_image","twitter_creator":"@MediaParkKoeln","twitter_site":"@MediaParkKoeln","twitter_misc":{"Written by":"Nina Linnebach","Est. reading time":"2 minutes"},"schema":{"@context":"https:\/\/schema.org","@graph":[{"@type":"WebPage","@id":"https:\/\/www.mediapark.de\/news\/oreo-pop-up-world-im-mediapark\/","url":"https:\/\/www.mediapark.de\/news\/oreo-pop-up-world-im-mediapark\/","name":"Oreo-pop-up-world im MediaPark K\u00f6ln www.mediapark.de","isPartOf":{"@id":"https:\/\/www.mediapark.de\/#website"},"primaryImageOfPage":{"@id":"https:\/\/www.mediapark.de\/news\/oreo-pop-up-world-im-mediapark\/#primaryimage"},"image":{"@id":"https:\/\/www.mediapark.de\/news\/oreo-pop-up-world-im-mediapark\/#primaryimage"},"thumbnailUrl":"https:\/\/www.mediapark.de\/wp-content\/uploads\/2019\/09\/SG-Oreo-Poster3.jpg","datePublished":"2019-09-12T09:49:50+00:00","dateModified":"2019-09-12T13:05:20+00:00","author":{"@id":"https:\/\/www.mediapark.de\/#\/schema\/person\/312ccfc44e8b62dabb32f9b501f82c90"},"description":"\u201eStay Playful\u201c mit OREO! Die OREO-Pop-Up-World residiert das erste Mal in K\u00f6ln und l\u00e4dt dazu ein die Erlebniswelten von OREO spielerisch zu entdecken.","breadcrumb":{"@id":"https:\/\/www.mediapark.de\/news\/oreo-pop-up-world-im-mediapark\/#breadcrumb"},"inLanguage":"en-US","potentialAction":[{"@type":"ReadAction","target":["https:\/\/www.mediapark.de\/news\/oreo-pop-up-world-im-mediapark\/"]}]},{"@type":"ImageObject","inLanguage":"en-US","@id":"https:\/\/www.mediapark.de\/news\/oreo-pop-up-world-im-mediapark\/#primaryimage","url":"https:\/\/www.mediapark.de\/wp-content\/uploads\/2019\/09\/SG-Oreo-Poster3.jpg","contentUrl":"https:\/\/www.mediapark.de\/wp-content\/uploads\/2019\/09\/SG-Oreo-Poster3.jpg","width":1365,"height":772},{"@type":"BreadcrumbList","@id":"https:\/\/www.mediapark.de\/news\/oreo-pop-up-world-im-mediapark\/#breadcrumb","itemListElement":[{"@type":"ListItem","position":1,"name":"Startseite","item":"https:\/\/www.mediapark.de\/en\/"},{"@type":"ListItem","position":2,"name":"News","item":"https:\/\/www.mediapark.de\/category\/news\/"},{"@type":"ListItem","position":3,"name":"OREO Pop-Up-World im MediaPark"}]},{"@type":"WebSite","@id":"https:\/\/www.mediapark.de\/#website","url":"https:\/\/www.mediapark.de\/","name":"MediaPark K\u00f6ln","description":"","potentialAction":[{"@type":"SearchAction","target":{"@type":"EntryPoint","urlTemplate":"https:\/\/www.mediapark.de\/?s={search_term_string}"},"query-input":{"@type":"PropertyValueSpecification","valueRequired":true,"valueName":"search_term_string"}}],"inLanguage":"en-US"},{"@type":"Person","@id":"https:\/\/www.mediapark.de\/#\/schema\/person\/312ccfc44e8b62dabb32f9b501f82c90","name":"Nina Linnebach","image":{"@type":"ImageObject","inLanguage":"en-US","@id":"https:\/\/www.mediapark.de\/#\/schema\/person\/image\/","url":"https:\/\/secure.gravatar.com\/avatar\/31c6a2f8e07f9a160bd98d06232585d9?s=96&d=mm&r=g","contentUrl":"https:\/\/secure.gravatar.com\/avatar\/31c6a2f8e07f9a160bd98d06232585d9?s=96&d=mm&r=g","caption":"Nina Linnebach"},"url":"https:\/\/www.mediapark.de\/en\/author\/n_linnebach\/"}]}},"_links":{"self":[{"href":"https:\/\/www.mediapark.de\/en\/wp-json\/wp\/v2\/posts\/4422","targetHints":{"allow":["GET"]}}],"collection":[{"href":"https:\/\/www.mediapark.de\/en\/wp-json\/wp\/v2\/posts"}],"about":[{"href":"https:\/\/www.mediapark.de\/en\/wp-json\/wp\/v2\/types\/post"}],"author":[{"embeddable":true,"href":"https:\/\/www.mediapark.de\/en\/wp-json\/wp\/v2\/users\/2"}],"replies":[{"embeddable":true,"href":"https:\/\/www.mediapark.de\/en\/wp-json\/wp\/v2\/comments?post=4422"}],"version-history":[{"count":7,"href":"https:\/\/www.mediapark.de\/en\/wp-json\/wp\/v2\/posts\/4422\/revisions"}],"predecessor-version":[{"id":4480,"href":"https:\/\/www.mediapark.de\/en\/wp-json\/wp\/v2\/posts\/4422\/revisions\/4480"}],"wp:featuredmedia":[{"embeddable":true,"href":"https:\/\/www.mediapark.de\/en\/wp-json\/wp\/v2\/media\/4423"}],"wp:attachment":[{"href":"https:\/\/www.mediapark.de\/en\/wp-json\/wp\/v2\/media?parent=4422"}],"wp:term":[{"taxonomy":"category","embeddable":true,"href":"https:\/\/www.mediapark.de\/en\/wp-json\/wp\/v2\/categories?post=4422"},{"taxonomy":"post_tag","embeddable":true,"href":"https:\/\/www.mediapark.de\/en\/wp-json\/wp\/v2\/tags?post=4422"}],"curies":[{"name":"wp","href":"https:\/\/api.w.org\/{rel}","templated":true}]}}