{"id":4748,"date":"2020-01-27T15:09:18","date_gmt":"2020-01-27T14:09:18","guid":{"rendered":"https:\/\/www.mediapark.de\/?p=4748"},"modified":"2020-01-27T15:09:18","modified_gmt":"2020-01-27T14:09:18","slug":"made-in-koeln","status":"publish","type":"post","link":"https:\/\/www.mediapark.de\/en\/veranstaltungen\/made-in-koeln\/","title":{"rendered":"Made in K\u00f6ln"},"content":{"rendered":"<div class=\"wpb-content-wrapper\"><p>[vc_row][vc_column width=&#8221;1\/3&#8243; offset=&#8221;vc_col-lg-3 vc_col-md-4 vc_hidden-sm vc_col-xs-12 vc_hidden-xs&#8221;][\/vc_column][vc_column css=&#8221;.vc_custom_1494321748347{background-color: #ffffff !important;}&#8221; offset=&#8221;vc_col-lg-9 vc_col-md-8 vc_col-xs-12&#8243;][vc_row_inner][vc_column_inner el_class=&#8221;content-headline&#8221;][vc_column_text]<\/p>\n<h1>Made in K\u00f6ln<\/h1>\n<p>[\/vc_column_text][\/vc_column_inner][\/vc_row_inner][vc_single_image image=&#8221;4751&#8243; img_size=&#8221;post-header&#8221; alignment=&#8221;center&#8221; el_class=&#8221;post-title-image&#8221;][vc_column_text]<\/p>\n<div id=\"c5content_47746\" class=\"c5content row\">\n<div class=\"col-md-4\">Made in K\u00f6ln ist die Endverbrauchermesse f\u00fcr regionale Produkte aus dem Raum K\u00f6ln. Zahlreiche <a class=\"c5link internal-fore\" href=\"https:\/\/madeinkoeln-messe.de\/aussteller.html\" target=\"_self\"> Aussteller<\/a> aus den unterschiedlichsten Branchen erwarten dich mit ihren spannenden, hochwertigen und innovativen Produkten jeglicher Art. Vom kreativen Einzelk\u00e4mpfer bis zur aufstrebenden Manufaktur, Hauptsache Made in K\u00f6ln \u2013 von K\u00f6lnern f\u00fcr K\u00f6lner!<\/div>\n<div class=\"col-md-4\">Erlebe die Stadt von ihrer sch\u00f6pferischen Seite, unterst\u00fctze regionale Hersteller und zeige deine lokale Verbundenheit. Regionalit\u00e4t ist in der heutigen Zeit ein wichtiger Faktor. \u201eMade in Germany\u201c ist laut einer aktuellen Umfrage das weltweit angesehenste Pr\u00e4dikat, aber auch die kleinere Schwester \u201eMade in K\u00f6ln\u201c hat sich schon zu einem echten Qualit\u00e4tsmerkmal entwickelt.<\/div>\n<div class=\"col-md-4\">Lass dir die Made in K\u00f6ln am Herbstwochenende vom 17.-18. Oktober 2020 im MediaPark 6 in K\u00f6ln nicht entgehen und folge schonmal auf <a class=\"c5link internal-fore\" href=\"https:\/\/www.facebook.com\/MadeInKoeln\/\" target=\"_blank\" rel=\"noopener\"> Facebook<\/a> und <a class=\"c5link internal-fore\" href=\"https:\/\/www.instagram.com\/made_in_koeln_messe\/\" target=\"_blank\" rel=\"noopener\"> Instagram<\/a>, um auf dem aktuellen Stand zu bleiben.<\/div>\n<\/div>\n<div><\/div>\n<div><strong>Mehr Infos unter <a href=\"https:\/\/madeinkoeln-messe.de\/\">www.madeinkoeln-messe.de<\/a><\/strong><\/div>\n<div id=\"c5content_47746\" class=\"c5content row\">\n<div><\/div>\n<\/div>\n<p>[\/vc_column_text][\/vc_column][\/vc_row]<\/p>\n<\/div>","protected":false},"excerpt":{"rendered":"<p>[vc_row][vc_column width=&#8221;1\/3&#8243; offset=&#8221;vc_col-lg-3 vc_col-md-4 vc_hidden-sm vc_col-xs-12 vc_hidden-xs&#8221;][\/vc_column][vc_column css=&#8221;.vc_custom_1494321748347{background-color: #ffffff !important;}&#8221; offset=&#8221;vc_col-lg-9 vc_col-md-8 vc_col-xs-12&#8243;][vc_row_inner][vc_column_inner el_class=&#8221;content-headline&#8221;][vc_column_text] Made in K\u00f6ln [\/vc_column_text][\/vc_column_inner][\/vc_row_inner][vc_single_image image=&#8221;4751&#8243; img_size=&#8221;post-header&#8221; alignment=&#8221;center&#8221; el_class=&#8221;post-title-image&#8221;][vc_column_text] Made in K\u00f6ln ist die Endverbrauchermesse f\u00fcr regionale Produkte aus dem Raum K\u00f6ln. Zahlreiche Aussteller aus den unterschiedlichsten Branchen erwarten dich mit ihren spannenden, hochwertigen und innovativen Produkten jeglicher Art. Vom kreativen Einzelk\u00e4mpfer&hellip;<\/p>\n","protected":false},"author":2,"featured_media":4753,"comment_status":"open","ping_status":"open","sticky":false,"template":"","format":"standard","meta":{"_acf_changed":false,"footnotes":""},"categories":[66],"tags":[],"class_list":["post-4748","post","type-post","status-publish","format-standard","hentry","category-veranstaltungen"],"acf":[],"yoast_head":"<!-- This site is optimized with the Yoast SEO plugin v24.2 - https:\/\/yoast.com\/wordpress\/plugins\/seo\/ -->\n<title>Made in K\u00f6ln - MediaPark K\u00f6ln<\/title>\n<meta name=\"robots\" content=\"index, follow, max-snippet:-1, max-image-preview:large, max-video-preview:-1\" \/>\n<link rel=\"canonical\" href=\"https:\/\/www.mediapark.de\/veranstaltungen\/made-in-koeln\/\" \/>\n<meta property=\"og:locale\" content=\"en_US\" \/>\n<meta property=\"og:type\" content=\"article\" \/>\n<meta property=\"og:title\" content=\"Made in K\u00f6ln - MediaPark K\u00f6ln\" \/>\n<meta property=\"og:description\" content=\"[vc_row][vc_column width=&#8221;1\/3&#8243; offset=&#8221;vc_col-lg-3 vc_col-md-4 vc_hidden-sm vc_col-xs-12 vc_hidden-xs&#8221;][\/vc_column][vc_column css=&#8221;.vc_custom_1494321748347{background-color: #ffffff !important;}&#8221; offset=&#8221;vc_col-lg-9 vc_col-md-8 vc_col-xs-12&#8243;][vc_row_inner][vc_column_inner el_class=&#8221;content-headline&#8221;][vc_column_text] Made in K\u00f6ln [\/vc_column_text][\/vc_column_inner][\/vc_row_inner][vc_single_image image=&#8221;4751&#8243; img_size=&#8221;post-header&#8221; alignment=&#8221;center&#8221; el_class=&#8221;post-title-image&#8221;][vc_column_text] Made in K\u00f6ln ist die Endverbrauchermesse f\u00fcr regionale Produkte aus dem Raum K\u00f6ln. Zahlreiche Aussteller aus den unterschiedlichsten Branchen erwarten dich mit ihren spannenden, hochwertigen und innovativen Produkten jeglicher Art. Vom kreativen Einzelk\u00e4mpfer&hellip;\" \/>\n<meta property=\"og:url\" content=\"https:\/\/www.mediapark.de\/veranstaltungen\/made-in-koeln\/\" \/>\n<meta property=\"og:site_name\" content=\"MediaPark K\u00f6ln\" \/>\n<meta property=\"article:publisher\" content=\"http:\/\/www.facebook.com\/pages\/MediaPark\/360959134018223\" \/>\n<meta property=\"article:published_time\" content=\"2020-01-27T14:09:18+00:00\" \/>\n<meta property=\"og:image\" content=\"https:\/\/www.mediapark.de\/wp-content\/uploads\/2020\/01\/SG-FeelingOfKoeln2019.jpg\" \/>\n\t<meta property=\"og:image:width\" content=\"6016\" \/>\n\t<meta property=\"og:image:height\" content=\"3404\" \/>\n\t<meta property=\"og:image:type\" content=\"image\/jpeg\" \/>\n<meta name=\"author\" content=\"Nina Linnebach\" \/>\n<meta name=\"twitter:card\" content=\"summary_large_image\" \/>\n<meta name=\"twitter:creator\" content=\"@MediaParkKoeln\" \/>\n<meta name=\"twitter:site\" content=\"@MediaParkKoeln\" \/>\n<meta name=\"twitter:label1\" content=\"Written by\" \/>\n\t<meta name=\"twitter:data1\" content=\"Nina Linnebach\" \/>\n\t<meta name=\"twitter:label2\" content=\"Est. reading time\" \/>\n\t<meta name=\"twitter:data2\" content=\"1 minute\" \/>\n<script type=\"application\/ld+json\" class=\"yoast-schema-graph\">{\"@context\":\"https:\/\/schema.org\",\"@graph\":[{\"@type\":\"WebPage\",\"@id\":\"https:\/\/www.mediapark.de\/veranstaltungen\/made-in-koeln\/\",\"url\":\"https:\/\/www.mediapark.de\/veranstaltungen\/made-in-koeln\/\",\"name\":\"Made in K\u00f6ln - MediaPark K\u00f6ln\",\"isPartOf\":{\"@id\":\"https:\/\/www.mediapark.de\/#website\"},\"primaryImageOfPage\":{\"@id\":\"https:\/\/www.mediapark.de\/veranstaltungen\/made-in-koeln\/#primaryimage\"},\"image\":{\"@id\":\"https:\/\/www.mediapark.de\/veranstaltungen\/made-in-koeln\/#primaryimage\"},\"thumbnailUrl\":\"https:\/\/www.mediapark.de\/wp-content\/uploads\/2020\/01\/SG-FeelingOfKoeln2019.jpg\",\"datePublished\":\"2020-01-27T14:09:18+00:00\",\"dateModified\":\"2020-01-27T14:09:18+00:00\",\"author\":{\"@id\":\"https:\/\/www.mediapark.de\/#\/schema\/person\/312ccfc44e8b62dabb32f9b501f82c90\"},\"breadcrumb\":{\"@id\":\"https:\/\/www.mediapark.de\/veranstaltungen\/made-in-koeln\/#breadcrumb\"},\"inLanguage\":\"en-US\",\"potentialAction\":[{\"@type\":\"ReadAction\",\"target\":[\"https:\/\/www.mediapark.de\/veranstaltungen\/made-in-koeln\/\"]}]},{\"@type\":\"ImageObject\",\"inLanguage\":\"en-US\",\"@id\":\"https:\/\/www.mediapark.de\/veranstaltungen\/made-in-koeln\/#primaryimage\",\"url\":\"https:\/\/www.mediapark.de\/wp-content\/uploads\/2020\/01\/SG-FeelingOfKoeln2019.jpg\",\"contentUrl\":\"https:\/\/www.mediapark.de\/wp-content\/uploads\/2020\/01\/SG-FeelingOfKoeln2019.jpg\",\"width\":6016,\"height\":3404},{\"@type\":\"BreadcrumbList\",\"@id\":\"https:\/\/www.mediapark.de\/veranstaltungen\/made-in-koeln\/#breadcrumb\",\"itemListElement\":[{\"@type\":\"ListItem\",\"position\":1,\"name\":\"Startseite\",\"item\":\"https:\/\/www.mediapark.de\/en\/\"},{\"@type\":\"ListItem\",\"position\":2,\"name\":\"Veranstaltungen\",\"item\":\"https:\/\/www.mediapark.de\/category\/veranstaltungen\/\"},{\"@type\":\"ListItem\",\"position\":3,\"name\":\"Made in K\u00f6ln\"}]},{\"@type\":\"WebSite\",\"@id\":\"https:\/\/www.mediapark.de\/#website\",\"url\":\"https:\/\/www.mediapark.de\/\",\"name\":\"MediaPark K\u00f6ln\",\"description\":\"\",\"potentialAction\":[{\"@type\":\"SearchAction\",\"target\":{\"@type\":\"EntryPoint\",\"urlTemplate\":\"https:\/\/www.mediapark.de\/?s={search_term_string}\"},\"query-input\":{\"@type\":\"PropertyValueSpecification\",\"valueRequired\":true,\"valueName\":\"search_term_string\"}}],\"inLanguage\":\"en-US\"},{\"@type\":\"Person\",\"@id\":\"https:\/\/www.mediapark.de\/#\/schema\/person\/312ccfc44e8b62dabb32f9b501f82c90\",\"name\":\"Nina Linnebach\",\"image\":{\"@type\":\"ImageObject\",\"inLanguage\":\"en-US\",\"@id\":\"https:\/\/www.mediapark.de\/#\/schema\/person\/image\/\",\"url\":\"https:\/\/secure.gravatar.com\/avatar\/31c6a2f8e07f9a160bd98d06232585d9?s=96&d=mm&r=g\",\"contentUrl\":\"https:\/\/secure.gravatar.com\/avatar\/31c6a2f8e07f9a160bd98d06232585d9?s=96&d=mm&r=g\",\"caption\":\"Nina Linnebach\"},\"url\":\"https:\/\/www.mediapark.de\/en\/author\/n_linnebach\/\"}]}<\/script>\n<!-- \/ Yoast SEO plugin. -->","yoast_head_json":{"title":"Made in K\u00f6ln - MediaPark K\u00f6ln","robots":{"index":"index","follow":"follow","max-snippet":"max-snippet:-1","max-image-preview":"max-image-preview:large","max-video-preview":"max-video-preview:-1"},"canonical":"https:\/\/www.mediapark.de\/veranstaltungen\/made-in-koeln\/","og_locale":"en_US","og_type":"article","og_title":"Made in K\u00f6ln - MediaPark K\u00f6ln","og_description":"[vc_row][vc_column width=&#8221;1\/3&#8243; offset=&#8221;vc_col-lg-3 vc_col-md-4 vc_hidden-sm vc_col-xs-12 vc_hidden-xs&#8221;][\/vc_column][vc_column css=&#8221;.vc_custom_1494321748347{background-color: #ffffff !important;}&#8221; offset=&#8221;vc_col-lg-9 vc_col-md-8 vc_col-xs-12&#8243;][vc_row_inner][vc_column_inner el_class=&#8221;content-headline&#8221;][vc_column_text] Made in K\u00f6ln [\/vc_column_text][\/vc_column_inner][\/vc_row_inner][vc_single_image image=&#8221;4751&#8243; img_size=&#8221;post-header&#8221; alignment=&#8221;center&#8221; el_class=&#8221;post-title-image&#8221;][vc_column_text] Made in K\u00f6ln ist die Endverbrauchermesse f\u00fcr regionale Produkte aus dem Raum K\u00f6ln. Zahlreiche Aussteller aus den unterschiedlichsten Branchen erwarten dich mit ihren spannenden, hochwertigen und innovativen Produkten jeglicher Art. Vom kreativen Einzelk\u00e4mpfer&hellip;","og_url":"https:\/\/www.mediapark.de\/veranstaltungen\/made-in-koeln\/","og_site_name":"MediaPark K\u00f6ln","article_publisher":"http:\/\/www.facebook.com\/pages\/MediaPark\/360959134018223","article_published_time":"2020-01-27T14:09:18+00:00","og_image":[{"width":6016,"height":3404,"url":"https:\/\/www.mediapark.de\/wp-content\/uploads\/2020\/01\/SG-FeelingOfKoeln2019.jpg","type":"image\/jpeg"}],"author":"Nina Linnebach","twitter_card":"summary_large_image","twitter_creator":"@MediaParkKoeln","twitter_site":"@MediaParkKoeln","twitter_misc":{"Written by":"Nina Linnebach","Est. reading time":"1 minute"},"schema":{"@context":"https:\/\/schema.org","@graph":[{"@type":"WebPage","@id":"https:\/\/www.mediapark.de\/veranstaltungen\/made-in-koeln\/","url":"https:\/\/www.mediapark.de\/veranstaltungen\/made-in-koeln\/","name":"Made in K\u00f6ln - MediaPark K\u00f6ln","isPartOf":{"@id":"https:\/\/www.mediapark.de\/#website"},"primaryImageOfPage":{"@id":"https:\/\/www.mediapark.de\/veranstaltungen\/made-in-koeln\/#primaryimage"},"image":{"@id":"https:\/\/www.mediapark.de\/veranstaltungen\/made-in-koeln\/#primaryimage"},"thumbnailUrl":"https:\/\/www.mediapark.de\/wp-content\/uploads\/2020\/01\/SG-FeelingOfKoeln2019.jpg","datePublished":"2020-01-27T14:09:18+00:00","dateModified":"2020-01-27T14:09:18+00:00","author":{"@id":"https:\/\/www.mediapark.de\/#\/schema\/person\/312ccfc44e8b62dabb32f9b501f82c90"},"breadcrumb":{"@id":"https:\/\/www.mediapark.de\/veranstaltungen\/made-in-koeln\/#breadcrumb"},"inLanguage":"en-US","potentialAction":[{"@type":"ReadAction","target":["https:\/\/www.mediapark.de\/veranstaltungen\/made-in-koeln\/"]}]},{"@type":"ImageObject","inLanguage":"en-US","@id":"https:\/\/www.mediapark.de\/veranstaltungen\/made-in-koeln\/#primaryimage","url":"https:\/\/www.mediapark.de\/wp-content\/uploads\/2020\/01\/SG-FeelingOfKoeln2019.jpg","contentUrl":"https:\/\/www.mediapark.de\/wp-content\/uploads\/2020\/01\/SG-FeelingOfKoeln2019.jpg","width":6016,"height":3404},{"@type":"BreadcrumbList","@id":"https:\/\/www.mediapark.de\/veranstaltungen\/made-in-koeln\/#breadcrumb","itemListElement":[{"@type":"ListItem","position":1,"name":"Startseite","item":"https:\/\/www.mediapark.de\/en\/"},{"@type":"ListItem","position":2,"name":"Veranstaltungen","item":"https:\/\/www.mediapark.de\/category\/veranstaltungen\/"},{"@type":"ListItem","position":3,"name":"Made in K\u00f6ln"}]},{"@type":"WebSite","@id":"https:\/\/www.mediapark.de\/#website","url":"https:\/\/www.mediapark.de\/","name":"MediaPark K\u00f6ln","description":"","potentialAction":[{"@type":"SearchAction","target":{"@type":"EntryPoint","urlTemplate":"https:\/\/www.mediapark.de\/?s={search_term_string}"},"query-input":{"@type":"PropertyValueSpecification","valueRequired":true,"valueName":"search_term_string"}}],"inLanguage":"en-US"},{"@type":"Person","@id":"https:\/\/www.mediapark.de\/#\/schema\/person\/312ccfc44e8b62dabb32f9b501f82c90","name":"Nina Linnebach","image":{"@type":"ImageObject","inLanguage":"en-US","@id":"https:\/\/www.mediapark.de\/#\/schema\/person\/image\/","url":"https:\/\/secure.gravatar.com\/avatar\/31c6a2f8e07f9a160bd98d06232585d9?s=96&d=mm&r=g","contentUrl":"https:\/\/secure.gravatar.com\/avatar\/31c6a2f8e07f9a160bd98d06232585d9?s=96&d=mm&r=g","caption":"Nina Linnebach"},"url":"https:\/\/www.mediapark.de\/en\/author\/n_linnebach\/"}]}},"_links":{"self":[{"href":"https:\/\/www.mediapark.de\/en\/wp-json\/wp\/v2\/posts\/4748","targetHints":{"allow":["GET"]}}],"collection":[{"href":"https:\/\/www.mediapark.de\/en\/wp-json\/wp\/v2\/posts"}],"about":[{"href":"https:\/\/www.mediapark.de\/en\/wp-json\/wp\/v2\/types\/post"}],"author":[{"embeddable":true,"href":"https:\/\/www.mediapark.de\/en\/wp-json\/wp\/v2\/users\/2"}],"replies":[{"embeddable":true,"href":"https:\/\/www.mediapark.de\/en\/wp-json\/wp\/v2\/comments?post=4748"}],"version-history":[{"count":1,"href":"https:\/\/www.mediapark.de\/en\/wp-json\/wp\/v2\/posts\/4748\/revisions"}],"predecessor-version":[{"id":4755,"href":"https:\/\/www.mediapark.de\/en\/wp-json\/wp\/v2\/posts\/4748\/revisions\/4755"}],"wp:featuredmedia":[{"embeddable":true,"href":"https:\/\/www.mediapark.de\/en\/wp-json\/wp\/v2\/media\/4753"}],"wp:attachment":[{"href":"https:\/\/www.mediapark.de\/en\/wp-json\/wp\/v2\/media?parent=4748"}],"wp:term":[{"taxonomy":"category","embeddable":true,"href":"https:\/\/www.mediapark.de\/en\/wp-json\/wp\/v2\/categories?post=4748"},{"taxonomy":"post_tag","embeddable":true,"href":"https:\/\/www.mediapark.de\/en\/wp-json\/wp\/v2\/tags?post=4748"}],"curies":[{"name":"wp","href":"https:\/\/api.w.org\/{rel}","templated":true}]}}