{"id":5314,"date":"2022-09-01T13:53:36","date_gmt":"2022-09-01T11:53:36","guid":{"rendered":"https:\/\/www.mediapark.de\/?p=5314"},"modified":"2022-09-14T11:21:16","modified_gmt":"2022-09-14T09:21:16","slug":"die-digital-x-2022-im-mediapark","status":"publish","type":"post","link":"https:\/\/www.mediapark.de\/en\/news\/die-digital-x-2022-im-mediapark\/","title":{"rendered":"Die Digital X 2022 im MediaPark"},"content":{"rendered":"<div class=\"wpb-content-wrapper\"><p>[vc_row][vc_column width=&#8221;1\/3&#8243; offset=&#8221;vc_col-lg-3 vc_col-md-4 vc_hidden-sm vc_col-xs-12 vc_hidden-xs&#8221;][\/vc_column][vc_column css=&#8221;.vc_custom_1494321748347{background-color: #ffffff !important;}&#8221; offset=&#8221;vc_col-lg-9 vc_col-md-8 vc_col-xs-12&#8243;][vc_row_inner][vc_column_inner el_class=&#8221;content-headline&#8221;][vc_column_text]<\/p>\n<h1>Die Digital X 2022 im MediaPark<\/h1>\n<p>[\/vc_column_text][\/vc_column_inner][\/vc_row_inner][vc_single_image image=&#8221;5315&#8243; img_size=&#8221;post-header&#8221; alignment=&#8221;center&#8221; el_class=&#8221;post-title-image&#8221;][vc_column_text]<\/p>\n<h3 class=\"index-event-name\" data-v-19eb2b0d=\"\">DIGITAL X 2022: Gemeinsam das Morgen gestalten<\/h3>\n<div class=\"index-event-copy\" data-v-19eb2b0d=\"\">\n<p>Im Rahmen der DIGITAL X verwandeln wir am 13. &amp; 14. September auch in diesem Jahr wieder K\u00f6ln in die Stadt der Zukunft. Die Weltausstellung der Digitalisierung \u00f6ffnet ihre Tore und l\u00e4sst die City dabei in einer neuen und einzigartigen Dimension erstrahlen. Zusammen mit \u00fcber 300 Partnern erwecken wir die Megatrends der Digitalisierung zum Leben, beleuchten facettenreich die digitalen Themen von heute und morgen und machen Technologien anfassbar. Freuen Sie sich auf internationale wie nationale Top-Speaker, spannende Talks rund um die Trends und Innovationen der Zukunft und auf ein faszinierendes Entertainment-Programm.<\/p>\n<p><a href=\"https:\/\/www.digital-x.eu\/de\/\">www.digital-x.eu<\/a><\/p>\n<\/div>\n<p>[\/vc_column_text][\/vc_column][\/vc_row]<\/p>\n<\/div>","protected":false},"excerpt":{"rendered":"<p>[vc_row][vc_column width=&#8221;1\/3&#8243; offset=&#8221;vc_col-lg-3 vc_col-md-4 vc_hidden-sm vc_col-xs-12 vc_hidden-xs&#8221;][\/vc_column][vc_column css=&#8221;.vc_custom_1494321748347{background-color: #ffffff !important;}&#8221; offset=&#8221;vc_col-lg-9 vc_col-md-8 vc_col-xs-12&#8243;][vc_row_inner][vc_column_inner el_class=&#8221;content-headline&#8221;][vc_column_text] Die Digital X 2022 im MediaPark [\/vc_column_text][\/vc_column_inner][\/vc_row_inner][vc_single_image image=&#8221;5315&#8243; img_size=&#8221;post-header&#8221; alignment=&#8221;center&#8221; el_class=&#8221;post-title-image&#8221;][vc_column_text] DIGITAL X 2022: Gemeinsam das Morgen gestalten Im Rahmen der DIGITAL X verwandeln wir am 13. &amp; 14. September auch in diesem Jahr wieder K\u00f6ln in die Stadt der Zukunft.&hellip;<\/p>\n","protected":false},"author":2,"featured_media":5317,"comment_status":"open","ping_status":"open","sticky":false,"template":"","format":"standard","meta":{"_acf_changed":false,"footnotes":""},"categories":[4,66],"tags":[],"class_list":["post-5314","post","type-post","status-publish","format-standard","hentry","category-news","category-veranstaltungen"],"acf":[],"yoast_head":"<!-- This site is optimized with the Yoast SEO plugin v24.2 - https:\/\/yoast.com\/wordpress\/plugins\/seo\/ -->\n<title>Die Digital X 2022 im MediaPark - MediaPark K\u00f6ln<\/title>\n<meta name=\"robots\" content=\"index, follow, max-snippet:-1, max-image-preview:large, max-video-preview:-1\" \/>\n<link rel=\"canonical\" href=\"https:\/\/www.mediapark.de\/news\/die-digital-x-2022-im-mediapark\/\" \/>\n<meta property=\"og:locale\" content=\"en_US\" \/>\n<meta property=\"og:type\" content=\"article\" \/>\n<meta property=\"og:title\" content=\"Die Digital X 2022 im MediaPark - MediaPark K\u00f6ln\" \/>\n<meta property=\"og:description\" content=\"[vc_row][vc_column width=&#8221;1\/3&#8243; offset=&#8221;vc_col-lg-3 vc_col-md-4 vc_hidden-sm vc_col-xs-12 vc_hidden-xs&#8221;][\/vc_column][vc_column css=&#8221;.vc_custom_1494321748347{background-color: #ffffff !important;}&#8221; offset=&#8221;vc_col-lg-9 vc_col-md-8 vc_col-xs-12&#8243;][vc_row_inner][vc_column_inner el_class=&#8221;content-headline&#8221;][vc_column_text] Die Digital X 2022 im MediaPark [\/vc_column_text][\/vc_column_inner][\/vc_row_inner][vc_single_image image=&#8221;5315&#8243; img_size=&#8221;post-header&#8221; alignment=&#8221;center&#8221; el_class=&#8221;post-title-image&#8221;][vc_column_text] DIGITAL X 2022: Gemeinsam das Morgen gestalten Im Rahmen der DIGITAL X verwandeln wir am 13. &amp; 14. September auch in diesem Jahr wieder K\u00f6ln in die Stadt der Zukunft.&hellip;\" \/>\n<meta property=\"og:url\" content=\"https:\/\/www.mediapark.de\/news\/die-digital-x-2022-im-mediapark\/\" \/>\n<meta property=\"og:site_name\" content=\"MediaPark K\u00f6ln\" \/>\n<meta property=\"article:publisher\" content=\"http:\/\/www.facebook.com\/pages\/MediaPark\/360959134018223\" \/>\n<meta property=\"article:published_time\" content=\"2022-09-01T11:53:36+00:00\" \/>\n<meta property=\"article:modified_time\" content=\"2022-09-14T09:21:16+00:00\" \/>\n<meta property=\"og:image\" content=\"https:\/\/www.mediapark.de\/wp-content\/uploads\/2022\/09\/DX22_Key_Visuals_1920x1080px_NEU.jpg\" \/>\n\t<meta property=\"og:image:width\" content=\"1920\" \/>\n\t<meta property=\"og:image:height\" content=\"1080\" \/>\n\t<meta property=\"og:image:type\" content=\"image\/jpeg\" \/>\n<meta name=\"author\" content=\"Nina Linnebach\" \/>\n<meta name=\"twitter:card\" content=\"summary_large_image\" \/>\n<meta name=\"twitter:creator\" content=\"@MediaParkKoeln\" \/>\n<meta name=\"twitter:site\" content=\"@MediaParkKoeln\" \/>\n<meta name=\"twitter:label1\" content=\"Written by\" \/>\n\t<meta name=\"twitter:data1\" content=\"Nina Linnebach\" \/>\n\t<meta name=\"twitter:label2\" content=\"Est. reading time\" \/>\n\t<meta name=\"twitter:data2\" content=\"1 minute\" \/>\n<script type=\"application\/ld+json\" class=\"yoast-schema-graph\">{\"@context\":\"https:\/\/schema.org\",\"@graph\":[{\"@type\":\"WebPage\",\"@id\":\"https:\/\/www.mediapark.de\/news\/die-digital-x-2022-im-mediapark\/\",\"url\":\"https:\/\/www.mediapark.de\/news\/die-digital-x-2022-im-mediapark\/\",\"name\":\"Die Digital X 2022 im MediaPark - MediaPark K\u00f6ln\",\"isPartOf\":{\"@id\":\"https:\/\/www.mediapark.de\/#website\"},\"primaryImageOfPage\":{\"@id\":\"https:\/\/www.mediapark.de\/news\/die-digital-x-2022-im-mediapark\/#primaryimage\"},\"image\":{\"@id\":\"https:\/\/www.mediapark.de\/news\/die-digital-x-2022-im-mediapark\/#primaryimage\"},\"thumbnailUrl\":\"https:\/\/www.mediapark.de\/wp-content\/uploads\/2022\/09\/DX22_Key_Visuals_1920x1080px_NEU.jpg\",\"datePublished\":\"2022-09-01T11:53:36+00:00\",\"dateModified\":\"2022-09-14T09:21:16+00:00\",\"author\":{\"@id\":\"https:\/\/www.mediapark.de\/#\/schema\/person\/312ccfc44e8b62dabb32f9b501f82c90\"},\"breadcrumb\":{\"@id\":\"https:\/\/www.mediapark.de\/news\/die-digital-x-2022-im-mediapark\/#breadcrumb\"},\"inLanguage\":\"en-US\",\"potentialAction\":[{\"@type\":\"ReadAction\",\"target\":[\"https:\/\/www.mediapark.de\/news\/die-digital-x-2022-im-mediapark\/\"]}]},{\"@type\":\"ImageObject\",\"inLanguage\":\"en-US\",\"@id\":\"https:\/\/www.mediapark.de\/news\/die-digital-x-2022-im-mediapark\/#primaryimage\",\"url\":\"https:\/\/www.mediapark.de\/wp-content\/uploads\/2022\/09\/DX22_Key_Visuals_1920x1080px_NEU.jpg\",\"contentUrl\":\"https:\/\/www.mediapark.de\/wp-content\/uploads\/2022\/09\/DX22_Key_Visuals_1920x1080px_NEU.jpg\",\"width\":1920,\"height\":1080},{\"@type\":\"BreadcrumbList\",\"@id\":\"https:\/\/www.mediapark.de\/news\/die-digital-x-2022-im-mediapark\/#breadcrumb\",\"itemListElement\":[{\"@type\":\"ListItem\",\"position\":1,\"name\":\"Startseite\",\"item\":\"https:\/\/www.mediapark.de\/en\/\"},{\"@type\":\"ListItem\",\"position\":2,\"name\":\"News\",\"item\":\"https:\/\/www.mediapark.de\/category\/news\/\"},{\"@type\":\"ListItem\",\"position\":3,\"name\":\"Die Digital X 2022 im MediaPark\"}]},{\"@type\":\"WebSite\",\"@id\":\"https:\/\/www.mediapark.de\/#website\",\"url\":\"https:\/\/www.mediapark.de\/\",\"name\":\"MediaPark K\u00f6ln\",\"description\":\"\",\"potentialAction\":[{\"@type\":\"SearchAction\",\"target\":{\"@type\":\"EntryPoint\",\"urlTemplate\":\"https:\/\/www.mediapark.de\/?s={search_term_string}\"},\"query-input\":{\"@type\":\"PropertyValueSpecification\",\"valueRequired\":true,\"valueName\":\"search_term_string\"}}],\"inLanguage\":\"en-US\"},{\"@type\":\"Person\",\"@id\":\"https:\/\/www.mediapark.de\/#\/schema\/person\/312ccfc44e8b62dabb32f9b501f82c90\",\"name\":\"Nina Linnebach\",\"image\":{\"@type\":\"ImageObject\",\"inLanguage\":\"en-US\",\"@id\":\"https:\/\/www.mediapark.de\/#\/schema\/person\/image\/\",\"url\":\"https:\/\/secure.gravatar.com\/avatar\/31c6a2f8e07f9a160bd98d06232585d9?s=96&d=mm&r=g\",\"contentUrl\":\"https:\/\/secure.gravatar.com\/avatar\/31c6a2f8e07f9a160bd98d06232585d9?s=96&d=mm&r=g\",\"caption\":\"Nina Linnebach\"},\"url\":\"https:\/\/www.mediapark.de\/en\/author\/n_linnebach\/\"}]}<\/script>\n<!-- \/ Yoast SEO plugin. -->","yoast_head_json":{"title":"Die Digital X 2022 im MediaPark - MediaPark K\u00f6ln","robots":{"index":"index","follow":"follow","max-snippet":"max-snippet:-1","max-image-preview":"max-image-preview:large","max-video-preview":"max-video-preview:-1"},"canonical":"https:\/\/www.mediapark.de\/news\/die-digital-x-2022-im-mediapark\/","og_locale":"en_US","og_type":"article","og_title":"Die Digital X 2022 im MediaPark - MediaPark K\u00f6ln","og_description":"[vc_row][vc_column width=&#8221;1\/3&#8243; offset=&#8221;vc_col-lg-3 vc_col-md-4 vc_hidden-sm vc_col-xs-12 vc_hidden-xs&#8221;][\/vc_column][vc_column css=&#8221;.vc_custom_1494321748347{background-color: #ffffff !important;}&#8221; offset=&#8221;vc_col-lg-9 vc_col-md-8 vc_col-xs-12&#8243;][vc_row_inner][vc_column_inner el_class=&#8221;content-headline&#8221;][vc_column_text] Die Digital X 2022 im MediaPark [\/vc_column_text][\/vc_column_inner][\/vc_row_inner][vc_single_image image=&#8221;5315&#8243; img_size=&#8221;post-header&#8221; alignment=&#8221;center&#8221; el_class=&#8221;post-title-image&#8221;][vc_column_text] DIGITAL X 2022: Gemeinsam das Morgen gestalten Im Rahmen der DIGITAL X verwandeln wir am 13. &amp; 14. September auch in diesem Jahr wieder K\u00f6ln in die Stadt der Zukunft.&hellip;","og_url":"https:\/\/www.mediapark.de\/news\/die-digital-x-2022-im-mediapark\/","og_site_name":"MediaPark K\u00f6ln","article_publisher":"http:\/\/www.facebook.com\/pages\/MediaPark\/360959134018223","article_published_time":"2022-09-01T11:53:36+00:00","article_modified_time":"2022-09-14T09:21:16+00:00","og_image":[{"width":1920,"height":1080,"url":"https:\/\/www.mediapark.de\/wp-content\/uploads\/2022\/09\/DX22_Key_Visuals_1920x1080px_NEU.jpg","type":"image\/jpeg"}],"author":"Nina Linnebach","twitter_card":"summary_large_image","twitter_creator":"@MediaParkKoeln","twitter_site":"@MediaParkKoeln","twitter_misc":{"Written by":"Nina Linnebach","Est. reading time":"1 minute"},"schema":{"@context":"https:\/\/schema.org","@graph":[{"@type":"WebPage","@id":"https:\/\/www.mediapark.de\/news\/die-digital-x-2022-im-mediapark\/","url":"https:\/\/www.mediapark.de\/news\/die-digital-x-2022-im-mediapark\/","name":"Die Digital X 2022 im MediaPark - MediaPark K\u00f6ln","isPartOf":{"@id":"https:\/\/www.mediapark.de\/#website"},"primaryImageOfPage":{"@id":"https:\/\/www.mediapark.de\/news\/die-digital-x-2022-im-mediapark\/#primaryimage"},"image":{"@id":"https:\/\/www.mediapark.de\/news\/die-digital-x-2022-im-mediapark\/#primaryimage"},"thumbnailUrl":"https:\/\/www.mediapark.de\/wp-content\/uploads\/2022\/09\/DX22_Key_Visuals_1920x1080px_NEU.jpg","datePublished":"2022-09-01T11:53:36+00:00","dateModified":"2022-09-14T09:21:16+00:00","author":{"@id":"https:\/\/www.mediapark.de\/#\/schema\/person\/312ccfc44e8b62dabb32f9b501f82c90"},"breadcrumb":{"@id":"https:\/\/www.mediapark.de\/news\/die-digital-x-2022-im-mediapark\/#breadcrumb"},"inLanguage":"en-US","potentialAction":[{"@type":"ReadAction","target":["https:\/\/www.mediapark.de\/news\/die-digital-x-2022-im-mediapark\/"]}]},{"@type":"ImageObject","inLanguage":"en-US","@id":"https:\/\/www.mediapark.de\/news\/die-digital-x-2022-im-mediapark\/#primaryimage","url":"https:\/\/www.mediapark.de\/wp-content\/uploads\/2022\/09\/DX22_Key_Visuals_1920x1080px_NEU.jpg","contentUrl":"https:\/\/www.mediapark.de\/wp-content\/uploads\/2022\/09\/DX22_Key_Visuals_1920x1080px_NEU.jpg","width":1920,"height":1080},{"@type":"BreadcrumbList","@id":"https:\/\/www.mediapark.de\/news\/die-digital-x-2022-im-mediapark\/#breadcrumb","itemListElement":[{"@type":"ListItem","position":1,"name":"Startseite","item":"https:\/\/www.mediapark.de\/en\/"},{"@type":"ListItem","position":2,"name":"News","item":"https:\/\/www.mediapark.de\/category\/news\/"},{"@type":"ListItem","position":3,"name":"Die Digital X 2022 im MediaPark"}]},{"@type":"WebSite","@id":"https:\/\/www.mediapark.de\/#website","url":"https:\/\/www.mediapark.de\/","name":"MediaPark K\u00f6ln","description":"","potentialAction":[{"@type":"SearchAction","target":{"@type":"EntryPoint","urlTemplate":"https:\/\/www.mediapark.de\/?s={search_term_string}"},"query-input":{"@type":"PropertyValueSpecification","valueRequired":true,"valueName":"search_term_string"}}],"inLanguage":"en-US"},{"@type":"Person","@id":"https:\/\/www.mediapark.de\/#\/schema\/person\/312ccfc44e8b62dabb32f9b501f82c90","name":"Nina Linnebach","image":{"@type":"ImageObject","inLanguage":"en-US","@id":"https:\/\/www.mediapark.de\/#\/schema\/person\/image\/","url":"https:\/\/secure.gravatar.com\/avatar\/31c6a2f8e07f9a160bd98d06232585d9?s=96&d=mm&r=g","contentUrl":"https:\/\/secure.gravatar.com\/avatar\/31c6a2f8e07f9a160bd98d06232585d9?s=96&d=mm&r=g","caption":"Nina Linnebach"},"url":"https:\/\/www.mediapark.de\/en\/author\/n_linnebach\/"}]}},"_links":{"self":[{"href":"https:\/\/www.mediapark.de\/en\/wp-json\/wp\/v2\/posts\/5314","targetHints":{"allow":["GET"]}}],"collection":[{"href":"https:\/\/www.mediapark.de\/en\/wp-json\/wp\/v2\/posts"}],"about":[{"href":"https:\/\/www.mediapark.de\/en\/wp-json\/wp\/v2\/types\/post"}],"author":[{"embeddable":true,"href":"https:\/\/www.mediapark.de\/en\/wp-json\/wp\/v2\/users\/2"}],"replies":[{"embeddable":true,"href":"https:\/\/www.mediapark.de\/en\/wp-json\/wp\/v2\/comments?post=5314"}],"version-history":[{"count":1,"href":"https:\/\/www.mediapark.de\/en\/wp-json\/wp\/v2\/posts\/5314\/revisions"}],"predecessor-version":[{"id":5321,"href":"https:\/\/www.mediapark.de\/en\/wp-json\/wp\/v2\/posts\/5314\/revisions\/5321"}],"wp:featuredmedia":[{"embeddable":true,"href":"https:\/\/www.mediapark.de\/en\/wp-json\/wp\/v2\/media\/5317"}],"wp:attachment":[{"href":"https:\/\/www.mediapark.de\/en\/wp-json\/wp\/v2\/media?parent=5314"}],"wp:term":[{"taxonomy":"category","embeddable":true,"href":"https:\/\/www.mediapark.de\/en\/wp-json\/wp\/v2\/categories?post=5314"},{"taxonomy":"post_tag","embeddable":true,"href":"https:\/\/www.mediapark.de\/en\/wp-json\/wp\/v2\/tags?post=5314"}],"curies":[{"name":"wp","href":"https:\/\/api.w.org\/{rel}","templated":true}]}}