{"id":5497,"date":"2022-11-22T08:40:51","date_gmt":"2022-11-22T07:40:51","guid":{"rendered":"https:\/\/www.mediapark.de\/?p=5497"},"modified":"2022-11-24T10:42:50","modified_gmt":"2022-11-24T09:42:50","slug":"impfbus-der-stadt-koeln-am-07-12-2022-auf-dem-platz","status":"publish","type":"post","link":"https:\/\/www.mediapark.de\/en\/news\/impfbus-der-stadt-koeln-am-07-12-2022-auf-dem-platz\/","title":{"rendered":"Impfbus der Stadt K\u00f6ln am 07.12.2022 auf dem Platz"},"content":{"rendered":"<div class=\"wpb-content-wrapper\"><p>[vc_row][vc_column width=&#8221;1\/3&#8243; offset=&#8221;vc_col-lg-3 vc_col-md-4 vc_hidden-sm vc_col-xs-12 vc_hidden-xs&#8221;][\/vc_column][vc_column css=&#8221;.vc_custom_1494321748347{background-color: #ffffff !important;}&#8221; offset=&#8221;vc_col-lg-9 vc_col-md-8 vc_col-xs-12&#8243;][vc_row_inner][vc_column_inner el_class=&#8221;content-headline&#8221;][vc_column_text]<\/p>\n<h1>Impfbus der Stadt K\u00f6ln am 07.12.2022 auf dem Platz<\/h1>\n<p>[\/vc_column_text][\/vc_column_inner][\/vc_row_inner][vc_column_text]<\/p>\n<p class=\"bodytext\">Ab April 2018 steht erneut auf dem See im Media Park den B\u00fcrgern die beliebte Familienattraktion \u201e Bumper Boat Beach \u201c zur Verf\u00fcgung.<\/p>\n<div class=\"wpb_text_column wpb_content_element \">\n<div class=\"wpb_wrapper\">\n<div class=\"wpb_text_column wpb_content_element \">\n<div class=\"wpb_wrapper\">\n<p>Das Gesundheitsamt der Stadt K\u00f6ln will die Impfbereitschaft der K\u00f6lnerinnen und K\u00f6lner weiter f\u00f6rdern und f\u00fchrt seit dem 12. Juli eine weitere besondere Corona-Impf-Aktion durch. Ein entsprechend ausgestatteter Impfbus f\u00e4hrt verschiedene Stellen im K\u00f6lner Stadtgebiet an und alle Personen, die sich gegen Corona impfen lassen m\u00f6chten, sind herzlich eingeladen das Angebot zu nutzen. Auch der neue Impfstoff gegen die Omikron Variante wird im Bus geimpft.<\/p>\n<p><strong>Impfungen im Impfbus der Stadt K\u00f6ln werden am Mittwoch, den 07.12.2022 zwischen 10:00 Uhr bis 18:00 Uhr durchgef\u00fchrt.<\/strong><\/p>\n<p>Die Impfungen sind selbstverst\u00e4ndlich freiwillig und kostenfrei.<\/p>\n<\/div>\n<\/div>\n<\/div>\n<\/div>\n<p>[\/vc_column_text][\/vc_column][\/vc_row]<\/p>\n<\/div>","protected":false},"excerpt":{"rendered":"<p>[vc_row][vc_column width=&#8221;1\/3&#8243; offset=&#8221;vc_col-lg-3 vc_col-md-4 vc_hidden-sm vc_col-xs-12 vc_hidden-xs&#8221;][\/vc_column][vc_column css=&#8221;.vc_custom_1494321748347{background-color: #ffffff !important;}&#8221; offset=&#8221;vc_col-lg-9 vc_col-md-8 vc_col-xs-12&#8243;][vc_row_inner][vc_column_inner el_class=&#8221;content-headline&#8221;][vc_column_text] Impfbus der Stadt K\u00f6ln am 07.12.2022 auf dem Platz [\/vc_column_text][\/vc_column_inner][\/vc_row_inner][vc_column_text] Ab April 2018 steht erneut auf dem See im Media Park den B\u00fcrgern die beliebte Familienattraktion \u201e Bumper Boat Beach \u201c zur Verf\u00fcgung. Das Gesundheitsamt der Stadt K\u00f6ln will die Impfbereitschaft&hellip;<\/p>\n","protected":false},"author":2,"featured_media":5335,"comment_status":"open","ping_status":"open","sticky":false,"template":"","format":"standard","meta":{"_acf_changed":false,"footnotes":""},"categories":[4,66],"tags":[],"class_list":["post-5497","post","type-post","status-publish","format-standard","hentry","category-news","category-veranstaltungen"],"acf":[],"yoast_head":"<!-- This site is optimized with the Yoast SEO plugin v24.2 - https:\/\/yoast.com\/wordpress\/plugins\/seo\/ -->\n<title>Impfbus der Stadt K\u00f6ln am 07.12.2022 auf dem Platz - MediaPark K\u00f6ln<\/title>\n<meta name=\"robots\" content=\"index, follow, max-snippet:-1, max-image-preview:large, max-video-preview:-1\" \/>\n<link rel=\"canonical\" href=\"https:\/\/www.mediapark.de\/news\/impfbus-der-stadt-koeln-am-07-12-2022-auf-dem-platz\/\" \/>\n<meta property=\"og:locale\" content=\"en_US\" \/>\n<meta property=\"og:type\" content=\"article\" \/>\n<meta property=\"og:title\" content=\"Impfbus der Stadt K\u00f6ln am 07.12.2022 auf dem Platz - MediaPark K\u00f6ln\" \/>\n<meta property=\"og:description\" content=\"[vc_row][vc_column width=&#8221;1\/3&#8243; offset=&#8221;vc_col-lg-3 vc_col-md-4 vc_hidden-sm vc_col-xs-12 vc_hidden-xs&#8221;][\/vc_column][vc_column css=&#8221;.vc_custom_1494321748347{background-color: #ffffff !important;}&#8221; offset=&#8221;vc_col-lg-9 vc_col-md-8 vc_col-xs-12&#8243;][vc_row_inner][vc_column_inner el_class=&#8221;content-headline&#8221;][vc_column_text] Impfbus der Stadt K\u00f6ln am 07.12.2022 auf dem Platz [\/vc_column_text][\/vc_column_inner][\/vc_row_inner][vc_column_text] Ab April 2018 steht erneut auf dem See im Media Park den B\u00fcrgern die beliebte Familienattraktion \u201e Bumper Boat Beach \u201c zur Verf\u00fcgung. Das Gesundheitsamt der Stadt K\u00f6ln will die Impfbereitschaft&hellip;\" \/>\n<meta property=\"og:url\" content=\"https:\/\/www.mediapark.de\/news\/impfbus-der-stadt-koeln-am-07-12-2022-auf-dem-platz\/\" \/>\n<meta property=\"og:site_name\" content=\"MediaPark K\u00f6ln\" \/>\n<meta property=\"article:publisher\" content=\"http:\/\/www.facebook.com\/pages\/MediaPark\/360959134018223\" \/>\n<meta property=\"article:published_time\" content=\"2022-11-22T07:40:51+00:00\" \/>\n<meta property=\"article:modified_time\" content=\"2022-11-24T09:42:50+00:00\" \/>\n<meta property=\"og:image\" content=\"https:\/\/www.mediapark.de\/wp-content\/uploads\/2022\/09\/SG_Mediapark_Eisflaeche_by_Dennis_Wilhelms-16.jpg\" \/>\n\t<meta property=\"og:image:width\" content=\"5464\" \/>\n\t<meta property=\"og:image:height\" content=\"3091\" \/>\n\t<meta property=\"og:image:type\" content=\"image\/jpeg\" \/>\n<meta name=\"author\" content=\"Nina Linnebach\" \/>\n<meta name=\"twitter:card\" content=\"summary_large_image\" \/>\n<meta name=\"twitter:creator\" content=\"@MediaParkKoeln\" \/>\n<meta name=\"twitter:site\" content=\"@MediaParkKoeln\" \/>\n<meta name=\"twitter:label1\" content=\"Written by\" \/>\n\t<meta name=\"twitter:data1\" content=\"Nina Linnebach\" \/>\n\t<meta name=\"twitter:label2\" content=\"Est. reading time\" \/>\n\t<meta name=\"twitter:data2\" content=\"1 minute\" \/>\n<script type=\"application\/ld+json\" class=\"yoast-schema-graph\">{\"@context\":\"https:\/\/schema.org\",\"@graph\":[{\"@type\":\"WebPage\",\"@id\":\"https:\/\/www.mediapark.de\/news\/impfbus-der-stadt-koeln-am-07-12-2022-auf-dem-platz\/\",\"url\":\"https:\/\/www.mediapark.de\/news\/impfbus-der-stadt-koeln-am-07-12-2022-auf-dem-platz\/\",\"name\":\"Impfbus der Stadt K\u00f6ln am 07.12.2022 auf dem Platz - MediaPark K\u00f6ln\",\"isPartOf\":{\"@id\":\"https:\/\/www.mediapark.de\/#website\"},\"primaryImageOfPage\":{\"@id\":\"https:\/\/www.mediapark.de\/news\/impfbus-der-stadt-koeln-am-07-12-2022-auf-dem-platz\/#primaryimage\"},\"image\":{\"@id\":\"https:\/\/www.mediapark.de\/news\/impfbus-der-stadt-koeln-am-07-12-2022-auf-dem-platz\/#primaryimage\"},\"thumbnailUrl\":\"https:\/\/www.mediapark.de\/wp-content\/uploads\/2022\/09\/SG_Mediapark_Eisflaeche_by_Dennis_Wilhelms-16.jpg\",\"datePublished\":\"2022-11-22T07:40:51+00:00\",\"dateModified\":\"2022-11-24T09:42:50+00:00\",\"author\":{\"@id\":\"https:\/\/www.mediapark.de\/#\/schema\/person\/312ccfc44e8b62dabb32f9b501f82c90\"},\"breadcrumb\":{\"@id\":\"https:\/\/www.mediapark.de\/news\/impfbus-der-stadt-koeln-am-07-12-2022-auf-dem-platz\/#breadcrumb\"},\"inLanguage\":\"en-US\",\"potentialAction\":[{\"@type\":\"ReadAction\",\"target\":[\"https:\/\/www.mediapark.de\/news\/impfbus-der-stadt-koeln-am-07-12-2022-auf-dem-platz\/\"]}]},{\"@type\":\"ImageObject\",\"inLanguage\":\"en-US\",\"@id\":\"https:\/\/www.mediapark.de\/news\/impfbus-der-stadt-koeln-am-07-12-2022-auf-dem-platz\/#primaryimage\",\"url\":\"https:\/\/www.mediapark.de\/wp-content\/uploads\/2022\/09\/SG_Mediapark_Eisflaeche_by_Dennis_Wilhelms-16.jpg\",\"contentUrl\":\"https:\/\/www.mediapark.de\/wp-content\/uploads\/2022\/09\/SG_Mediapark_Eisflaeche_by_Dennis_Wilhelms-16.jpg\",\"width\":5464,\"height\":3091},{\"@type\":\"BreadcrumbList\",\"@id\":\"https:\/\/www.mediapark.de\/news\/impfbus-der-stadt-koeln-am-07-12-2022-auf-dem-platz\/#breadcrumb\",\"itemListElement\":[{\"@type\":\"ListItem\",\"position\":1,\"name\":\"Startseite\",\"item\":\"https:\/\/www.mediapark.de\/en\/\"},{\"@type\":\"ListItem\",\"position\":2,\"name\":\"News\",\"item\":\"https:\/\/www.mediapark.de\/category\/news\/\"},{\"@type\":\"ListItem\",\"position\":3,\"name\":\"Impfbus der Stadt K\u00f6ln am 07.12.2022 auf dem Platz\"}]},{\"@type\":\"WebSite\",\"@id\":\"https:\/\/www.mediapark.de\/#website\",\"url\":\"https:\/\/www.mediapark.de\/\",\"name\":\"MediaPark K\u00f6ln\",\"description\":\"\",\"potentialAction\":[{\"@type\":\"SearchAction\",\"target\":{\"@type\":\"EntryPoint\",\"urlTemplate\":\"https:\/\/www.mediapark.de\/?s={search_term_string}\"},\"query-input\":{\"@type\":\"PropertyValueSpecification\",\"valueRequired\":true,\"valueName\":\"search_term_string\"}}],\"inLanguage\":\"en-US\"},{\"@type\":\"Person\",\"@id\":\"https:\/\/www.mediapark.de\/#\/schema\/person\/312ccfc44e8b62dabb32f9b501f82c90\",\"name\":\"Nina Linnebach\",\"image\":{\"@type\":\"ImageObject\",\"inLanguage\":\"en-US\",\"@id\":\"https:\/\/www.mediapark.de\/#\/schema\/person\/image\/\",\"url\":\"https:\/\/secure.gravatar.com\/avatar\/31c6a2f8e07f9a160bd98d06232585d9?s=96&d=mm&r=g\",\"contentUrl\":\"https:\/\/secure.gravatar.com\/avatar\/31c6a2f8e07f9a160bd98d06232585d9?s=96&d=mm&r=g\",\"caption\":\"Nina Linnebach\"},\"url\":\"https:\/\/www.mediapark.de\/en\/author\/n_linnebach\/\"}]}<\/script>\n<!-- \/ Yoast SEO plugin. -->","yoast_head_json":{"title":"Impfbus der Stadt K\u00f6ln am 07.12.2022 auf dem Platz - MediaPark K\u00f6ln","robots":{"index":"index","follow":"follow","max-snippet":"max-snippet:-1","max-image-preview":"max-image-preview:large","max-video-preview":"max-video-preview:-1"},"canonical":"https:\/\/www.mediapark.de\/news\/impfbus-der-stadt-koeln-am-07-12-2022-auf-dem-platz\/","og_locale":"en_US","og_type":"article","og_title":"Impfbus der Stadt K\u00f6ln am 07.12.2022 auf dem Platz - MediaPark K\u00f6ln","og_description":"[vc_row][vc_column width=&#8221;1\/3&#8243; offset=&#8221;vc_col-lg-3 vc_col-md-4 vc_hidden-sm vc_col-xs-12 vc_hidden-xs&#8221;][\/vc_column][vc_column css=&#8221;.vc_custom_1494321748347{background-color: #ffffff !important;}&#8221; offset=&#8221;vc_col-lg-9 vc_col-md-8 vc_col-xs-12&#8243;][vc_row_inner][vc_column_inner el_class=&#8221;content-headline&#8221;][vc_column_text] Impfbus der Stadt K\u00f6ln am 07.12.2022 auf dem Platz [\/vc_column_text][\/vc_column_inner][\/vc_row_inner][vc_column_text] Ab April 2018 steht erneut auf dem See im Media Park den B\u00fcrgern die beliebte Familienattraktion \u201e Bumper Boat Beach \u201c zur Verf\u00fcgung. Das Gesundheitsamt der Stadt K\u00f6ln will die Impfbereitschaft&hellip;","og_url":"https:\/\/www.mediapark.de\/news\/impfbus-der-stadt-koeln-am-07-12-2022-auf-dem-platz\/","og_site_name":"MediaPark K\u00f6ln","article_publisher":"http:\/\/www.facebook.com\/pages\/MediaPark\/360959134018223","article_published_time":"2022-11-22T07:40:51+00:00","article_modified_time":"2022-11-24T09:42:50+00:00","og_image":[{"width":5464,"height":3091,"url":"https:\/\/www.mediapark.de\/wp-content\/uploads\/2022\/09\/SG_Mediapark_Eisflaeche_by_Dennis_Wilhelms-16.jpg","type":"image\/jpeg"}],"author":"Nina Linnebach","twitter_card":"summary_large_image","twitter_creator":"@MediaParkKoeln","twitter_site":"@MediaParkKoeln","twitter_misc":{"Written by":"Nina Linnebach","Est. reading time":"1 minute"},"schema":{"@context":"https:\/\/schema.org","@graph":[{"@type":"WebPage","@id":"https:\/\/www.mediapark.de\/news\/impfbus-der-stadt-koeln-am-07-12-2022-auf-dem-platz\/","url":"https:\/\/www.mediapark.de\/news\/impfbus-der-stadt-koeln-am-07-12-2022-auf-dem-platz\/","name":"Impfbus der Stadt K\u00f6ln am 07.12.2022 auf dem Platz - MediaPark K\u00f6ln","isPartOf":{"@id":"https:\/\/www.mediapark.de\/#website"},"primaryImageOfPage":{"@id":"https:\/\/www.mediapark.de\/news\/impfbus-der-stadt-koeln-am-07-12-2022-auf-dem-platz\/#primaryimage"},"image":{"@id":"https:\/\/www.mediapark.de\/news\/impfbus-der-stadt-koeln-am-07-12-2022-auf-dem-platz\/#primaryimage"},"thumbnailUrl":"https:\/\/www.mediapark.de\/wp-content\/uploads\/2022\/09\/SG_Mediapark_Eisflaeche_by_Dennis_Wilhelms-16.jpg","datePublished":"2022-11-22T07:40:51+00:00","dateModified":"2022-11-24T09:42:50+00:00","author":{"@id":"https:\/\/www.mediapark.de\/#\/schema\/person\/312ccfc44e8b62dabb32f9b501f82c90"},"breadcrumb":{"@id":"https:\/\/www.mediapark.de\/news\/impfbus-der-stadt-koeln-am-07-12-2022-auf-dem-platz\/#breadcrumb"},"inLanguage":"en-US","potentialAction":[{"@type":"ReadAction","target":["https:\/\/www.mediapark.de\/news\/impfbus-der-stadt-koeln-am-07-12-2022-auf-dem-platz\/"]}]},{"@type":"ImageObject","inLanguage":"en-US","@id":"https:\/\/www.mediapark.de\/news\/impfbus-der-stadt-koeln-am-07-12-2022-auf-dem-platz\/#primaryimage","url":"https:\/\/www.mediapark.de\/wp-content\/uploads\/2022\/09\/SG_Mediapark_Eisflaeche_by_Dennis_Wilhelms-16.jpg","contentUrl":"https:\/\/www.mediapark.de\/wp-content\/uploads\/2022\/09\/SG_Mediapark_Eisflaeche_by_Dennis_Wilhelms-16.jpg","width":5464,"height":3091},{"@type":"BreadcrumbList","@id":"https:\/\/www.mediapark.de\/news\/impfbus-der-stadt-koeln-am-07-12-2022-auf-dem-platz\/#breadcrumb","itemListElement":[{"@type":"ListItem","position":1,"name":"Startseite","item":"https:\/\/www.mediapark.de\/en\/"},{"@type":"ListItem","position":2,"name":"News","item":"https:\/\/www.mediapark.de\/category\/news\/"},{"@type":"ListItem","position":3,"name":"Impfbus der Stadt K\u00f6ln am 07.12.2022 auf dem Platz"}]},{"@type":"WebSite","@id":"https:\/\/www.mediapark.de\/#website","url":"https:\/\/www.mediapark.de\/","name":"MediaPark K\u00f6ln","description":"","potentialAction":[{"@type":"SearchAction","target":{"@type":"EntryPoint","urlTemplate":"https:\/\/www.mediapark.de\/?s={search_term_string}"},"query-input":{"@type":"PropertyValueSpecification","valueRequired":true,"valueName":"search_term_string"}}],"inLanguage":"en-US"},{"@type":"Person","@id":"https:\/\/www.mediapark.de\/#\/schema\/person\/312ccfc44e8b62dabb32f9b501f82c90","name":"Nina Linnebach","image":{"@type":"ImageObject","inLanguage":"en-US","@id":"https:\/\/www.mediapark.de\/#\/schema\/person\/image\/","url":"https:\/\/secure.gravatar.com\/avatar\/31c6a2f8e07f9a160bd98d06232585d9?s=96&d=mm&r=g","contentUrl":"https:\/\/secure.gravatar.com\/avatar\/31c6a2f8e07f9a160bd98d06232585d9?s=96&d=mm&r=g","caption":"Nina Linnebach"},"url":"https:\/\/www.mediapark.de\/en\/author\/n_linnebach\/"}]}},"_links":{"self":[{"href":"https:\/\/www.mediapark.de\/en\/wp-json\/wp\/v2\/posts\/5497","targetHints":{"allow":["GET"]}}],"collection":[{"href":"https:\/\/www.mediapark.de\/en\/wp-json\/wp\/v2\/posts"}],"about":[{"href":"https:\/\/www.mediapark.de\/en\/wp-json\/wp\/v2\/types\/post"}],"author":[{"embeddable":true,"href":"https:\/\/www.mediapark.de\/en\/wp-json\/wp\/v2\/users\/2"}],"replies":[{"embeddable":true,"href":"https:\/\/www.mediapark.de\/en\/wp-json\/wp\/v2\/comments?post=5497"}],"version-history":[{"count":2,"href":"https:\/\/www.mediapark.de\/en\/wp-json\/wp\/v2\/posts\/5497\/revisions"}],"predecessor-version":[{"id":5503,"href":"https:\/\/www.mediapark.de\/en\/wp-json\/wp\/v2\/posts\/5497\/revisions\/5503"}],"wp:featuredmedia":[{"embeddable":true,"href":"https:\/\/www.mediapark.de\/en\/wp-json\/wp\/v2\/media\/5335"}],"wp:attachment":[{"href":"https:\/\/www.mediapark.de\/en\/wp-json\/wp\/v2\/media?parent=5497"}],"wp:term":[{"taxonomy":"category","embeddable":true,"href":"https:\/\/www.mediapark.de\/en\/wp-json\/wp\/v2\/categories?post=5497"},{"taxonomy":"post_tag","embeddable":true,"href":"https:\/\/www.mediapark.de\/en\/wp-json\/wp\/v2\/tags?post=5497"}],"curies":[{"name":"wp","href":"https:\/\/api.w.org\/{rel}","templated":true}]}}