{"id":5552,"date":"2023-03-09T10:09:21","date_gmt":"2023-03-09T09:09:21","guid":{"rendered":"https:\/\/www.mediapark.de\/?p=5552"},"modified":"2023-03-09T10:09:21","modified_gmt":"2023-03-09T09:09:21","slug":"cinedom-zeigt-im-maerz-die-oscar-kandidaten-2023","status":"publish","type":"post","link":"https:\/\/www.mediapark.de\/en\/news\/cinedom-zeigt-im-maerz-die-oscar-kandidaten-2023\/","title":{"rendered":"Cinedom zeigt im M\u00e4rz die Oscar-Kandidaten 2023"},"content":{"rendered":"<div class=\"wpb-content-wrapper\"><p>[vc_row][vc_column width=&#8221;1\/3&#8243; offset=&#8221;vc_col-lg-3 vc_col-md-4 vc_hidden-sm vc_col-xs-12 vc_hidden-xs&#8221;][\/vc_column][vc_column css=&#8221;.vc_custom_1494321748347{background-color: #ffffff !important;}&#8221; offset=&#8221;vc_col-lg-9 vc_col-md-8 vc_col-xs-12&#8243;][vc_row_inner][vc_column_inner el_class=&#8221;content-headline&#8221;][vc_column_text]<\/p>\n<h1>Cinedom zeigt im M\u00e4rz die Oscar-Kandidaten 2023<\/h1>\n<p>[\/vc_column_text][\/vc_column_inner][\/vc_row_inner][vc_single_image image=&#8221;4135&#8243; img_size=&#8221;post-header&#8221; alignment=&#8221;center&#8221; el_class=&#8221;post-title-image&#8221;][vc_column_text]Wer sich im Rahmen der Oscar-Verleihung in Los Angeles am Sonntag den 13.03.2023 nochmal die Nominierten in Erinnerung rufen m\u00f6chte ist im Cinedom genau richtig. Im M\u00e4rz zeigt der Cinedom Filme der Kategorie &#8220;Bester Film&#8221; an ausgew\u00e4hlten Terminen um 19:30 Uhr.<\/p>\n<p class=\"dm-paragraph my-8 dm-article-content-width\" data-v-68200ff2=\"\">Am 2. M\u00e4rz startet die Reihe mit dem Genre-Hit \u201eTriangle of Sadness\u201c von Regisseur Ruben \u00d6stlund. Es folgen am 6. M\u00e4rz das Musiker-Biopic \u201eElvis\u201c von Baz Luhrmann und am 7. M\u00e4rz der Kino-Blockbuster des Jahres 2022 \u201eAvatar: The Way Of Water\u201c von James Cameron.<\/p>\n<p class=\"dm-paragraph my-8 dm-article-content-width\" data-v-68200ff2=\"\">Am 8. M\u00e4rz hei\u00dft es dann: Pilottenbrille auf, Lederjacke an! An diesem Tag zeigt das Cinedom nochmal \u201eTop Gun: Maverick\u201c mit Superstar Tom Cruise. Einen Tag sp\u00e4ter gibt es dann das Coming-of-Age-Drama \u201eDie Fabelmanns\u201c von Steven Spielberg.<\/p>\n<p class=\"dm-paragraph my-8 dm-article-content-width\" data-v-68200ff2=\"\">Es folgen \u201eDie Aussprache\u201c von der kanadischen Regisseurin Sarah Polley am 13. M\u00e4rz, das durchgeknallte Multiverse-Abenteuer \u201eEverything Everywhere All at Once\u201c am 14. M\u00e4rz sowie das schwarzhumorige, fast schon depressive aber wundersch\u00f6ne Insel-Drama \u201eBanshees of Inisherin\u201c am 15. M\u00e4rz. Abgerundet wird das Ganze schlie\u00dflich am 16. M\u00e4rz mit der deutschen Oscar-Hoffnung \u201eIm Westen Nichts Neues\u201c.<\/p>\n<p>Tickets gint es auf der Webiste des Cinedoms:<br \/>\n<a href=\"https:\/\/cinedom.de\/\">https:\/\/cinedom.de\/<\/a>[\/vc_column_text][\/vc_column][\/vc_row]<\/p>\n<\/div>","protected":false},"excerpt":{"rendered":"<p>[vc_row][vc_column width=&#8221;1\/3&#8243; offset=&#8221;vc_col-lg-3 vc_col-md-4 vc_hidden-sm vc_col-xs-12 vc_hidden-xs&#8221;][\/vc_column][vc_column css=&#8221;.vc_custom_1494321748347{background-color: #ffffff !important;}&#8221; offset=&#8221;vc_col-lg-9 vc_col-md-8 vc_col-xs-12&#8243;][vc_row_inner][vc_column_inner el_class=&#8221;content-headline&#8221;][vc_column_text] Cinedom zeigt im M\u00e4rz die Oscar-Kandidaten 2023 [\/vc_column_text][\/vc_column_inner][\/vc_row_inner][vc_single_image image=&#8221;4135&#8243; img_size=&#8221;post-header&#8221; alignment=&#8221;center&#8221; el_class=&#8221;post-title-image&#8221;][vc_column_text]Wer sich im Rahmen der Oscar-Verleihung in Los Angeles am Sonntag den 13.03.2023 nochmal die Nominierten in Erinnerung rufen m\u00f6chte ist im Cinedom genau richtig. Im M\u00e4rz zeigt der Cinedom&hellip;<\/p>\n","protected":false},"author":2,"featured_media":4137,"comment_status":"closed","ping_status":"open","sticky":false,"template":"","format":"standard","meta":{"_acf_changed":false,"footnotes":""},"categories":[4],"tags":[],"class_list":["post-5552","post","type-post","status-publish","format-standard","hentry","category-news"],"acf":[],"yoast_head":"<!-- This site is optimized with the Yoast SEO plugin v24.2 - https:\/\/yoast.com\/wordpress\/plugins\/seo\/ -->\n<title>Cinedom zeigt im M\u00e4rz die Oscar-Kandidaten 2023 - MediaPark K\u00f6ln<\/title>\n<meta name=\"robots\" content=\"index, follow, max-snippet:-1, max-image-preview:large, max-video-preview:-1\" \/>\n<link rel=\"canonical\" href=\"https:\/\/www.mediapark.de\/news\/cinedom-zeigt-im-maerz-die-oscar-kandidaten-2023\/\" \/>\n<meta property=\"og:locale\" content=\"en_US\" \/>\n<meta property=\"og:type\" content=\"article\" \/>\n<meta property=\"og:title\" content=\"Cinedom zeigt im M\u00e4rz die Oscar-Kandidaten 2023 - MediaPark K\u00f6ln\" \/>\n<meta property=\"og:description\" content=\"[vc_row][vc_column width=&#8221;1\/3&#8243; offset=&#8221;vc_col-lg-3 vc_col-md-4 vc_hidden-sm vc_col-xs-12 vc_hidden-xs&#8221;][\/vc_column][vc_column css=&#8221;.vc_custom_1494321748347{background-color: #ffffff !important;}&#8221; offset=&#8221;vc_col-lg-9 vc_col-md-8 vc_col-xs-12&#8243;][vc_row_inner][vc_column_inner el_class=&#8221;content-headline&#8221;][vc_column_text] Cinedom zeigt im M\u00e4rz die Oscar-Kandidaten 2023 [\/vc_column_text][\/vc_column_inner][\/vc_row_inner][vc_single_image image=&#8221;4135&#8243; img_size=&#8221;post-header&#8221; alignment=&#8221;center&#8221; el_class=&#8221;post-title-image&#8221;][vc_column_text]Wer sich im Rahmen der Oscar-Verleihung in Los Angeles am Sonntag den 13.03.2023 nochmal die Nominierten in Erinnerung rufen m\u00f6chte ist im Cinedom genau richtig. Im M\u00e4rz zeigt der Cinedom&hellip;\" \/>\n<meta property=\"og:url\" content=\"https:\/\/www.mediapark.de\/news\/cinedom-zeigt-im-maerz-die-oscar-kandidaten-2023\/\" \/>\n<meta property=\"og:site_name\" content=\"MediaPark K\u00f6ln\" \/>\n<meta property=\"article:publisher\" content=\"http:\/\/www.facebook.com\/pages\/MediaPark\/360959134018223\" \/>\n<meta property=\"article:published_time\" content=\"2023-03-09T09:09:21+00:00\" \/>\n<meta property=\"og:image\" content=\"https:\/\/www.mediapark.de\/wp-content\/uploads\/2019\/05\/Cinedom-4.jpg\" \/>\n\t<meta property=\"og:image:width\" content=\"945\" \/>\n\t<meta property=\"og:image:height\" content=\"535\" \/>\n\t<meta property=\"og:image:type\" content=\"image\/jpeg\" \/>\n<meta name=\"author\" content=\"Nina Linnebach\" \/>\n<meta name=\"twitter:card\" content=\"summary_large_image\" \/>\n<meta name=\"twitter:creator\" content=\"@MediaParkKoeln\" \/>\n<meta name=\"twitter:site\" content=\"@MediaParkKoeln\" \/>\n<meta name=\"twitter:label1\" content=\"Written by\" \/>\n\t<meta name=\"twitter:data1\" content=\"Nina Linnebach\" \/>\n\t<meta name=\"twitter:label2\" content=\"Est. reading time\" \/>\n\t<meta name=\"twitter:data2\" content=\"1 minute\" \/>\n<script type=\"application\/ld+json\" class=\"yoast-schema-graph\">{\"@context\":\"https:\/\/schema.org\",\"@graph\":[{\"@type\":\"WebPage\",\"@id\":\"https:\/\/www.mediapark.de\/news\/cinedom-zeigt-im-maerz-die-oscar-kandidaten-2023\/\",\"url\":\"https:\/\/www.mediapark.de\/news\/cinedom-zeigt-im-maerz-die-oscar-kandidaten-2023\/\",\"name\":\"Cinedom zeigt im M\u00e4rz die Oscar-Kandidaten 2023 - MediaPark K\u00f6ln\",\"isPartOf\":{\"@id\":\"https:\/\/www.mediapark.de\/#website\"},\"primaryImageOfPage\":{\"@id\":\"https:\/\/www.mediapark.de\/news\/cinedom-zeigt-im-maerz-die-oscar-kandidaten-2023\/#primaryimage\"},\"image\":{\"@id\":\"https:\/\/www.mediapark.de\/news\/cinedom-zeigt-im-maerz-die-oscar-kandidaten-2023\/#primaryimage\"},\"thumbnailUrl\":\"https:\/\/www.mediapark.de\/wp-content\/uploads\/2019\/05\/Cinedom-4.jpg\",\"datePublished\":\"2023-03-09T09:09:21+00:00\",\"dateModified\":\"2023-03-09T09:09:21+00:00\",\"author\":{\"@id\":\"https:\/\/www.mediapark.de\/#\/schema\/person\/312ccfc44e8b62dabb32f9b501f82c90\"},\"breadcrumb\":{\"@id\":\"https:\/\/www.mediapark.de\/news\/cinedom-zeigt-im-maerz-die-oscar-kandidaten-2023\/#breadcrumb\"},\"inLanguage\":\"en-US\",\"potentialAction\":[{\"@type\":\"ReadAction\",\"target\":[\"https:\/\/www.mediapark.de\/news\/cinedom-zeigt-im-maerz-die-oscar-kandidaten-2023\/\"]}]},{\"@type\":\"ImageObject\",\"inLanguage\":\"en-US\",\"@id\":\"https:\/\/www.mediapark.de\/news\/cinedom-zeigt-im-maerz-die-oscar-kandidaten-2023\/#primaryimage\",\"url\":\"https:\/\/www.mediapark.de\/wp-content\/uploads\/2019\/05\/Cinedom-4.jpg\",\"contentUrl\":\"https:\/\/www.mediapark.de\/wp-content\/uploads\/2019\/05\/Cinedom-4.jpg\",\"width\":945,\"height\":535},{\"@type\":\"BreadcrumbList\",\"@id\":\"https:\/\/www.mediapark.de\/news\/cinedom-zeigt-im-maerz-die-oscar-kandidaten-2023\/#breadcrumb\",\"itemListElement\":[{\"@type\":\"ListItem\",\"position\":1,\"name\":\"Startseite\",\"item\":\"https:\/\/www.mediapark.de\/en\/\"},{\"@type\":\"ListItem\",\"position\":2,\"name\":\"News\",\"item\":\"https:\/\/www.mediapark.de\/category\/news\/\"},{\"@type\":\"ListItem\",\"position\":3,\"name\":\"Cinedom zeigt im M\u00e4rz die Oscar-Kandidaten 2023\"}]},{\"@type\":\"WebSite\",\"@id\":\"https:\/\/www.mediapark.de\/#website\",\"url\":\"https:\/\/www.mediapark.de\/\",\"name\":\"MediaPark K\u00f6ln\",\"description\":\"\",\"potentialAction\":[{\"@type\":\"SearchAction\",\"target\":{\"@type\":\"EntryPoint\",\"urlTemplate\":\"https:\/\/www.mediapark.de\/?s={search_term_string}\"},\"query-input\":{\"@type\":\"PropertyValueSpecification\",\"valueRequired\":true,\"valueName\":\"search_term_string\"}}],\"inLanguage\":\"en-US\"},{\"@type\":\"Person\",\"@id\":\"https:\/\/www.mediapark.de\/#\/schema\/person\/312ccfc44e8b62dabb32f9b501f82c90\",\"name\":\"Nina Linnebach\",\"image\":{\"@type\":\"ImageObject\",\"inLanguage\":\"en-US\",\"@id\":\"https:\/\/www.mediapark.de\/#\/schema\/person\/image\/\",\"url\":\"https:\/\/secure.gravatar.com\/avatar\/31c6a2f8e07f9a160bd98d06232585d9?s=96&d=mm&r=g\",\"contentUrl\":\"https:\/\/secure.gravatar.com\/avatar\/31c6a2f8e07f9a160bd98d06232585d9?s=96&d=mm&r=g\",\"caption\":\"Nina Linnebach\"},\"url\":\"https:\/\/www.mediapark.de\/en\/author\/n_linnebach\/\"}]}<\/script>\n<!-- \/ Yoast SEO plugin. -->","yoast_head_json":{"title":"Cinedom zeigt im M\u00e4rz die Oscar-Kandidaten 2023 - MediaPark K\u00f6ln","robots":{"index":"index","follow":"follow","max-snippet":"max-snippet:-1","max-image-preview":"max-image-preview:large","max-video-preview":"max-video-preview:-1"},"canonical":"https:\/\/www.mediapark.de\/news\/cinedom-zeigt-im-maerz-die-oscar-kandidaten-2023\/","og_locale":"en_US","og_type":"article","og_title":"Cinedom zeigt im M\u00e4rz die Oscar-Kandidaten 2023 - MediaPark K\u00f6ln","og_description":"[vc_row][vc_column width=&#8221;1\/3&#8243; offset=&#8221;vc_col-lg-3 vc_col-md-4 vc_hidden-sm vc_col-xs-12 vc_hidden-xs&#8221;][\/vc_column][vc_column css=&#8221;.vc_custom_1494321748347{background-color: #ffffff !important;}&#8221; offset=&#8221;vc_col-lg-9 vc_col-md-8 vc_col-xs-12&#8243;][vc_row_inner][vc_column_inner el_class=&#8221;content-headline&#8221;][vc_column_text] Cinedom zeigt im M\u00e4rz die Oscar-Kandidaten 2023 [\/vc_column_text][\/vc_column_inner][\/vc_row_inner][vc_single_image image=&#8221;4135&#8243; img_size=&#8221;post-header&#8221; alignment=&#8221;center&#8221; el_class=&#8221;post-title-image&#8221;][vc_column_text]Wer sich im Rahmen der Oscar-Verleihung in Los Angeles am Sonntag den 13.03.2023 nochmal die Nominierten in Erinnerung rufen m\u00f6chte ist im Cinedom genau richtig. Im M\u00e4rz zeigt der Cinedom&hellip;","og_url":"https:\/\/www.mediapark.de\/news\/cinedom-zeigt-im-maerz-die-oscar-kandidaten-2023\/","og_site_name":"MediaPark K\u00f6ln","article_publisher":"http:\/\/www.facebook.com\/pages\/MediaPark\/360959134018223","article_published_time":"2023-03-09T09:09:21+00:00","og_image":[{"width":945,"height":535,"url":"https:\/\/www.mediapark.de\/wp-content\/uploads\/2019\/05\/Cinedom-4.jpg","type":"image\/jpeg"}],"author":"Nina Linnebach","twitter_card":"summary_large_image","twitter_creator":"@MediaParkKoeln","twitter_site":"@MediaParkKoeln","twitter_misc":{"Written by":"Nina Linnebach","Est. reading time":"1 minute"},"schema":{"@context":"https:\/\/schema.org","@graph":[{"@type":"WebPage","@id":"https:\/\/www.mediapark.de\/news\/cinedom-zeigt-im-maerz-die-oscar-kandidaten-2023\/","url":"https:\/\/www.mediapark.de\/news\/cinedom-zeigt-im-maerz-die-oscar-kandidaten-2023\/","name":"Cinedom zeigt im M\u00e4rz die Oscar-Kandidaten 2023 - MediaPark K\u00f6ln","isPartOf":{"@id":"https:\/\/www.mediapark.de\/#website"},"primaryImageOfPage":{"@id":"https:\/\/www.mediapark.de\/news\/cinedom-zeigt-im-maerz-die-oscar-kandidaten-2023\/#primaryimage"},"image":{"@id":"https:\/\/www.mediapark.de\/news\/cinedom-zeigt-im-maerz-die-oscar-kandidaten-2023\/#primaryimage"},"thumbnailUrl":"https:\/\/www.mediapark.de\/wp-content\/uploads\/2019\/05\/Cinedom-4.jpg","datePublished":"2023-03-09T09:09:21+00:00","dateModified":"2023-03-09T09:09:21+00:00","author":{"@id":"https:\/\/www.mediapark.de\/#\/schema\/person\/312ccfc44e8b62dabb32f9b501f82c90"},"breadcrumb":{"@id":"https:\/\/www.mediapark.de\/news\/cinedom-zeigt-im-maerz-die-oscar-kandidaten-2023\/#breadcrumb"},"inLanguage":"en-US","potentialAction":[{"@type":"ReadAction","target":["https:\/\/www.mediapark.de\/news\/cinedom-zeigt-im-maerz-die-oscar-kandidaten-2023\/"]}]},{"@type":"ImageObject","inLanguage":"en-US","@id":"https:\/\/www.mediapark.de\/news\/cinedom-zeigt-im-maerz-die-oscar-kandidaten-2023\/#primaryimage","url":"https:\/\/www.mediapark.de\/wp-content\/uploads\/2019\/05\/Cinedom-4.jpg","contentUrl":"https:\/\/www.mediapark.de\/wp-content\/uploads\/2019\/05\/Cinedom-4.jpg","width":945,"height":535},{"@type":"BreadcrumbList","@id":"https:\/\/www.mediapark.de\/news\/cinedom-zeigt-im-maerz-die-oscar-kandidaten-2023\/#breadcrumb","itemListElement":[{"@type":"ListItem","position":1,"name":"Startseite","item":"https:\/\/www.mediapark.de\/en\/"},{"@type":"ListItem","position":2,"name":"News","item":"https:\/\/www.mediapark.de\/category\/news\/"},{"@type":"ListItem","position":3,"name":"Cinedom zeigt im M\u00e4rz die Oscar-Kandidaten 2023"}]},{"@type":"WebSite","@id":"https:\/\/www.mediapark.de\/#website","url":"https:\/\/www.mediapark.de\/","name":"MediaPark K\u00f6ln","description":"","potentialAction":[{"@type":"SearchAction","target":{"@type":"EntryPoint","urlTemplate":"https:\/\/www.mediapark.de\/?s={search_term_string}"},"query-input":{"@type":"PropertyValueSpecification","valueRequired":true,"valueName":"search_term_string"}}],"inLanguage":"en-US"},{"@type":"Person","@id":"https:\/\/www.mediapark.de\/#\/schema\/person\/312ccfc44e8b62dabb32f9b501f82c90","name":"Nina Linnebach","image":{"@type":"ImageObject","inLanguage":"en-US","@id":"https:\/\/www.mediapark.de\/#\/schema\/person\/image\/","url":"https:\/\/secure.gravatar.com\/avatar\/31c6a2f8e07f9a160bd98d06232585d9?s=96&d=mm&r=g","contentUrl":"https:\/\/secure.gravatar.com\/avatar\/31c6a2f8e07f9a160bd98d06232585d9?s=96&d=mm&r=g","caption":"Nina Linnebach"},"url":"https:\/\/www.mediapark.de\/en\/author\/n_linnebach\/"}]}},"_links":{"self":[{"href":"https:\/\/www.mediapark.de\/en\/wp-json\/wp\/v2\/posts\/5552","targetHints":{"allow":["GET"]}}],"collection":[{"href":"https:\/\/www.mediapark.de\/en\/wp-json\/wp\/v2\/posts"}],"about":[{"href":"https:\/\/www.mediapark.de\/en\/wp-json\/wp\/v2\/types\/post"}],"author":[{"embeddable":true,"href":"https:\/\/www.mediapark.de\/en\/wp-json\/wp\/v2\/users\/2"}],"replies":[{"embeddable":true,"href":"https:\/\/www.mediapark.de\/en\/wp-json\/wp\/v2\/comments?post=5552"}],"version-history":[{"count":1,"href":"https:\/\/www.mediapark.de\/en\/wp-json\/wp\/v2\/posts\/5552\/revisions"}],"predecessor-version":[{"id":5553,"href":"https:\/\/www.mediapark.de\/en\/wp-json\/wp\/v2\/posts\/5552\/revisions\/5553"}],"wp:featuredmedia":[{"embeddable":true,"href":"https:\/\/www.mediapark.de\/en\/wp-json\/wp\/v2\/media\/4137"}],"wp:attachment":[{"href":"https:\/\/www.mediapark.de\/en\/wp-json\/wp\/v2\/media?parent=5552"}],"wp:term":[{"taxonomy":"category","embeddable":true,"href":"https:\/\/www.mediapark.de\/en\/wp-json\/wp\/v2\/categories?post=5552"},{"taxonomy":"post_tag","embeddable":true,"href":"https:\/\/www.mediapark.de\/en\/wp-json\/wp\/v2\/tags?post=5552"}],"curies":[{"name":"wp","href":"https:\/\/api.w.org\/{rel}","templated":true}]}}