{"id":5664,"date":"2023-06-19T11:21:21","date_gmt":"2023-06-19T09:21:21","guid":{"rendered":"https:\/\/www.mediapark.de\/?p=5664"},"modified":"2023-06-19T11:21:21","modified_gmt":"2023-06-19T09:21:21","slug":"sommer-koeln-kurzfilm-am-see-endlich-urlaub","status":"publish","type":"post","link":"https:\/\/www.mediapark.de\/en\/veranstaltungen\/sommer-koeln-kurzfilm-am-see-endlich-urlaub\/","title":{"rendered":"Sommer K\u00f6ln: Kurzfilm am See \u2013 Endlich Urlaub!"},"content":{"rendered":"<div class=\"wpb-content-wrapper\"><p>[vc_row][\/vc_row][vc_row][vc_column width=&#8221;1\/3&#8243; offset=&#8221;vc_col-lg-3 vc_col-md-4 vc_hidden-sm vc_col-xs-12 vc_hidden-xs&#8221;][\/vc_column][vc_column css=&#8221;.vc_custom_1494321748347{background-color: #ffffff !important;}&#8221; offset=&#8221;vc_col-lg-9 vc_col-md-8 vc_col-xs-12&#8243;][vc_row_inner][vc_column_inner el_class=&#8221;content-headline&#8221;][vc_column_text]<\/p>\n<h1>Sommer K\u00f6ln: Kurzfilm am See \u2013 Endlich Urlaub!<\/h1>\n<p>[\/vc_column_text][\/vc_column_inner][\/vc_row_inner][vc_single_image image=&#8221;5698&#8243; img_size=&#8221;post-header&#8221; alignment=&#8221;center&#8221; el_class=&#8221;post-title-image&#8221;][vc_column_text]<strong>Aufregend bis unterhaltsame Kurzfilme in lauschiger Open-Air-Atmosph\u00e4re am See.<\/strong><\/p>\n<p>Ein k\u00fchles Getr\u00e4nk in der Hand, warme Sommerluft im Gesicht mit Blick auf die Leinwand am Wasser \u2013 so beginnt ein spannender Kurzfilmabend auf der Seeterrasse.<\/p>\n<p>Der Kurzfilm fordert Filmemacher*innen heraus, sich in ihrer Erz\u00e4hlkunst auf die Essenz zu konzentrieren. Wir zeigen Ihnen spannende, \u00fcberraschende und einpr\u00e4gsame Filmkunstwerke. Dank kabellosen Kopfh\u00f6rern ist erstklassiger Sound garantiert.<\/p>\n<p>Heute pr\u00e4sentieren wir kritische und humorvolle Filme zum Thema <strong><em>Endlich Urlaub!<\/em><\/strong>Absurd, komisch und manchmal tragisch sind die Geschichten, wie zum Beispiel eine ganz besondere Begleitung auf einem Kreuzfahrschiff.<\/p>\n<p>&nbsp;<\/p>\n<p>Dauer: 90 Minuten<\/p>\n<p>Start: 21:30 Uhr<\/p>\n<p>Ort: Seeterrasse im Mediapark<\/p>\n<p>EINTRITT FREI!<\/p>\n<p><a href=\"https:\/\/sommer.koeln\/termine\/\">https:\/\/sommer.koeln\/termine\/<\/a>[\/vc_column_text][\/vc_column][\/vc_row]<\/p>\n<\/div>","protected":false},"excerpt":{"rendered":"<p>[vc_row][\/vc_row][vc_row][vc_column width=&#8221;1\/3&#8243; offset=&#8221;vc_col-lg-3 vc_col-md-4 vc_hidden-sm vc_col-xs-12 vc_hidden-xs&#8221;][\/vc_column][vc_column css=&#8221;.vc_custom_1494321748347{background-color: #ffffff !important;}&#8221; offset=&#8221;vc_col-lg-9 vc_col-md-8 vc_col-xs-12&#8243;][vc_row_inner][vc_column_inner el_class=&#8221;content-headline&#8221;][vc_column_text] Sommer K\u00f6ln: Kurzfilm am See \u2013 Endlich Urlaub! [\/vc_column_text][\/vc_column_inner][\/vc_row_inner][vc_single_image image=&#8221;5698&#8243; img_size=&#8221;post-header&#8221; alignment=&#8221;center&#8221; el_class=&#8221;post-title-image&#8221;][vc_column_text]Aufregend bis unterhaltsame Kurzfilme in lauschiger Open-Air-Atmosph\u00e4re am See. Ein k\u00fchles Getr\u00e4nk in der Hand, warme Sommerluft im Gesicht mit Blick auf die Leinwand am Wasser \u2013 so beginnt&hellip;<\/p>\n","protected":false},"author":2,"featured_media":0,"comment_status":"closed","ping_status":"open","sticky":false,"template":"","format":"standard","meta":{"_acf_changed":false,"footnotes":""},"categories":[66],"tags":[],"class_list":["post-5664","post","type-post","status-publish","format-standard","hentry","category-veranstaltungen"],"acf":[],"yoast_head":"<!-- This site is optimized with the Yoast SEO plugin v24.2 - https:\/\/yoast.com\/wordpress\/plugins\/seo\/ -->\n<title>Sommer K\u00f6ln: Kurzfilm am See \u2013 Endlich Urlaub! - MediaPark K\u00f6ln<\/title>\n<meta name=\"robots\" content=\"index, follow, max-snippet:-1, max-image-preview:large, max-video-preview:-1\" \/>\n<link rel=\"canonical\" href=\"https:\/\/www.mediapark.de\/veranstaltungen\/sommer-koeln-kurzfilm-am-see-endlich-urlaub\/\" \/>\n<meta property=\"og:locale\" content=\"en_US\" \/>\n<meta property=\"og:type\" content=\"article\" \/>\n<meta property=\"og:title\" content=\"Sommer K\u00f6ln: Kurzfilm am See \u2013 Endlich Urlaub! - MediaPark K\u00f6ln\" \/>\n<meta property=\"og:description\" content=\"[vc_row][\/vc_row][vc_row][vc_column width=&#8221;1\/3&#8243; offset=&#8221;vc_col-lg-3 vc_col-md-4 vc_hidden-sm vc_col-xs-12 vc_hidden-xs&#8221;][\/vc_column][vc_column css=&#8221;.vc_custom_1494321748347{background-color: #ffffff !important;}&#8221; offset=&#8221;vc_col-lg-9 vc_col-md-8 vc_col-xs-12&#8243;][vc_row_inner][vc_column_inner el_class=&#8221;content-headline&#8221;][vc_column_text] Sommer K\u00f6ln: Kurzfilm am See \u2013 Endlich Urlaub! [\/vc_column_text][\/vc_column_inner][\/vc_row_inner][vc_single_image image=&#8221;5698&#8243; img_size=&#8221;post-header&#8221; alignment=&#8221;center&#8221; el_class=&#8221;post-title-image&#8221;][vc_column_text]Aufregend bis unterhaltsame Kurzfilme in lauschiger Open-Air-Atmosph\u00e4re am See. Ein k\u00fchles Getr\u00e4nk in der Hand, warme Sommerluft im Gesicht mit Blick auf die Leinwand am Wasser \u2013 so beginnt&hellip;\" \/>\n<meta property=\"og:url\" content=\"https:\/\/www.mediapark.de\/veranstaltungen\/sommer-koeln-kurzfilm-am-see-endlich-urlaub\/\" \/>\n<meta property=\"og:site_name\" content=\"MediaPark K\u00f6ln\" \/>\n<meta property=\"article:publisher\" content=\"http:\/\/www.facebook.com\/pages\/MediaPark\/360959134018223\" \/>\n<meta property=\"article:published_time\" content=\"2023-06-19T09:21:21+00:00\" \/>\n<meta name=\"author\" content=\"Nina Linnebach\" \/>\n<meta name=\"twitter:card\" content=\"summary_large_image\" \/>\n<meta name=\"twitter:creator\" content=\"@MediaParkKoeln\" \/>\n<meta name=\"twitter:site\" content=\"@MediaParkKoeln\" \/>\n<meta name=\"twitter:label1\" content=\"Written by\" \/>\n\t<meta name=\"twitter:data1\" content=\"Nina Linnebach\" \/>\n\t<meta name=\"twitter:label2\" content=\"Est. reading time\" \/>\n\t<meta name=\"twitter:data2\" content=\"1 minute\" \/>\n<script type=\"application\/ld+json\" class=\"yoast-schema-graph\">{\"@context\":\"https:\/\/schema.org\",\"@graph\":[{\"@type\":\"WebPage\",\"@id\":\"https:\/\/www.mediapark.de\/veranstaltungen\/sommer-koeln-kurzfilm-am-see-endlich-urlaub\/\",\"url\":\"https:\/\/www.mediapark.de\/veranstaltungen\/sommer-koeln-kurzfilm-am-see-endlich-urlaub\/\",\"name\":\"Sommer K\u00f6ln: Kurzfilm am See \u2013 Endlich Urlaub! - MediaPark K\u00f6ln\",\"isPartOf\":{\"@id\":\"https:\/\/www.mediapark.de\/#website\"},\"datePublished\":\"2023-06-19T09:21:21+00:00\",\"dateModified\":\"2023-06-19T09:21:21+00:00\",\"author\":{\"@id\":\"https:\/\/www.mediapark.de\/#\/schema\/person\/312ccfc44e8b62dabb32f9b501f82c90\"},\"breadcrumb\":{\"@id\":\"https:\/\/www.mediapark.de\/veranstaltungen\/sommer-koeln-kurzfilm-am-see-endlich-urlaub\/#breadcrumb\"},\"inLanguage\":\"en-US\",\"potentialAction\":[{\"@type\":\"ReadAction\",\"target\":[\"https:\/\/www.mediapark.de\/veranstaltungen\/sommer-koeln-kurzfilm-am-see-endlich-urlaub\/\"]}]},{\"@type\":\"BreadcrumbList\",\"@id\":\"https:\/\/www.mediapark.de\/veranstaltungen\/sommer-koeln-kurzfilm-am-see-endlich-urlaub\/#breadcrumb\",\"itemListElement\":[{\"@type\":\"ListItem\",\"position\":1,\"name\":\"Startseite\",\"item\":\"https:\/\/www.mediapark.de\/en\/\"},{\"@type\":\"ListItem\",\"position\":2,\"name\":\"Veranstaltungen\",\"item\":\"https:\/\/www.mediapark.de\/category\/veranstaltungen\/\"},{\"@type\":\"ListItem\",\"position\":3,\"name\":\"Sommer K\u00f6ln: Kurzfilm am See \u2013 Endlich Urlaub!\"}]},{\"@type\":\"WebSite\",\"@id\":\"https:\/\/www.mediapark.de\/#website\",\"url\":\"https:\/\/www.mediapark.de\/\",\"name\":\"MediaPark K\u00f6ln\",\"description\":\"\",\"potentialAction\":[{\"@type\":\"SearchAction\",\"target\":{\"@type\":\"EntryPoint\",\"urlTemplate\":\"https:\/\/www.mediapark.de\/?s={search_term_string}\"},\"query-input\":{\"@type\":\"PropertyValueSpecification\",\"valueRequired\":true,\"valueName\":\"search_term_string\"}}],\"inLanguage\":\"en-US\"},{\"@type\":\"Person\",\"@id\":\"https:\/\/www.mediapark.de\/#\/schema\/person\/312ccfc44e8b62dabb32f9b501f82c90\",\"name\":\"Nina Linnebach\",\"image\":{\"@type\":\"ImageObject\",\"inLanguage\":\"en-US\",\"@id\":\"https:\/\/www.mediapark.de\/#\/schema\/person\/image\/\",\"url\":\"https:\/\/secure.gravatar.com\/avatar\/31c6a2f8e07f9a160bd98d06232585d9?s=96&d=mm&r=g\",\"contentUrl\":\"https:\/\/secure.gravatar.com\/avatar\/31c6a2f8e07f9a160bd98d06232585d9?s=96&d=mm&r=g\",\"caption\":\"Nina Linnebach\"},\"url\":\"https:\/\/www.mediapark.de\/en\/author\/n_linnebach\/\"}]}<\/script>\n<!-- \/ Yoast SEO plugin. -->","yoast_head_json":{"title":"Sommer K\u00f6ln: Kurzfilm am See \u2013 Endlich Urlaub! - MediaPark K\u00f6ln","robots":{"index":"index","follow":"follow","max-snippet":"max-snippet:-1","max-image-preview":"max-image-preview:large","max-video-preview":"max-video-preview:-1"},"canonical":"https:\/\/www.mediapark.de\/veranstaltungen\/sommer-koeln-kurzfilm-am-see-endlich-urlaub\/","og_locale":"en_US","og_type":"article","og_title":"Sommer K\u00f6ln: Kurzfilm am See \u2013 Endlich Urlaub! - MediaPark K\u00f6ln","og_description":"[vc_row][\/vc_row][vc_row][vc_column width=&#8221;1\/3&#8243; offset=&#8221;vc_col-lg-3 vc_col-md-4 vc_hidden-sm vc_col-xs-12 vc_hidden-xs&#8221;][\/vc_column][vc_column css=&#8221;.vc_custom_1494321748347{background-color: #ffffff !important;}&#8221; offset=&#8221;vc_col-lg-9 vc_col-md-8 vc_col-xs-12&#8243;][vc_row_inner][vc_column_inner el_class=&#8221;content-headline&#8221;][vc_column_text] Sommer K\u00f6ln: Kurzfilm am See \u2013 Endlich Urlaub! [\/vc_column_text][\/vc_column_inner][\/vc_row_inner][vc_single_image image=&#8221;5698&#8243; img_size=&#8221;post-header&#8221; alignment=&#8221;center&#8221; el_class=&#8221;post-title-image&#8221;][vc_column_text]Aufregend bis unterhaltsame Kurzfilme in lauschiger Open-Air-Atmosph\u00e4re am See. Ein k\u00fchles Getr\u00e4nk in der Hand, warme Sommerluft im Gesicht mit Blick auf die Leinwand am Wasser \u2013 so beginnt&hellip;","og_url":"https:\/\/www.mediapark.de\/veranstaltungen\/sommer-koeln-kurzfilm-am-see-endlich-urlaub\/","og_site_name":"MediaPark K\u00f6ln","article_publisher":"http:\/\/www.facebook.com\/pages\/MediaPark\/360959134018223","article_published_time":"2023-06-19T09:21:21+00:00","author":"Nina Linnebach","twitter_card":"summary_large_image","twitter_creator":"@MediaParkKoeln","twitter_site":"@MediaParkKoeln","twitter_misc":{"Written by":"Nina Linnebach","Est. reading time":"1 minute"},"schema":{"@context":"https:\/\/schema.org","@graph":[{"@type":"WebPage","@id":"https:\/\/www.mediapark.de\/veranstaltungen\/sommer-koeln-kurzfilm-am-see-endlich-urlaub\/","url":"https:\/\/www.mediapark.de\/veranstaltungen\/sommer-koeln-kurzfilm-am-see-endlich-urlaub\/","name":"Sommer K\u00f6ln: Kurzfilm am See \u2013 Endlich Urlaub! - MediaPark K\u00f6ln","isPartOf":{"@id":"https:\/\/www.mediapark.de\/#website"},"datePublished":"2023-06-19T09:21:21+00:00","dateModified":"2023-06-19T09:21:21+00:00","author":{"@id":"https:\/\/www.mediapark.de\/#\/schema\/person\/312ccfc44e8b62dabb32f9b501f82c90"},"breadcrumb":{"@id":"https:\/\/www.mediapark.de\/veranstaltungen\/sommer-koeln-kurzfilm-am-see-endlich-urlaub\/#breadcrumb"},"inLanguage":"en-US","potentialAction":[{"@type":"ReadAction","target":["https:\/\/www.mediapark.de\/veranstaltungen\/sommer-koeln-kurzfilm-am-see-endlich-urlaub\/"]}]},{"@type":"BreadcrumbList","@id":"https:\/\/www.mediapark.de\/veranstaltungen\/sommer-koeln-kurzfilm-am-see-endlich-urlaub\/#breadcrumb","itemListElement":[{"@type":"ListItem","position":1,"name":"Startseite","item":"https:\/\/www.mediapark.de\/en\/"},{"@type":"ListItem","position":2,"name":"Veranstaltungen","item":"https:\/\/www.mediapark.de\/category\/veranstaltungen\/"},{"@type":"ListItem","position":3,"name":"Sommer K\u00f6ln: Kurzfilm am See \u2013 Endlich Urlaub!"}]},{"@type":"WebSite","@id":"https:\/\/www.mediapark.de\/#website","url":"https:\/\/www.mediapark.de\/","name":"MediaPark K\u00f6ln","description":"","potentialAction":[{"@type":"SearchAction","target":{"@type":"EntryPoint","urlTemplate":"https:\/\/www.mediapark.de\/?s={search_term_string}"},"query-input":{"@type":"PropertyValueSpecification","valueRequired":true,"valueName":"search_term_string"}}],"inLanguage":"en-US"},{"@type":"Person","@id":"https:\/\/www.mediapark.de\/#\/schema\/person\/312ccfc44e8b62dabb32f9b501f82c90","name":"Nina Linnebach","image":{"@type":"ImageObject","inLanguage":"en-US","@id":"https:\/\/www.mediapark.de\/#\/schema\/person\/image\/","url":"https:\/\/secure.gravatar.com\/avatar\/31c6a2f8e07f9a160bd98d06232585d9?s=96&d=mm&r=g","contentUrl":"https:\/\/secure.gravatar.com\/avatar\/31c6a2f8e07f9a160bd98d06232585d9?s=96&d=mm&r=g","caption":"Nina Linnebach"},"url":"https:\/\/www.mediapark.de\/en\/author\/n_linnebach\/"}]}},"_links":{"self":[{"href":"https:\/\/www.mediapark.de\/en\/wp-json\/wp\/v2\/posts\/5664","targetHints":{"allow":["GET"]}}],"collection":[{"href":"https:\/\/www.mediapark.de\/en\/wp-json\/wp\/v2\/posts"}],"about":[{"href":"https:\/\/www.mediapark.de\/en\/wp-json\/wp\/v2\/types\/post"}],"author":[{"embeddable":true,"href":"https:\/\/www.mediapark.de\/en\/wp-json\/wp\/v2\/users\/2"}],"replies":[{"embeddable":true,"href":"https:\/\/www.mediapark.de\/en\/wp-json\/wp\/v2\/comments?post=5664"}],"version-history":[{"count":4,"href":"https:\/\/www.mediapark.de\/en\/wp-json\/wp\/v2\/posts\/5664\/revisions"}],"predecessor-version":[{"id":5706,"href":"https:\/\/www.mediapark.de\/en\/wp-json\/wp\/v2\/posts\/5664\/revisions\/5706"}],"wp:attachment":[{"href":"https:\/\/www.mediapark.de\/en\/wp-json\/wp\/v2\/media?parent=5664"}],"wp:term":[{"taxonomy":"category","embeddable":true,"href":"https:\/\/www.mediapark.de\/en\/wp-json\/wp\/v2\/categories?post=5664"},{"taxonomy":"post_tag","embeddable":true,"href":"https:\/\/www.mediapark.de\/en\/wp-json\/wp\/v2\/tags?post=5664"}],"curies":[{"name":"wp","href":"https:\/\/api.w.org\/{rel}","templated":true}]}}