{"id":5668,"date":"2023-06-19T11:20:37","date_gmt":"2023-06-19T09:20:37","guid":{"rendered":"https:\/\/www.mediapark.de\/?p=5668"},"modified":"2023-06-19T11:20:37","modified_gmt":"2023-06-19T09:20:37","slug":"sommer-koeln-familientag-im-mediapark-mitmachprogramm-fuer-gross-und-klein","status":"publish","type":"post","link":"https:\/\/www.mediapark.de\/en\/veranstaltungen\/sommer-koeln-familientag-im-mediapark-mitmachprogramm-fuer-gross-und-klein\/","title":{"rendered":"Sommer K\u00f6ln: Familientag im Mediapark \u2013 Mitmachprogramm f\u00fcr Gro\u00df und Klein"},"content":{"rendered":"<div class=\"wpb-content-wrapper\"><p>[vc_row][\/vc_row][vc_row][vc_column width=&#8221;1\/3&#8243; offset=&#8221;vc_col-lg-3 vc_col-md-4 vc_hidden-sm vc_col-xs-12 vc_hidden-xs&#8221;][\/vc_column][vc_column css=&#8221;.vc_custom_1494321748347{background-color: #ffffff !important;}&#8221; offset=&#8221;vc_col-lg-9 vc_col-md-8 vc_col-xs-12&#8243;][vc_row_inner][vc_column_inner el_class=&#8221;content-headline&#8221;][vc_column_text]<\/p>\n<h1 class=\"hd-page__title\">Sommer K\u00f6ln: Familientag im Mediapark \u2013 Mitmachprogramm f\u00fcr Gro\u00df und Klein<\/h1>\n<p>[\/vc_column_text][\/vc_column_inner][\/vc_row_inner][vc_single_image image=&#8221;5698&#8243; img_size=&#8221;post-header&#8221; alignment=&#8221;center&#8221; el_class=&#8221;post-title-image&#8221;][vc_column_text]<\/p>\n<div class=\"hd-page__content\">\n<p><strong>Ab 10 Uhr verwandelt sich der Mediapark in eine gro\u00dfe B\u00fchne. Kinder und Erwachsene k\u00f6nnen den ganzen Tag von einer Station zur n\u00e4chsten gehen und immer neue Mitmachaktionen entdecken, wie Sandkunst, Tanz, interaktives Theater und Lesespa\u00df.<\/strong><\/p>\n<p><strong>11 \u2013 18 Uhr<\/strong><br \/>\n<strong>Sag mir erst, wie alt du bist! \u2013 Theaterkollektiv sowas in der art<\/strong><\/p>\n<p><strong><em>Das Theaterkollektiv sowas in der art l\u00e4dt Jung und Alt zu einer begehbaren Installation in einem Wohnmobil ein. Im Gespr\u00e4ch mit den Besucher*innen erwecken sie die Sammelst\u00fccke aus unterschiedlichen Generationen zum Leben.<\/em><\/strong><\/p>\n<p>Imelda braucht Hilfe! Denn sie wird nicht \u00e4lter. Nie. Deswegen l\u00e4dt sie Menschen verschiedenen Alters in ihre intergalaktische Transrapidin Knut ein. Sie will wissen, wie es ist, Vergangenheit, Zukunft und Jetzt zu erleben. Wie f\u00fchlt es sich an, ein bestimmtes Alter zu haben und \u00e4lter zu werden? Knut ist zwar schon vollgepackt mit Erinnerungen, Stimmen und Objekten, aber das ist noch lange nicht genug. Sie braucht dich! Mit deinem Alter, deinen Geschichten und deinen Gedanken. Triff Imelda, tausch dich aus und lass dich auf eine Zeitreise ein!<\/p>\n<p>Ort: Platz im Mediapark<\/p>\n<p>Alter: ab 8<\/p>\n<p>Platzreservierung notwendig: Die Installation kann nur in Zweier-Teams mit einem Altersunterschied von mindestens 10 Jahren betreten werden. Anmeldungen einzeln oder zu zweit mit Angabe des jeweiligen Alters unter:<strong>\u00a0<a href=\"mailto:info@sowas-in-der-art.de\" target=\"_blank\" rel=\"noreferrer noopener\">info@sowas-in-der-art.de<\/a><\/strong><\/p>\n<p><strong>16 \u2013 20 Uhr\u00a0<\/strong><br \/>\n<strong>Bloom \u2013 Sandkunst\u00a0von Gijs van Bon<\/strong><\/p>\n<p><strong><em>Die Sandkunstmaschine von Gijs van Bon zaubert ein Blumenmeer aufs Pflaster. Schaut zu, wie die florale Kunst w\u00e4chst und macht mit, damit Farbe ins Bild kommt. \u201eBloom\u201c wartet auf Euch!<\/em><\/strong><\/p>\n<p>Der holl\u00e4ndische K\u00fcnstler Gijs van Bon hat eine Maschine entwickelt, die mit wei\u00dfem Sand florale Formen auf den Platz zeichnet. Aus Quarzsand entsteht in vier Stunden nach und nach ein Blumenmeer. Die Blumenumrisse warten nur darauf, von den G\u00e4sten mit buntem Sand koloriert zu werden. Jeder Mensch, der Spa\u00df daran hat, den Mediapark in eine Blumenwiese zu verwandeln, ist herzlich eingeladen. Mit kleinen T\u00f6pfchen voller Sand bewegt man sich zwischen Seeterrasse und Brunnen von Otto Piene. Der verkehrsberuhigte Mediapark ist heute auch f\u00fcr Radfahrer gesperrt. So k\u00f6nnen sich Kinder sicher bewegen und ihrer Kreativit\u00e4t freien Lauf lassen. Eltern, Oma und Opa d\u00fcrfen nat\u00fcrlich gerne mitgestalten.<\/p>\n<p>Ort: Platz im Mediapark<\/p>\n<p><strong>15 \u2013 18 Uhr<br \/>\nBookbike \u2013 vorlesen lassen, gemeinsam anschauen und spielen!<\/strong><\/p>\n<p><em>B\u00fccher auspacken, Schirmchen aufstellen und es sich gem\u00fctlich machen!<\/em><\/p>\n<p>Das bookbike, das sonst in Parks, auf Pl\u00e4tzen und in Freib\u00e4dern unterwegs ist, macht heute im Mediapark halt. Kinder im Alter von 5 bis 6 Jahren k\u00f6nnen hier die Sch\u00e4tze des bookbike nrw entdecken: 30 ausgesuchte Bilderb\u00fccher, ein Teppich und gem\u00fctliche Kissen, Stra\u00dfenkreide, Malbl\u00f6cke und eine W\u00e4scheleine voll mit Figuren, Bildern und Lampions. Alle Neugierigen sind eingeladen, zum Schm\u00f6kern und Spielen, L\u00f6cher in die Luft Gucken und Lesen, Betrachten und Bildermalen. Macht es euch gem\u00fctlich!<\/p>\n<p>Eine Kooperation mit Jugendstil \u2013 LAG Jugend und Literatur NRW e.V.<\/p>\n<p>Ort: Platz im Mediapark<\/p>\n<p><strong>15 \u2013 18 Uhr<br \/>\nWortblumen-Station \u2013 Mitmachaktion<\/strong><\/p>\n<p><strong><em>Bl\u00fchende Fantasie bringt den Wortblumengarten zum Wachsen. F\u00fcr Kinder im Alter von 5 bis 6 Jahren<\/em><\/strong>.<\/p>\n<p>Es werden gemeinsam besondere Worte gesammelt und auf Holzspie\u00dfe geschrieben. Anschlie\u00dfend werden die Holzspie\u00dfe mit selbstgebastelten Bl\u00fcten verziert und in Blument\u00f6pfe gepflanzt. So entsteht ein wunderbar bunter und vielf\u00e4ltiger Wortblumengarten mitten auf dem Platz.<\/p>\n<p>Eine Kooperation mit Jugendstil- LAG Jugend und Literatur NRW e.V.<\/p>\n<p>Ort: Platz im Mediapark<\/p>\n<p><strong>16 \u2013 18 Uhr<\/strong><br \/>\n<strong>El Cuco Projekt: Cassandra \u2013 Tanzperformance <\/strong><\/p>\n<p><strong><em>Die T\u00e4nzerinnen des K\u00f6lner Tanztheaterpreises 2022 performen mit gro\u00dfen Tiermasken als Flederm\u00e4use und als Eidechse. Niedlich, wild und wunderbar wunderlich.<\/em><\/strong><\/p>\n<p>Um in die Welt von El Cuco Projekt einzutauchen, betreten die Besucher*innen ein Zelt. Hier legt die Eidechse Tarotkarten und \u00f6ffnet damit ihren G\u00e4sten eine T\u00fcre in die wunderbare Welt der Tiere. Dabei geht es vor allem um Verst\u00e4ndnis und Respekt. Vor dem Zelt performen die Flederm\u00e4use und ziehen die Menschen mit ihrer Unberechenbarkeit in den Bann. Sie sind niedlich und wild, aber niemals aggressiv. Die hybriden Charaktere bewegen sich tier\u00e4hnlich, werden zu Skulpturen und erinnern an Gem\u00e4lde und Cartoon zugleich.\u00a0Eine au\u00dfergew\u00f6hnliche Tanzperformance, die nachhaltigen Eindruck hinterl\u00e4sst.<\/p>\n<p>Hinweis: Die Einheiten im Zelt bestehen aus sieben Minuten, die mit kleinen Pausen hintereinander stattfinden. Die T\u00e4nzerinnen performen zwischen 16 und 18 Uhr vor dem Zelt.<\/p>\n<p>Ort: Platz im Mediapark<\/p>\n<p>EINTRITT FREI!<\/p>\n<\/div>\n<p><a href=\"https:\/\/sommer.koeln\/termine\/\">https:\/\/sommer.koeln\/termine\/<\/a>[\/vc_column_text][\/vc_column][\/vc_row]<\/p>\n<\/div>","protected":false},"excerpt":{"rendered":"<p>[vc_row][\/vc_row][vc_row][vc_column width=&#8221;1\/3&#8243; offset=&#8221;vc_col-lg-3 vc_col-md-4 vc_hidden-sm vc_col-xs-12 vc_hidden-xs&#8221;][\/vc_column][vc_column css=&#8221;.vc_custom_1494321748347{background-color: #ffffff !important;}&#8221; offset=&#8221;vc_col-lg-9 vc_col-md-8 vc_col-xs-12&#8243;][vc_row_inner][vc_column_inner el_class=&#8221;content-headline&#8221;][vc_column_text] Sommer K\u00f6ln: Familientag im Mediapark \u2013 Mitmachprogramm f\u00fcr Gro\u00df und Klein [\/vc_column_text][\/vc_column_inner][\/vc_row_inner][vc_single_image image=&#8221;5698&#8243; img_size=&#8221;post-header&#8221; alignment=&#8221;center&#8221; el_class=&#8221;post-title-image&#8221;][vc_column_text] Ab 10 Uhr verwandelt sich der Mediapark in eine gro\u00dfe B\u00fchne. Kinder und Erwachsene k\u00f6nnen den ganzen Tag von einer Station zur n\u00e4chsten gehen und&hellip;<\/p>\n","protected":false},"author":2,"featured_media":0,"comment_status":"closed","ping_status":"open","sticky":false,"template":"","format":"standard","meta":{"_acf_changed":false,"footnotes":""},"categories":[66],"tags":[],"class_list":["post-5668","post","type-post","status-publish","format-standard","hentry","category-veranstaltungen"],"acf":[],"yoast_head":"<!-- This site is optimized with the Yoast SEO plugin v24.2 - https:\/\/yoast.com\/wordpress\/plugins\/seo\/ -->\n<title>Sommer K\u00f6ln: Familientag im Mediapark \u2013 Mitmachprogramm f\u00fcr Gro\u00df und Klein - MediaPark K\u00f6ln<\/title>\n<meta name=\"robots\" content=\"index, follow, max-snippet:-1, max-image-preview:large, max-video-preview:-1\" \/>\n<link rel=\"canonical\" href=\"https:\/\/www.mediapark.de\/veranstaltungen\/sommer-koeln-familientag-im-mediapark-mitmachprogramm-fuer-gross-und-klein\/\" \/>\n<meta property=\"og:locale\" content=\"en_US\" \/>\n<meta property=\"og:type\" content=\"article\" \/>\n<meta property=\"og:title\" content=\"Sommer K\u00f6ln: Familientag im Mediapark \u2013 Mitmachprogramm f\u00fcr Gro\u00df und Klein - MediaPark K\u00f6ln\" \/>\n<meta property=\"og:description\" content=\"[vc_row][\/vc_row][vc_row][vc_column width=&#8221;1\/3&#8243; offset=&#8221;vc_col-lg-3 vc_col-md-4 vc_hidden-sm vc_col-xs-12 vc_hidden-xs&#8221;][\/vc_column][vc_column css=&#8221;.vc_custom_1494321748347{background-color: #ffffff !important;}&#8221; offset=&#8221;vc_col-lg-9 vc_col-md-8 vc_col-xs-12&#8243;][vc_row_inner][vc_column_inner el_class=&#8221;content-headline&#8221;][vc_column_text] Sommer K\u00f6ln: Familientag im Mediapark \u2013 Mitmachprogramm f\u00fcr Gro\u00df und Klein [\/vc_column_text][\/vc_column_inner][\/vc_row_inner][vc_single_image image=&#8221;5698&#8243; img_size=&#8221;post-header&#8221; alignment=&#8221;center&#8221; el_class=&#8221;post-title-image&#8221;][vc_column_text] Ab 10 Uhr verwandelt sich der Mediapark in eine gro\u00dfe B\u00fchne. Kinder und Erwachsene k\u00f6nnen den ganzen Tag von einer Station zur n\u00e4chsten gehen und&hellip;\" \/>\n<meta property=\"og:url\" content=\"https:\/\/www.mediapark.de\/veranstaltungen\/sommer-koeln-familientag-im-mediapark-mitmachprogramm-fuer-gross-und-klein\/\" \/>\n<meta property=\"og:site_name\" content=\"MediaPark K\u00f6ln\" \/>\n<meta property=\"article:publisher\" content=\"http:\/\/www.facebook.com\/pages\/MediaPark\/360959134018223\" \/>\n<meta property=\"article:published_time\" content=\"2023-06-19T09:20:37+00:00\" \/>\n<meta name=\"author\" content=\"Nina Linnebach\" \/>\n<meta name=\"twitter:card\" content=\"summary_large_image\" \/>\n<meta name=\"twitter:creator\" content=\"@MediaParkKoeln\" \/>\n<meta name=\"twitter:site\" content=\"@MediaParkKoeln\" \/>\n<meta name=\"twitter:label1\" content=\"Written by\" \/>\n\t<meta name=\"twitter:data1\" content=\"Nina Linnebach\" \/>\n\t<meta name=\"twitter:label2\" content=\"Est. reading time\" \/>\n\t<meta name=\"twitter:data2\" content=\"4 minutes\" \/>\n<script type=\"application\/ld+json\" class=\"yoast-schema-graph\">{\"@context\":\"https:\/\/schema.org\",\"@graph\":[{\"@type\":\"WebPage\",\"@id\":\"https:\/\/www.mediapark.de\/veranstaltungen\/sommer-koeln-familientag-im-mediapark-mitmachprogramm-fuer-gross-und-klein\/\",\"url\":\"https:\/\/www.mediapark.de\/veranstaltungen\/sommer-koeln-familientag-im-mediapark-mitmachprogramm-fuer-gross-und-klein\/\",\"name\":\"Sommer K\u00f6ln: Familientag im Mediapark \u2013 Mitmachprogramm f\u00fcr Gro\u00df und Klein - MediaPark K\u00f6ln\",\"isPartOf\":{\"@id\":\"https:\/\/www.mediapark.de\/#website\"},\"datePublished\":\"2023-06-19T09:20:37+00:00\",\"dateModified\":\"2023-06-19T09:20:37+00:00\",\"author\":{\"@id\":\"https:\/\/www.mediapark.de\/#\/schema\/person\/312ccfc44e8b62dabb32f9b501f82c90\"},\"breadcrumb\":{\"@id\":\"https:\/\/www.mediapark.de\/veranstaltungen\/sommer-koeln-familientag-im-mediapark-mitmachprogramm-fuer-gross-und-klein\/#breadcrumb\"},\"inLanguage\":\"en-US\",\"potentialAction\":[{\"@type\":\"ReadAction\",\"target\":[\"https:\/\/www.mediapark.de\/veranstaltungen\/sommer-koeln-familientag-im-mediapark-mitmachprogramm-fuer-gross-und-klein\/\"]}]},{\"@type\":\"BreadcrumbList\",\"@id\":\"https:\/\/www.mediapark.de\/veranstaltungen\/sommer-koeln-familientag-im-mediapark-mitmachprogramm-fuer-gross-und-klein\/#breadcrumb\",\"itemListElement\":[{\"@type\":\"ListItem\",\"position\":1,\"name\":\"Startseite\",\"item\":\"https:\/\/www.mediapark.de\/en\/\"},{\"@type\":\"ListItem\",\"position\":2,\"name\":\"Veranstaltungen\",\"item\":\"https:\/\/www.mediapark.de\/category\/veranstaltungen\/\"},{\"@type\":\"ListItem\",\"position\":3,\"name\":\"Sommer K\u00f6ln: Familientag im Mediapark \u2013 Mitmachprogramm f\u00fcr Gro\u00df und Klein\"}]},{\"@type\":\"WebSite\",\"@id\":\"https:\/\/www.mediapark.de\/#website\",\"url\":\"https:\/\/www.mediapark.de\/\",\"name\":\"MediaPark K\u00f6ln\",\"description\":\"\",\"potentialAction\":[{\"@type\":\"SearchAction\",\"target\":{\"@type\":\"EntryPoint\",\"urlTemplate\":\"https:\/\/www.mediapark.de\/?s={search_term_string}\"},\"query-input\":{\"@type\":\"PropertyValueSpecification\",\"valueRequired\":true,\"valueName\":\"search_term_string\"}}],\"inLanguage\":\"en-US\"},{\"@type\":\"Person\",\"@id\":\"https:\/\/www.mediapark.de\/#\/schema\/person\/312ccfc44e8b62dabb32f9b501f82c90\",\"name\":\"Nina Linnebach\",\"image\":{\"@type\":\"ImageObject\",\"inLanguage\":\"en-US\",\"@id\":\"https:\/\/www.mediapark.de\/#\/schema\/person\/image\/\",\"url\":\"https:\/\/secure.gravatar.com\/avatar\/31c6a2f8e07f9a160bd98d06232585d9?s=96&d=mm&r=g\",\"contentUrl\":\"https:\/\/secure.gravatar.com\/avatar\/31c6a2f8e07f9a160bd98d06232585d9?s=96&d=mm&r=g\",\"caption\":\"Nina Linnebach\"},\"url\":\"https:\/\/www.mediapark.de\/en\/author\/n_linnebach\/\"}]}<\/script>\n<!-- \/ Yoast SEO plugin. -->","yoast_head_json":{"title":"Sommer K\u00f6ln: Familientag im Mediapark \u2013 Mitmachprogramm f\u00fcr Gro\u00df und Klein - MediaPark K\u00f6ln","robots":{"index":"index","follow":"follow","max-snippet":"max-snippet:-1","max-image-preview":"max-image-preview:large","max-video-preview":"max-video-preview:-1"},"canonical":"https:\/\/www.mediapark.de\/veranstaltungen\/sommer-koeln-familientag-im-mediapark-mitmachprogramm-fuer-gross-und-klein\/","og_locale":"en_US","og_type":"article","og_title":"Sommer K\u00f6ln: Familientag im Mediapark \u2013 Mitmachprogramm f\u00fcr Gro\u00df und Klein - MediaPark K\u00f6ln","og_description":"[vc_row][\/vc_row][vc_row][vc_column width=&#8221;1\/3&#8243; offset=&#8221;vc_col-lg-3 vc_col-md-4 vc_hidden-sm vc_col-xs-12 vc_hidden-xs&#8221;][\/vc_column][vc_column css=&#8221;.vc_custom_1494321748347{background-color: #ffffff !important;}&#8221; offset=&#8221;vc_col-lg-9 vc_col-md-8 vc_col-xs-12&#8243;][vc_row_inner][vc_column_inner el_class=&#8221;content-headline&#8221;][vc_column_text] Sommer K\u00f6ln: Familientag im Mediapark \u2013 Mitmachprogramm f\u00fcr Gro\u00df und Klein [\/vc_column_text][\/vc_column_inner][\/vc_row_inner][vc_single_image image=&#8221;5698&#8243; img_size=&#8221;post-header&#8221; alignment=&#8221;center&#8221; el_class=&#8221;post-title-image&#8221;][vc_column_text] Ab 10 Uhr verwandelt sich der Mediapark in eine gro\u00dfe B\u00fchne. Kinder und Erwachsene k\u00f6nnen den ganzen Tag von einer Station zur n\u00e4chsten gehen und&hellip;","og_url":"https:\/\/www.mediapark.de\/veranstaltungen\/sommer-koeln-familientag-im-mediapark-mitmachprogramm-fuer-gross-und-klein\/","og_site_name":"MediaPark K\u00f6ln","article_publisher":"http:\/\/www.facebook.com\/pages\/MediaPark\/360959134018223","article_published_time":"2023-06-19T09:20:37+00:00","author":"Nina Linnebach","twitter_card":"summary_large_image","twitter_creator":"@MediaParkKoeln","twitter_site":"@MediaParkKoeln","twitter_misc":{"Written by":"Nina Linnebach","Est. reading time":"4 minutes"},"schema":{"@context":"https:\/\/schema.org","@graph":[{"@type":"WebPage","@id":"https:\/\/www.mediapark.de\/veranstaltungen\/sommer-koeln-familientag-im-mediapark-mitmachprogramm-fuer-gross-und-klein\/","url":"https:\/\/www.mediapark.de\/veranstaltungen\/sommer-koeln-familientag-im-mediapark-mitmachprogramm-fuer-gross-und-klein\/","name":"Sommer K\u00f6ln: Familientag im Mediapark \u2013 Mitmachprogramm f\u00fcr Gro\u00df und Klein - MediaPark K\u00f6ln","isPartOf":{"@id":"https:\/\/www.mediapark.de\/#website"},"datePublished":"2023-06-19T09:20:37+00:00","dateModified":"2023-06-19T09:20:37+00:00","author":{"@id":"https:\/\/www.mediapark.de\/#\/schema\/person\/312ccfc44e8b62dabb32f9b501f82c90"},"breadcrumb":{"@id":"https:\/\/www.mediapark.de\/veranstaltungen\/sommer-koeln-familientag-im-mediapark-mitmachprogramm-fuer-gross-und-klein\/#breadcrumb"},"inLanguage":"en-US","potentialAction":[{"@type":"ReadAction","target":["https:\/\/www.mediapark.de\/veranstaltungen\/sommer-koeln-familientag-im-mediapark-mitmachprogramm-fuer-gross-und-klein\/"]}]},{"@type":"BreadcrumbList","@id":"https:\/\/www.mediapark.de\/veranstaltungen\/sommer-koeln-familientag-im-mediapark-mitmachprogramm-fuer-gross-und-klein\/#breadcrumb","itemListElement":[{"@type":"ListItem","position":1,"name":"Startseite","item":"https:\/\/www.mediapark.de\/en\/"},{"@type":"ListItem","position":2,"name":"Veranstaltungen","item":"https:\/\/www.mediapark.de\/category\/veranstaltungen\/"},{"@type":"ListItem","position":3,"name":"Sommer K\u00f6ln: Familientag im Mediapark \u2013 Mitmachprogramm f\u00fcr Gro\u00df und Klein"}]},{"@type":"WebSite","@id":"https:\/\/www.mediapark.de\/#website","url":"https:\/\/www.mediapark.de\/","name":"MediaPark K\u00f6ln","description":"","potentialAction":[{"@type":"SearchAction","target":{"@type":"EntryPoint","urlTemplate":"https:\/\/www.mediapark.de\/?s={search_term_string}"},"query-input":{"@type":"PropertyValueSpecification","valueRequired":true,"valueName":"search_term_string"}}],"inLanguage":"en-US"},{"@type":"Person","@id":"https:\/\/www.mediapark.de\/#\/schema\/person\/312ccfc44e8b62dabb32f9b501f82c90","name":"Nina Linnebach","image":{"@type":"ImageObject","inLanguage":"en-US","@id":"https:\/\/www.mediapark.de\/#\/schema\/person\/image\/","url":"https:\/\/secure.gravatar.com\/avatar\/31c6a2f8e07f9a160bd98d06232585d9?s=96&d=mm&r=g","contentUrl":"https:\/\/secure.gravatar.com\/avatar\/31c6a2f8e07f9a160bd98d06232585d9?s=96&d=mm&r=g","caption":"Nina Linnebach"},"url":"https:\/\/www.mediapark.de\/en\/author\/n_linnebach\/"}]}},"_links":{"self":[{"href":"https:\/\/www.mediapark.de\/en\/wp-json\/wp\/v2\/posts\/5668","targetHints":{"allow":["GET"]}}],"collection":[{"href":"https:\/\/www.mediapark.de\/en\/wp-json\/wp\/v2\/posts"}],"about":[{"href":"https:\/\/www.mediapark.de\/en\/wp-json\/wp\/v2\/types\/post"}],"author":[{"embeddable":true,"href":"https:\/\/www.mediapark.de\/en\/wp-json\/wp\/v2\/users\/2"}],"replies":[{"embeddable":true,"href":"https:\/\/www.mediapark.de\/en\/wp-json\/wp\/v2\/comments?post=5668"}],"version-history":[{"count":3,"href":"https:\/\/www.mediapark.de\/en\/wp-json\/wp\/v2\/posts\/5668\/revisions"}],"predecessor-version":[{"id":5705,"href":"https:\/\/www.mediapark.de\/en\/wp-json\/wp\/v2\/posts\/5668\/revisions\/5705"}],"wp:attachment":[{"href":"https:\/\/www.mediapark.de\/en\/wp-json\/wp\/v2\/media?parent=5668"}],"wp:term":[{"taxonomy":"category","embeddable":true,"href":"https:\/\/www.mediapark.de\/en\/wp-json\/wp\/v2\/categories?post=5668"},{"taxonomy":"post_tag","embeddable":true,"href":"https:\/\/www.mediapark.de\/en\/wp-json\/wp\/v2\/tags?post=5668"}],"curies":[{"name":"wp","href":"https:\/\/api.w.org\/{rel}","templated":true}]}}