{"id":6117,"date":"2024-11-18T11:30:47","date_gmt":"2024-11-18T10:30:47","guid":{"rendered":"https:\/\/www.mediapark.de\/?p=6117"},"modified":"2024-11-18T11:39:07","modified_gmt":"2024-11-18T10:39:07","slug":"gluehweinbude-am-nh-hotel","status":"publish","type":"post","link":"https:\/\/www.mediapark.de\/en\/news\/gluehweinbude-am-nh-hotel\/","title":{"rendered":"Gl\u00fchweinbude am NH Collection K\u00f6ln Mediapark"},"content":{"rendered":"<div class=\"wpb-content-wrapper\"><p>[vc_row][\/vc_row][vc_row][vc_column width=&#8221;1\/3&#8243; offset=&#8221;vc_col-lg-3 vc_col-md-4 vc_hidden-sm vc_col-xs-12 vc_hidden-xs&#8221;][\/vc_column][vc_column css=&#8221;.vc_custom_1494321748347{background-color: #ffffff !important;}&#8221; offset=&#8221;vc_col-lg-9 vc_col-md-8 vc_col-xs-12&#8243;][vc_row_inner][vc_column_inner el_class=&#8221;content-headline&#8221;][vc_column_text]<\/p>\n<h1>Gl\u00fchweinbude am NH Collection K\u00f6ln Mediapark<\/h1>\n<p>[\/vc_column_text][\/vc_column_inner][\/vc_row_inner][vc_column_text]Ab Freitag, den 15.11.2024 ist die Gl\u00fchweinbude des\u00a0NH Collection K\u00f6ln Mediapark t\u00e4glich ab 16:30 Uhr ge\u00f6ffnet. Alle Nachbarn und Besucher des MediaParks ins herzlich eingeladen dort einen After-Work-Gl\u00fchwein zu sich zu nehmen.<\/p>\n<p>Den Gl\u00fchwein gibt es zum\u00a0 Aktionspreis von \u20ac 2,50.\u00a0 Als Tassenpfand wird \u20ac 2,00 einbehalten. Zus\u00e4tzlich wird es auch einen Food Truck auf dem Gel\u00e4nde geben, der sich um die kulinarischen Gel\u00fcste k\u00fcmmern wird.<\/p>\n<p>Gezahlt werden kann in bar oder per Kartenzahlung.<\/p>\n<p>[\/vc_column_text][\/vc_column][\/vc_row]<\/p>\n<\/div>","protected":false},"excerpt":{"rendered":"<p>[vc_row][\/vc_row][vc_row][vc_column width=&#8221;1\/3&#8243; offset=&#8221;vc_col-lg-3 vc_col-md-4 vc_hidden-sm vc_col-xs-12 vc_hidden-xs&#8221;][\/vc_column][vc_column css=&#8221;.vc_custom_1494321748347{background-color: #ffffff !important;}&#8221; offset=&#8221;vc_col-lg-9 vc_col-md-8 vc_col-xs-12&#8243;][vc_row_inner][vc_column_inner el_class=&#8221;content-headline&#8221;][vc_column_text] Gl\u00fchweinbude am NH Collection K\u00f6ln Mediapark [\/vc_column_text][\/vc_column_inner][\/vc_row_inner][vc_column_text]Ab Freitag, den 15.11.2024 ist die Gl\u00fchweinbude des\u00a0NH Collection K\u00f6ln Mediapark t\u00e4glich ab 16:30 Uhr ge\u00f6ffnet. Alle Nachbarn und Besucher des MediaParks ins herzlich eingeladen dort einen After-Work-Gl\u00fchwein zu sich zu nehmen. Den Gl\u00fchwein gibt&hellip;<\/p>\n","protected":false},"author":2,"featured_media":6120,"comment_status":"closed","ping_status":"open","sticky":false,"template":"","format":"standard","meta":{"_acf_changed":false,"footnotes":""},"categories":[4,66],"tags":[],"class_list":["post-6117","post","type-post","status-publish","format-standard","hentry","category-news","category-veranstaltungen"],"acf":[],"yoast_head":"<!-- This site is optimized with the Yoast SEO plugin v24.2 - https:\/\/yoast.com\/wordpress\/plugins\/seo\/ -->\n<title>Gl\u00fchweinbude am NH Collection K\u00f6ln Mediapark - MediaPark K\u00f6ln<\/title>\n<meta name=\"robots\" content=\"index, follow, max-snippet:-1, max-image-preview:large, max-video-preview:-1\" \/>\n<link rel=\"canonical\" href=\"https:\/\/www.mediapark.de\/news\/gluehweinbude-am-nh-hotel\/\" \/>\n<meta property=\"og:locale\" content=\"en_US\" \/>\n<meta property=\"og:type\" content=\"article\" \/>\n<meta property=\"og:title\" content=\"Gl\u00fchweinbude am NH Collection K\u00f6ln Mediapark - MediaPark K\u00f6ln\" \/>\n<meta property=\"og:description\" content=\"[vc_row][\/vc_row][vc_row][vc_column width=&#8221;1\/3&#8243; offset=&#8221;vc_col-lg-3 vc_col-md-4 vc_hidden-sm vc_col-xs-12 vc_hidden-xs&#8221;][\/vc_column][vc_column css=&#8221;.vc_custom_1494321748347{background-color: #ffffff !important;}&#8221; offset=&#8221;vc_col-lg-9 vc_col-md-8 vc_col-xs-12&#8243;][vc_row_inner][vc_column_inner el_class=&#8221;content-headline&#8221;][vc_column_text] Gl\u00fchweinbude am NH Collection K\u00f6ln Mediapark [\/vc_column_text][\/vc_column_inner][\/vc_row_inner][vc_column_text]Ab Freitag, den 15.11.2024 ist die Gl\u00fchweinbude des\u00a0NH Collection K\u00f6ln Mediapark t\u00e4glich ab 16:30 Uhr ge\u00f6ffnet. Alle Nachbarn und Besucher des MediaParks ins herzlich eingeladen dort einen After-Work-Gl\u00fchwein zu sich zu nehmen. Den Gl\u00fchwein gibt&hellip;\" \/>\n<meta property=\"og:url\" content=\"https:\/\/www.mediapark.de\/news\/gluehweinbude-am-nh-hotel\/\" \/>\n<meta property=\"og:site_name\" content=\"MediaPark K\u00f6ln\" \/>\n<meta property=\"article:publisher\" content=\"http:\/\/www.facebook.com\/pages\/MediaPark\/360959134018223\" \/>\n<meta property=\"article:published_time\" content=\"2024-11-18T10:30:47+00:00\" \/>\n<meta property=\"article:modified_time\" content=\"2024-11-18T10:39:07+00:00\" \/>\n<meta property=\"og:image\" content=\"https:\/\/www.mediapark.de\/wp-content\/uploads\/2024\/11\/SG_Blick-auf-Bude.jpg\" \/>\n\t<meta property=\"og:image:width\" content=\"964\" \/>\n\t<meta property=\"og:image:height\" content=\"545\" \/>\n\t<meta property=\"og:image:type\" content=\"image\/jpeg\" \/>\n<meta name=\"author\" content=\"Nina Linnebach\" \/>\n<meta name=\"twitter:card\" content=\"summary_large_image\" \/>\n<meta name=\"twitter:creator\" content=\"@MediaParkKoeln\" \/>\n<meta name=\"twitter:site\" content=\"@MediaParkKoeln\" \/>\n<meta name=\"twitter:label1\" content=\"Written by\" \/>\n\t<meta name=\"twitter:data1\" content=\"Nina Linnebach\" \/>\n\t<meta name=\"twitter:label2\" content=\"Est. reading time\" \/>\n\t<meta name=\"twitter:data2\" content=\"1 minute\" \/>\n<script type=\"application\/ld+json\" class=\"yoast-schema-graph\">{\"@context\":\"https:\/\/schema.org\",\"@graph\":[{\"@type\":\"WebPage\",\"@id\":\"https:\/\/www.mediapark.de\/news\/gluehweinbude-am-nh-hotel\/\",\"url\":\"https:\/\/www.mediapark.de\/news\/gluehweinbude-am-nh-hotel\/\",\"name\":\"Gl\u00fchweinbude am NH Collection K\u00f6ln Mediapark - MediaPark K\u00f6ln\",\"isPartOf\":{\"@id\":\"https:\/\/www.mediapark.de\/#website\"},\"primaryImageOfPage\":{\"@id\":\"https:\/\/www.mediapark.de\/news\/gluehweinbude-am-nh-hotel\/#primaryimage\"},\"image\":{\"@id\":\"https:\/\/www.mediapark.de\/news\/gluehweinbude-am-nh-hotel\/#primaryimage\"},\"thumbnailUrl\":\"https:\/\/www.mediapark.de\/wp-content\/uploads\/2024\/11\/SG_Blick-auf-Bude.jpg\",\"datePublished\":\"2024-11-18T10:30:47+00:00\",\"dateModified\":\"2024-11-18T10:39:07+00:00\",\"author\":{\"@id\":\"https:\/\/www.mediapark.de\/#\/schema\/person\/312ccfc44e8b62dabb32f9b501f82c90\"},\"breadcrumb\":{\"@id\":\"https:\/\/www.mediapark.de\/news\/gluehweinbude-am-nh-hotel\/#breadcrumb\"},\"inLanguage\":\"en-US\",\"potentialAction\":[{\"@type\":\"ReadAction\",\"target\":[\"https:\/\/www.mediapark.de\/news\/gluehweinbude-am-nh-hotel\/\"]}]},{\"@type\":\"ImageObject\",\"inLanguage\":\"en-US\",\"@id\":\"https:\/\/www.mediapark.de\/news\/gluehweinbude-am-nh-hotel\/#primaryimage\",\"url\":\"https:\/\/www.mediapark.de\/wp-content\/uploads\/2024\/11\/SG_Blick-auf-Bude.jpg\",\"contentUrl\":\"https:\/\/www.mediapark.de\/wp-content\/uploads\/2024\/11\/SG_Blick-auf-Bude.jpg\",\"width\":964,\"height\":545},{\"@type\":\"BreadcrumbList\",\"@id\":\"https:\/\/www.mediapark.de\/news\/gluehweinbude-am-nh-hotel\/#breadcrumb\",\"itemListElement\":[{\"@type\":\"ListItem\",\"position\":1,\"name\":\"Startseite\",\"item\":\"https:\/\/www.mediapark.de\/en\/\"},{\"@type\":\"ListItem\",\"position\":2,\"name\":\"News\",\"item\":\"https:\/\/www.mediapark.de\/category\/news\/\"},{\"@type\":\"ListItem\",\"position\":3,\"name\":\"Gl\u00fchweinbude am NH Collection K\u00f6ln Mediapark\"}]},{\"@type\":\"WebSite\",\"@id\":\"https:\/\/www.mediapark.de\/#website\",\"url\":\"https:\/\/www.mediapark.de\/\",\"name\":\"MediaPark K\u00f6ln\",\"description\":\"\",\"potentialAction\":[{\"@type\":\"SearchAction\",\"target\":{\"@type\":\"EntryPoint\",\"urlTemplate\":\"https:\/\/www.mediapark.de\/?s={search_term_string}\"},\"query-input\":{\"@type\":\"PropertyValueSpecification\",\"valueRequired\":true,\"valueName\":\"search_term_string\"}}],\"inLanguage\":\"en-US\"},{\"@type\":\"Person\",\"@id\":\"https:\/\/www.mediapark.de\/#\/schema\/person\/312ccfc44e8b62dabb32f9b501f82c90\",\"name\":\"Nina Linnebach\",\"image\":{\"@type\":\"ImageObject\",\"inLanguage\":\"en-US\",\"@id\":\"https:\/\/www.mediapark.de\/#\/schema\/person\/image\/\",\"url\":\"https:\/\/secure.gravatar.com\/avatar\/31c6a2f8e07f9a160bd98d06232585d9?s=96&d=mm&r=g\",\"contentUrl\":\"https:\/\/secure.gravatar.com\/avatar\/31c6a2f8e07f9a160bd98d06232585d9?s=96&d=mm&r=g\",\"caption\":\"Nina Linnebach\"},\"url\":\"https:\/\/www.mediapark.de\/en\/author\/n_linnebach\/\"}]}<\/script>\n<!-- \/ Yoast SEO plugin. -->","yoast_head_json":{"title":"Gl\u00fchweinbude am NH Collection K\u00f6ln Mediapark - MediaPark K\u00f6ln","robots":{"index":"index","follow":"follow","max-snippet":"max-snippet:-1","max-image-preview":"max-image-preview:large","max-video-preview":"max-video-preview:-1"},"canonical":"https:\/\/www.mediapark.de\/news\/gluehweinbude-am-nh-hotel\/","og_locale":"en_US","og_type":"article","og_title":"Gl\u00fchweinbude am NH Collection K\u00f6ln Mediapark - MediaPark K\u00f6ln","og_description":"[vc_row][\/vc_row][vc_row][vc_column width=&#8221;1\/3&#8243; offset=&#8221;vc_col-lg-3 vc_col-md-4 vc_hidden-sm vc_col-xs-12 vc_hidden-xs&#8221;][\/vc_column][vc_column css=&#8221;.vc_custom_1494321748347{background-color: #ffffff !important;}&#8221; offset=&#8221;vc_col-lg-9 vc_col-md-8 vc_col-xs-12&#8243;][vc_row_inner][vc_column_inner el_class=&#8221;content-headline&#8221;][vc_column_text] Gl\u00fchweinbude am NH Collection K\u00f6ln Mediapark [\/vc_column_text][\/vc_column_inner][\/vc_row_inner][vc_column_text]Ab Freitag, den 15.11.2024 ist die Gl\u00fchweinbude des\u00a0NH Collection K\u00f6ln Mediapark t\u00e4glich ab 16:30 Uhr ge\u00f6ffnet. Alle Nachbarn und Besucher des MediaParks ins herzlich eingeladen dort einen After-Work-Gl\u00fchwein zu sich zu nehmen. Den Gl\u00fchwein gibt&hellip;","og_url":"https:\/\/www.mediapark.de\/news\/gluehweinbude-am-nh-hotel\/","og_site_name":"MediaPark K\u00f6ln","article_publisher":"http:\/\/www.facebook.com\/pages\/MediaPark\/360959134018223","article_published_time":"2024-11-18T10:30:47+00:00","article_modified_time":"2024-11-18T10:39:07+00:00","og_image":[{"width":964,"height":545,"url":"https:\/\/www.mediapark.de\/wp-content\/uploads\/2024\/11\/SG_Blick-auf-Bude.jpg","type":"image\/jpeg"}],"author":"Nina Linnebach","twitter_card":"summary_large_image","twitter_creator":"@MediaParkKoeln","twitter_site":"@MediaParkKoeln","twitter_misc":{"Written by":"Nina Linnebach","Est. reading time":"1 minute"},"schema":{"@context":"https:\/\/schema.org","@graph":[{"@type":"WebPage","@id":"https:\/\/www.mediapark.de\/news\/gluehweinbude-am-nh-hotel\/","url":"https:\/\/www.mediapark.de\/news\/gluehweinbude-am-nh-hotel\/","name":"Gl\u00fchweinbude am NH Collection K\u00f6ln Mediapark - MediaPark K\u00f6ln","isPartOf":{"@id":"https:\/\/www.mediapark.de\/#website"},"primaryImageOfPage":{"@id":"https:\/\/www.mediapark.de\/news\/gluehweinbude-am-nh-hotel\/#primaryimage"},"image":{"@id":"https:\/\/www.mediapark.de\/news\/gluehweinbude-am-nh-hotel\/#primaryimage"},"thumbnailUrl":"https:\/\/www.mediapark.de\/wp-content\/uploads\/2024\/11\/SG_Blick-auf-Bude.jpg","datePublished":"2024-11-18T10:30:47+00:00","dateModified":"2024-11-18T10:39:07+00:00","author":{"@id":"https:\/\/www.mediapark.de\/#\/schema\/person\/312ccfc44e8b62dabb32f9b501f82c90"},"breadcrumb":{"@id":"https:\/\/www.mediapark.de\/news\/gluehweinbude-am-nh-hotel\/#breadcrumb"},"inLanguage":"en-US","potentialAction":[{"@type":"ReadAction","target":["https:\/\/www.mediapark.de\/news\/gluehweinbude-am-nh-hotel\/"]}]},{"@type":"ImageObject","inLanguage":"en-US","@id":"https:\/\/www.mediapark.de\/news\/gluehweinbude-am-nh-hotel\/#primaryimage","url":"https:\/\/www.mediapark.de\/wp-content\/uploads\/2024\/11\/SG_Blick-auf-Bude.jpg","contentUrl":"https:\/\/www.mediapark.de\/wp-content\/uploads\/2024\/11\/SG_Blick-auf-Bude.jpg","width":964,"height":545},{"@type":"BreadcrumbList","@id":"https:\/\/www.mediapark.de\/news\/gluehweinbude-am-nh-hotel\/#breadcrumb","itemListElement":[{"@type":"ListItem","position":1,"name":"Startseite","item":"https:\/\/www.mediapark.de\/en\/"},{"@type":"ListItem","position":2,"name":"News","item":"https:\/\/www.mediapark.de\/category\/news\/"},{"@type":"ListItem","position":3,"name":"Gl\u00fchweinbude am NH Collection K\u00f6ln Mediapark"}]},{"@type":"WebSite","@id":"https:\/\/www.mediapark.de\/#website","url":"https:\/\/www.mediapark.de\/","name":"MediaPark K\u00f6ln","description":"","potentialAction":[{"@type":"SearchAction","target":{"@type":"EntryPoint","urlTemplate":"https:\/\/www.mediapark.de\/?s={search_term_string}"},"query-input":{"@type":"PropertyValueSpecification","valueRequired":true,"valueName":"search_term_string"}}],"inLanguage":"en-US"},{"@type":"Person","@id":"https:\/\/www.mediapark.de\/#\/schema\/person\/312ccfc44e8b62dabb32f9b501f82c90","name":"Nina Linnebach","image":{"@type":"ImageObject","inLanguage":"en-US","@id":"https:\/\/www.mediapark.de\/#\/schema\/person\/image\/","url":"https:\/\/secure.gravatar.com\/avatar\/31c6a2f8e07f9a160bd98d06232585d9?s=96&d=mm&r=g","contentUrl":"https:\/\/secure.gravatar.com\/avatar\/31c6a2f8e07f9a160bd98d06232585d9?s=96&d=mm&r=g","caption":"Nina Linnebach"},"url":"https:\/\/www.mediapark.de\/en\/author\/n_linnebach\/"}]}},"_links":{"self":[{"href":"https:\/\/www.mediapark.de\/en\/wp-json\/wp\/v2\/posts\/6117","targetHints":{"allow":["GET"]}}],"collection":[{"href":"https:\/\/www.mediapark.de\/en\/wp-json\/wp\/v2\/posts"}],"about":[{"href":"https:\/\/www.mediapark.de\/en\/wp-json\/wp\/v2\/types\/post"}],"author":[{"embeddable":true,"href":"https:\/\/www.mediapark.de\/en\/wp-json\/wp\/v2\/users\/2"}],"replies":[{"embeddable":true,"href":"https:\/\/www.mediapark.de\/en\/wp-json\/wp\/v2\/comments?post=6117"}],"version-history":[{"count":7,"href":"https:\/\/www.mediapark.de\/en\/wp-json\/wp\/v2\/posts\/6117\/revisions"}],"predecessor-version":[{"id":6128,"href":"https:\/\/www.mediapark.de\/en\/wp-json\/wp\/v2\/posts\/6117\/revisions\/6128"}],"wp:featuredmedia":[{"embeddable":true,"href":"https:\/\/www.mediapark.de\/en\/wp-json\/wp\/v2\/media\/6120"}],"wp:attachment":[{"href":"https:\/\/www.mediapark.de\/en\/wp-json\/wp\/v2\/media?parent=6117"}],"wp:term":[{"taxonomy":"category","embeddable":true,"href":"https:\/\/www.mediapark.de\/en\/wp-json\/wp\/v2\/categories?post=6117"},{"taxonomy":"post_tag","embeddable":true,"href":"https:\/\/www.mediapark.de\/en\/wp-json\/wp\/v2\/tags?post=6117"}],"curies":[{"name":"wp","href":"https:\/\/api.w.org\/{rel}","templated":true}]}}