{"id":6392,"date":"2025-06-23T12:01:10","date_gmt":"2025-06-23T10:01:10","guid":{"rendered":"https:\/\/www.mediapark.de\/?p=6392"},"modified":"2025-07-31T16:05:31","modified_gmt":"2025-07-31T14:05:31","slug":"sommer-koeln-photographie-workshop-sonne-und-wasser-blau","status":"publish","type":"post","link":"https:\/\/www.mediapark.de\/en\/veranstaltungen\/sommer-koeln-photographie-workshop-sonne-und-wasser-blau\/","title":{"rendered":"Sommer K\u00f6ln: Photographie-Workshop \u2013 Sonne und Wasser: Blau!"},"content":{"rendered":"<div class=\"wpb-content-wrapper\"><p>[vc_row][vc_column width=&#8221;1\/3&#8243; offset=&#8221;vc_col-lg-3 vc_col-md-4 vc_hidden-sm vc_col-xs-12 vc_hidden-xs&#8221;][\/vc_column][vc_column css=&#8221;.vc_custom_1494321748347{background-color: #ffffff !important;}&#8221; offset=&#8221;vc_col-lg-9 vc_col-md-8 vc_col-xs-12&#8243;][vc_row_inner][vc_column_inner el_class=&#8221;content-headline&#8221;][vc_column_text css=&#8221;&#8221;]<\/p>\n<h1>Sommer K\u00f6ln: Photographie-Workshop \u2013 Sonne und Wasser: Blau!<\/h1>\n<p>[\/vc_column_text][\/vc_column_inner][\/vc_row_inner][vc_single_image image=&#8221;6394&#8243; img_size=&#8221;medium&#8221; add_caption=&#8221;yes&#8221; alignment=&#8221;center&#8221; css=&#8221;&#8221; el_class=&#8221;post-title-image&#8221;][vc_column_text css=&#8221;&#8221;]<\/p>\n<div class=\"hd-page__content\">\n<p><strong>Photographieren ohne Kamera f\u00fcr Jung und Alt<\/strong><\/p>\n<p>Photographieren ohne Kamera? Wie das geht, erfahrt ihr bei einem spannenden Nachmittag im Mediapark. Dazu werfen wir einen Blick zur\u00fcck auf die Anf\u00e4nge der Photographie und probieren die alte Technik der Cyanotypie aus. Zun\u00e4chst werden Gegenst\u00e4nde in einem abgedunkelten Raum auf lichtempfindlichem Papier angeordnet. Allein mit Sonnenlicht oder unseren UV-Lichtquellen werden die individuellen Kunstwerke belichtet. Je nach Lichtintensit\u00e4t kann dies bis zu 30 Minuten dauern. Anschlie\u00dfend wird das Papier gew\u00e4ssert. Dabei werden alle Fl\u00e4chen blau, auf die Licht getroffen ist. Wo die Gegenst\u00e4nde auf dem Papier lagen, werden deren Schatten als wei\u00dfe Formen und Muster sichtbar. Ein spannender Moment!<\/p>\n<p>Wir stellen Materialien wie z. B. getrocknete Pflanzen, Federn, Kn\u00f6pfe etc. und Cyanotypiepapier im Format DIN A4 zur Verf\u00fcgung. Es kann auch gerne eigenes Material mitgebracht werden. Bitte plant zwischen den einzelnen Arbeitsschritten etwas Wartezeit ein. Marie-Luise Wulf (Photographin) und Frank Breuer (Photograph) erkl\u00e4ren wie es geht und begleiten den Workshop.<\/p>\n<p>Dauer: bis 18 Uhr<\/p>\n<p>Ort: Im Mediapark 7, K\u00f6ln, Seiteneingang links am Geb\u00e4ude<\/p>\n<\/div>\n<div class=\"hd-event__info-item\">\n<p>15:00 Uhr \/ Eintritt frei<\/p>\n<p><a href=\"https:\/\/sommer.koeln\/termine\/photographie-workshop-sonne-und-wasser-blau\/\">Sommer K\u00f6ln<\/a><\/p>\n<\/div>\n<p>[\/vc_column_text][\/vc_column][\/vc_row]<\/p>\n<\/div>","protected":false},"excerpt":{"rendered":"<p>[vc_row][vc_column width=&#8221;1\/3&#8243; offset=&#8221;vc_col-lg-3 vc_col-md-4 vc_hidden-sm vc_col-xs-12 vc_hidden-xs&#8221;][\/vc_column][vc_column css=&#8221;.vc_custom_1494321748347{background-color: #ffffff !important;}&#8221; offset=&#8221;vc_col-lg-9 vc_col-md-8 vc_col-xs-12&#8243;][vc_row_inner][vc_column_inner el_class=&#8221;content-headline&#8221;][vc_column_text css=&#8221;&#8221;] Sommer K\u00f6ln: Photographie-Workshop \u2013 Sonne und Wasser: Blau! [\/vc_column_text][\/vc_column_inner][\/vc_row_inner][vc_single_image image=&#8221;6394&#8243; img_size=&#8221;medium&#8221; add_caption=&#8221;yes&#8221; alignment=&#8221;center&#8221; css=&#8221;&#8221; el_class=&#8221;post-title-image&#8221;][vc_column_text css=&#8221;&#8221;] Photographieren ohne Kamera f\u00fcr Jung und Alt Photographieren ohne Kamera? Wie das geht, erfahrt ihr bei einem spannenden Nachmittag im Mediapark. Dazu werfen wir&hellip;<\/p>\n","protected":false},"author":2,"featured_media":0,"comment_status":"closed","ping_status":"open","sticky":false,"template":"","format":"standard","meta":{"_acf_changed":false,"footnotes":""},"categories":[66],"tags":[],"class_list":["post-6392","post","type-post","status-publish","format-standard","hentry","category-veranstaltungen"],"acf":[],"yoast_head":"<!-- This site is optimized with the Yoast SEO plugin v24.2 - https:\/\/yoast.com\/wordpress\/plugins\/seo\/ -->\n<title>Sommer K\u00f6ln: Photographie-Workshop \u2013 Sonne und Wasser: Blau! - MediaPark K\u00f6ln<\/title>\n<meta name=\"robots\" content=\"index, follow, max-snippet:-1, max-image-preview:large, max-video-preview:-1\" \/>\n<link rel=\"canonical\" href=\"https:\/\/www.mediapark.de\/veranstaltungen\/sommer-koeln-photographie-workshop-sonne-und-wasser-blau\/\" \/>\n<meta property=\"og:locale\" content=\"en_US\" \/>\n<meta property=\"og:type\" content=\"article\" \/>\n<meta property=\"og:title\" content=\"Sommer K\u00f6ln: Photographie-Workshop \u2013 Sonne und Wasser: Blau! - MediaPark K\u00f6ln\" \/>\n<meta property=\"og:description\" content=\"[vc_row][vc_column width=&#8221;1\/3&#8243; offset=&#8221;vc_col-lg-3 vc_col-md-4 vc_hidden-sm vc_col-xs-12 vc_hidden-xs&#8221;][\/vc_column][vc_column css=&#8221;.vc_custom_1494321748347{background-color: #ffffff !important;}&#8221; offset=&#8221;vc_col-lg-9 vc_col-md-8 vc_col-xs-12&#8243;][vc_row_inner][vc_column_inner el_class=&#8221;content-headline&#8221;][vc_column_text css=&#8221;&#8221;] Sommer K\u00f6ln: Photographie-Workshop \u2013 Sonne und Wasser: Blau! [\/vc_column_text][\/vc_column_inner][\/vc_row_inner][vc_single_image image=&#8221;6394&#8243; img_size=&#8221;medium&#8221; add_caption=&#8221;yes&#8221; alignment=&#8221;center&#8221; css=&#8221;&#8221; el_class=&#8221;post-title-image&#8221;][vc_column_text css=&#8221;&#8221;] Photographieren ohne Kamera f\u00fcr Jung und Alt Photographieren ohne Kamera? Wie das geht, erfahrt ihr bei einem spannenden Nachmittag im Mediapark. Dazu werfen wir&hellip;\" \/>\n<meta property=\"og:url\" content=\"https:\/\/www.mediapark.de\/veranstaltungen\/sommer-koeln-photographie-workshop-sonne-und-wasser-blau\/\" \/>\n<meta property=\"og:site_name\" content=\"MediaPark K\u00f6ln\" \/>\n<meta property=\"article:publisher\" content=\"http:\/\/www.facebook.com\/pages\/MediaPark\/360959134018223\" \/>\n<meta property=\"article:published_time\" content=\"2025-06-23T10:01:10+00:00\" \/>\n<meta property=\"article:modified_time\" content=\"2025-07-31T14:05:31+00:00\" \/>\n<meta name=\"author\" content=\"Nina Linnebach\" \/>\n<meta name=\"twitter:card\" content=\"summary_large_image\" \/>\n<meta name=\"twitter:creator\" content=\"@MediaParkKoeln\" \/>\n<meta name=\"twitter:site\" content=\"@MediaParkKoeln\" \/>\n<meta name=\"twitter:label1\" content=\"Written by\" \/>\n\t<meta name=\"twitter:data1\" content=\"Nina Linnebach\" \/>\n\t<meta name=\"twitter:label2\" content=\"Est. reading time\" \/>\n\t<meta name=\"twitter:data2\" content=\"2 minutes\" \/>\n<script type=\"application\/ld+json\" class=\"yoast-schema-graph\">{\"@context\":\"https:\/\/schema.org\",\"@graph\":[{\"@type\":\"WebPage\",\"@id\":\"https:\/\/www.mediapark.de\/veranstaltungen\/sommer-koeln-photographie-workshop-sonne-und-wasser-blau\/\",\"url\":\"https:\/\/www.mediapark.de\/veranstaltungen\/sommer-koeln-photographie-workshop-sonne-und-wasser-blau\/\",\"name\":\"Sommer K\u00f6ln: Photographie-Workshop \u2013 Sonne und Wasser: Blau! - MediaPark K\u00f6ln\",\"isPartOf\":{\"@id\":\"https:\/\/www.mediapark.de\/#website\"},\"datePublished\":\"2025-06-23T10:01:10+00:00\",\"dateModified\":\"2025-07-31T14:05:31+00:00\",\"author\":{\"@id\":\"https:\/\/www.mediapark.de\/#\/schema\/person\/312ccfc44e8b62dabb32f9b501f82c90\"},\"breadcrumb\":{\"@id\":\"https:\/\/www.mediapark.de\/veranstaltungen\/sommer-koeln-photographie-workshop-sonne-und-wasser-blau\/#breadcrumb\"},\"inLanguage\":\"en-US\",\"potentialAction\":[{\"@type\":\"ReadAction\",\"target\":[\"https:\/\/www.mediapark.de\/veranstaltungen\/sommer-koeln-photographie-workshop-sonne-und-wasser-blau\/\"]}]},{\"@type\":\"BreadcrumbList\",\"@id\":\"https:\/\/www.mediapark.de\/veranstaltungen\/sommer-koeln-photographie-workshop-sonne-und-wasser-blau\/#breadcrumb\",\"itemListElement\":[{\"@type\":\"ListItem\",\"position\":1,\"name\":\"Startseite\",\"item\":\"https:\/\/www.mediapark.de\/en\/\"},{\"@type\":\"ListItem\",\"position\":2,\"name\":\"Veranstaltungen\",\"item\":\"https:\/\/www.mediapark.de\/category\/veranstaltungen\/\"},{\"@type\":\"ListItem\",\"position\":3,\"name\":\"Sommer K\u00f6ln: Photographie-Workshop \u2013 Sonne und Wasser: Blau!\"}]},{\"@type\":\"WebSite\",\"@id\":\"https:\/\/www.mediapark.de\/#website\",\"url\":\"https:\/\/www.mediapark.de\/\",\"name\":\"MediaPark K\u00f6ln\",\"description\":\"\",\"potentialAction\":[{\"@type\":\"SearchAction\",\"target\":{\"@type\":\"EntryPoint\",\"urlTemplate\":\"https:\/\/www.mediapark.de\/?s={search_term_string}\"},\"query-input\":{\"@type\":\"PropertyValueSpecification\",\"valueRequired\":true,\"valueName\":\"search_term_string\"}}],\"inLanguage\":\"en-US\"},{\"@type\":\"Person\",\"@id\":\"https:\/\/www.mediapark.de\/#\/schema\/person\/312ccfc44e8b62dabb32f9b501f82c90\",\"name\":\"Nina Linnebach\",\"image\":{\"@type\":\"ImageObject\",\"inLanguage\":\"en-US\",\"@id\":\"https:\/\/www.mediapark.de\/#\/schema\/person\/image\/\",\"url\":\"https:\/\/secure.gravatar.com\/avatar\/31c6a2f8e07f9a160bd98d06232585d9?s=96&d=mm&r=g\",\"contentUrl\":\"https:\/\/secure.gravatar.com\/avatar\/31c6a2f8e07f9a160bd98d06232585d9?s=96&d=mm&r=g\",\"caption\":\"Nina Linnebach\"},\"url\":\"https:\/\/www.mediapark.de\/en\/author\/n_linnebach\/\"}]}<\/script>\n<!-- \/ Yoast SEO plugin. -->","yoast_head_json":{"title":"Sommer K\u00f6ln: Photographie-Workshop \u2013 Sonne und Wasser: Blau! - MediaPark K\u00f6ln","robots":{"index":"index","follow":"follow","max-snippet":"max-snippet:-1","max-image-preview":"max-image-preview:large","max-video-preview":"max-video-preview:-1"},"canonical":"https:\/\/www.mediapark.de\/veranstaltungen\/sommer-koeln-photographie-workshop-sonne-und-wasser-blau\/","og_locale":"en_US","og_type":"article","og_title":"Sommer K\u00f6ln: Photographie-Workshop \u2013 Sonne und Wasser: Blau! - MediaPark K\u00f6ln","og_description":"[vc_row][vc_column width=&#8221;1\/3&#8243; offset=&#8221;vc_col-lg-3 vc_col-md-4 vc_hidden-sm vc_col-xs-12 vc_hidden-xs&#8221;][\/vc_column][vc_column css=&#8221;.vc_custom_1494321748347{background-color: #ffffff !important;}&#8221; offset=&#8221;vc_col-lg-9 vc_col-md-8 vc_col-xs-12&#8243;][vc_row_inner][vc_column_inner el_class=&#8221;content-headline&#8221;][vc_column_text css=&#8221;&#8221;] Sommer K\u00f6ln: Photographie-Workshop \u2013 Sonne und Wasser: Blau! [\/vc_column_text][\/vc_column_inner][\/vc_row_inner][vc_single_image image=&#8221;6394&#8243; img_size=&#8221;medium&#8221; add_caption=&#8221;yes&#8221; alignment=&#8221;center&#8221; css=&#8221;&#8221; el_class=&#8221;post-title-image&#8221;][vc_column_text css=&#8221;&#8221;] Photographieren ohne Kamera f\u00fcr Jung und Alt Photographieren ohne Kamera? Wie das geht, erfahrt ihr bei einem spannenden Nachmittag im Mediapark. Dazu werfen wir&hellip;","og_url":"https:\/\/www.mediapark.de\/veranstaltungen\/sommer-koeln-photographie-workshop-sonne-und-wasser-blau\/","og_site_name":"MediaPark K\u00f6ln","article_publisher":"http:\/\/www.facebook.com\/pages\/MediaPark\/360959134018223","article_published_time":"2025-06-23T10:01:10+00:00","article_modified_time":"2025-07-31T14:05:31+00:00","author":"Nina Linnebach","twitter_card":"summary_large_image","twitter_creator":"@MediaParkKoeln","twitter_site":"@MediaParkKoeln","twitter_misc":{"Written by":"Nina Linnebach","Est. reading time":"2 minutes"},"schema":{"@context":"https:\/\/schema.org","@graph":[{"@type":"WebPage","@id":"https:\/\/www.mediapark.de\/veranstaltungen\/sommer-koeln-photographie-workshop-sonne-und-wasser-blau\/","url":"https:\/\/www.mediapark.de\/veranstaltungen\/sommer-koeln-photographie-workshop-sonne-und-wasser-blau\/","name":"Sommer K\u00f6ln: Photographie-Workshop \u2013 Sonne und Wasser: Blau! - MediaPark K\u00f6ln","isPartOf":{"@id":"https:\/\/www.mediapark.de\/#website"},"datePublished":"2025-06-23T10:01:10+00:00","dateModified":"2025-07-31T14:05:31+00:00","author":{"@id":"https:\/\/www.mediapark.de\/#\/schema\/person\/312ccfc44e8b62dabb32f9b501f82c90"},"breadcrumb":{"@id":"https:\/\/www.mediapark.de\/veranstaltungen\/sommer-koeln-photographie-workshop-sonne-und-wasser-blau\/#breadcrumb"},"inLanguage":"en-US","potentialAction":[{"@type":"ReadAction","target":["https:\/\/www.mediapark.de\/veranstaltungen\/sommer-koeln-photographie-workshop-sonne-und-wasser-blau\/"]}]},{"@type":"BreadcrumbList","@id":"https:\/\/www.mediapark.de\/veranstaltungen\/sommer-koeln-photographie-workshop-sonne-und-wasser-blau\/#breadcrumb","itemListElement":[{"@type":"ListItem","position":1,"name":"Startseite","item":"https:\/\/www.mediapark.de\/en\/"},{"@type":"ListItem","position":2,"name":"Veranstaltungen","item":"https:\/\/www.mediapark.de\/category\/veranstaltungen\/"},{"@type":"ListItem","position":3,"name":"Sommer K\u00f6ln: Photographie-Workshop \u2013 Sonne und Wasser: Blau!"}]},{"@type":"WebSite","@id":"https:\/\/www.mediapark.de\/#website","url":"https:\/\/www.mediapark.de\/","name":"MediaPark K\u00f6ln","description":"","potentialAction":[{"@type":"SearchAction","target":{"@type":"EntryPoint","urlTemplate":"https:\/\/www.mediapark.de\/?s={search_term_string}"},"query-input":{"@type":"PropertyValueSpecification","valueRequired":true,"valueName":"search_term_string"}}],"inLanguage":"en-US"},{"@type":"Person","@id":"https:\/\/www.mediapark.de\/#\/schema\/person\/312ccfc44e8b62dabb32f9b501f82c90","name":"Nina Linnebach","image":{"@type":"ImageObject","inLanguage":"en-US","@id":"https:\/\/www.mediapark.de\/#\/schema\/person\/image\/","url":"https:\/\/secure.gravatar.com\/avatar\/31c6a2f8e07f9a160bd98d06232585d9?s=96&d=mm&r=g","contentUrl":"https:\/\/secure.gravatar.com\/avatar\/31c6a2f8e07f9a160bd98d06232585d9?s=96&d=mm&r=g","caption":"Nina Linnebach"},"url":"https:\/\/www.mediapark.de\/en\/author\/n_linnebach\/"}]}},"_links":{"self":[{"href":"https:\/\/www.mediapark.de\/en\/wp-json\/wp\/v2\/posts\/6392","targetHints":{"allow":["GET"]}}],"collection":[{"href":"https:\/\/www.mediapark.de\/en\/wp-json\/wp\/v2\/posts"}],"about":[{"href":"https:\/\/www.mediapark.de\/en\/wp-json\/wp\/v2\/types\/post"}],"author":[{"embeddable":true,"href":"https:\/\/www.mediapark.de\/en\/wp-json\/wp\/v2\/users\/2"}],"replies":[{"embeddable":true,"href":"https:\/\/www.mediapark.de\/en\/wp-json\/wp\/v2\/comments?post=6392"}],"version-history":[{"count":3,"href":"https:\/\/www.mediapark.de\/en\/wp-json\/wp\/v2\/posts\/6392\/revisions"}],"predecessor-version":[{"id":6459,"href":"https:\/\/www.mediapark.de\/en\/wp-json\/wp\/v2\/posts\/6392\/revisions\/6459"}],"wp:attachment":[{"href":"https:\/\/www.mediapark.de\/en\/wp-json\/wp\/v2\/media?parent=6392"}],"wp:term":[{"taxonomy":"category","embeddable":true,"href":"https:\/\/www.mediapark.de\/en\/wp-json\/wp\/v2\/categories?post=6392"},{"taxonomy":"post_tag","embeddable":true,"href":"https:\/\/www.mediapark.de\/en\/wp-json\/wp\/v2\/tags?post=6392"}],"curies":[{"name":"wp","href":"https:\/\/api.w.org\/{rel}","templated":true}]}}