{"id":6450,"date":"2025-07-31T14:54:20","date_gmt":"2025-07-31T12:54:20","guid":{"rendered":"https:\/\/www.mediapark.de\/?p=6450"},"modified":"2025-09-03T15:07:17","modified_gmt":"2025-09-03T13:07:17","slug":"saisoneroeffnung-der-koelner-haie-im-mediapark","status":"publish","type":"post","link":"https:\/\/www.mediapark.de\/en\/veranstaltungen\/saisoneroeffnung-der-koelner-haie-im-mediapark\/","title":{"rendered":"Saisoner\u00f6ffnung der K\u00f6lner Haie im MediaPark"},"content":{"rendered":"<div class=\"wpb-content-wrapper\"><p>[vc_row][vc_column width=&#8221;1\/3&#8243; offset=&#8221;vc_col-lg-3 vc_col-md-4 vc_hidden-sm vc_col-xs-12 vc_hidden-xs&#8221;][\/vc_column][vc_column css=&#8221;.vc_custom_1494321748347{background-color: #ffffff !important;}&#8221; offset=&#8221;vc_col-lg-9 vc_col-md-8 vc_col-xs-12&#8243;][vc_row_inner][vc_column_inner el_class=&#8221;content-headline&#8221;][vc_column_text css=&#8221;&#8221;]<\/p>\n<h1>Saisoner\u00f6ffnung der K\u00f6lner Haie im MediaPark<\/h1>\n<p>[\/vc_column_text][\/vc_column_inner][\/vc_row_inner][vc_column_text css=&#8221;&#8221;]<\/p>\n<p data-start=\"360\" data-end=\"596\">Am Samstag, den 6. September 2025, verwandelt sich der MediaPark in ein Eishockey-Fanfest: Die K\u00f6lner Haie feiern hier gemeinsam mit ihren Fans die gro\u00dfe Saisoner\u00f6ffnung \u2013 und laden zu einem besonderen Tag voller Highlights ein.<\/p>\n<p data-start=\"598\" data-end=\"887\">Ab 14:30 Uhr startet das bunte B\u00fchnenprogramm auf dem zentralen Platz im MediaPark. Freut euch auf Talkrunden mit Spielern, eine exklusive Teampr\u00e4sentation, Autogrammstunden und jede Menge Aktivit\u00e4ten f\u00fcr Gro\u00df und Klein \u2013 von Fanaktionen bis zu kulinarischen Angeboten.<\/p>\n<p data-start=\"598\" data-end=\"887\">Mehr Infos unter:<br \/>\n<a href=\"https:\/\/www.haie.de\/\">www.haie.de<\/a><\/p>\n<p>[\/vc_column_text][\/vc_column][\/vc_row]<\/p>\n<\/div>","protected":false},"excerpt":{"rendered":"<p>[vc_row][vc_column width=&#8221;1\/3&#8243; offset=&#8221;vc_col-lg-3 vc_col-md-4 vc_hidden-sm vc_col-xs-12 vc_hidden-xs&#8221;][\/vc_column][vc_column css=&#8221;.vc_custom_1494321748347{background-color: #ffffff !important;}&#8221; offset=&#8221;vc_col-lg-9 vc_col-md-8 vc_col-xs-12&#8243;][vc_row_inner][vc_column_inner el_class=&#8221;content-headline&#8221;][vc_column_text css=&#8221;&#8221;] Saisoner\u00f6ffnung der K\u00f6lner Haie im MediaPark [\/vc_column_text][\/vc_column_inner][\/vc_row_inner][vc_column_text css=&#8221;&#8221;] Am Samstag, den 6. September 2025, verwandelt sich der MediaPark in ein Eishockey-Fanfest: Die K\u00f6lner Haie feiern hier gemeinsam mit ihren Fans die gro\u00dfe Saisoner\u00f6ffnung \u2013 und laden zu einem besonderen Tag&hellip;<\/p>\n","protected":false},"author":2,"featured_media":4903,"comment_status":"closed","ping_status":"open","sticky":false,"template":"","format":"standard","meta":{"_acf_changed":false,"footnotes":""},"categories":[4,66],"tags":[],"class_list":["post-6450","post","type-post","status-publish","format-standard","hentry","category-news","category-veranstaltungen"],"acf":[],"yoast_head":"<!-- This site is optimized with the Yoast SEO plugin v24.2 - https:\/\/yoast.com\/wordpress\/plugins\/seo\/ -->\n<title>Saisoner\u00f6ffnung der K\u00f6lner Haie im MediaPark - MediaPark K\u00f6ln<\/title>\n<meta name=\"robots\" content=\"index, follow, max-snippet:-1, max-image-preview:large, max-video-preview:-1\" \/>\n<link rel=\"canonical\" href=\"https:\/\/www.mediapark.de\/veranstaltungen\/saisoneroeffnung-der-koelner-haie-im-mediapark\/\" \/>\n<meta property=\"og:locale\" content=\"en_US\" \/>\n<meta property=\"og:type\" content=\"article\" \/>\n<meta property=\"og:title\" content=\"Saisoner\u00f6ffnung der K\u00f6lner Haie im MediaPark - MediaPark K\u00f6ln\" \/>\n<meta property=\"og:description\" content=\"[vc_row][vc_column width=&#8221;1\/3&#8243; offset=&#8221;vc_col-lg-3 vc_col-md-4 vc_hidden-sm vc_col-xs-12 vc_hidden-xs&#8221;][\/vc_column][vc_column css=&#8221;.vc_custom_1494321748347{background-color: #ffffff !important;}&#8221; offset=&#8221;vc_col-lg-9 vc_col-md-8 vc_col-xs-12&#8243;][vc_row_inner][vc_column_inner el_class=&#8221;content-headline&#8221;][vc_column_text css=&#8221;&#8221;] Saisoner\u00f6ffnung der K\u00f6lner Haie im MediaPark [\/vc_column_text][\/vc_column_inner][\/vc_row_inner][vc_column_text css=&#8221;&#8221;] Am Samstag, den 6. September 2025, verwandelt sich der MediaPark in ein Eishockey-Fanfest: Die K\u00f6lner Haie feiern hier gemeinsam mit ihren Fans die gro\u00dfe Saisoner\u00f6ffnung \u2013 und laden zu einem besonderen Tag&hellip;\" \/>\n<meta property=\"og:url\" content=\"https:\/\/www.mediapark.de\/veranstaltungen\/saisoneroeffnung-der-koelner-haie-im-mediapark\/\" \/>\n<meta property=\"og:site_name\" content=\"MediaPark K\u00f6ln\" \/>\n<meta property=\"article:publisher\" content=\"http:\/\/www.facebook.com\/pages\/MediaPark\/360959134018223\" \/>\n<meta property=\"article:published_time\" content=\"2025-07-31T12:54:20+00:00\" \/>\n<meta property=\"article:modified_time\" content=\"2025-09-03T13:07:17+00:00\" \/>\n<meta property=\"og:image\" content=\"https:\/\/www.mediapark.de\/wp-content\/uploads\/2020\/12\/Dennis_Wilhelms_Mediapark-13.jpg\" \/>\n\t<meta property=\"og:image:width\" content=\"2048\" \/>\n\t<meta property=\"og:image:height\" content=\"1364\" \/>\n\t<meta property=\"og:image:type\" content=\"image\/jpeg\" \/>\n<meta name=\"author\" content=\"Nina Linnebach\" \/>\n<meta name=\"twitter:card\" content=\"summary_large_image\" \/>\n<meta name=\"twitter:creator\" content=\"@MediaParkKoeln\" \/>\n<meta name=\"twitter:site\" content=\"@MediaParkKoeln\" \/>\n<meta name=\"twitter:label1\" content=\"Written by\" \/>\n\t<meta name=\"twitter:data1\" content=\"Nina Linnebach\" \/>\n\t<meta name=\"twitter:label2\" content=\"Est. reading time\" \/>\n\t<meta name=\"twitter:data2\" content=\"1 minute\" \/>\n<script type=\"application\/ld+json\" class=\"yoast-schema-graph\">{\"@context\":\"https:\/\/schema.org\",\"@graph\":[{\"@type\":\"WebPage\",\"@id\":\"https:\/\/www.mediapark.de\/veranstaltungen\/saisoneroeffnung-der-koelner-haie-im-mediapark\/\",\"url\":\"https:\/\/www.mediapark.de\/veranstaltungen\/saisoneroeffnung-der-koelner-haie-im-mediapark\/\",\"name\":\"Saisoner\u00f6ffnung der K\u00f6lner Haie im MediaPark - MediaPark K\u00f6ln\",\"isPartOf\":{\"@id\":\"https:\/\/www.mediapark.de\/#website\"},\"primaryImageOfPage\":{\"@id\":\"https:\/\/www.mediapark.de\/veranstaltungen\/saisoneroeffnung-der-koelner-haie-im-mediapark\/#primaryimage\"},\"image\":{\"@id\":\"https:\/\/www.mediapark.de\/veranstaltungen\/saisoneroeffnung-der-koelner-haie-im-mediapark\/#primaryimage\"},\"thumbnailUrl\":\"https:\/\/www.mediapark.de\/wp-content\/uploads\/2020\/12\/Dennis_Wilhelms_Mediapark-13.jpg\",\"datePublished\":\"2025-07-31T12:54:20+00:00\",\"dateModified\":\"2025-09-03T13:07:17+00:00\",\"author\":{\"@id\":\"https:\/\/www.mediapark.de\/#\/schema\/person\/312ccfc44e8b62dabb32f9b501f82c90\"},\"breadcrumb\":{\"@id\":\"https:\/\/www.mediapark.de\/veranstaltungen\/saisoneroeffnung-der-koelner-haie-im-mediapark\/#breadcrumb\"},\"inLanguage\":\"en-US\",\"potentialAction\":[{\"@type\":\"ReadAction\",\"target\":[\"https:\/\/www.mediapark.de\/veranstaltungen\/saisoneroeffnung-der-koelner-haie-im-mediapark\/\"]}]},{\"@type\":\"ImageObject\",\"inLanguage\":\"en-US\",\"@id\":\"https:\/\/www.mediapark.de\/veranstaltungen\/saisoneroeffnung-der-koelner-haie-im-mediapark\/#primaryimage\",\"url\":\"https:\/\/www.mediapark.de\/wp-content\/uploads\/2020\/12\/Dennis_Wilhelms_Mediapark-13.jpg\",\"contentUrl\":\"https:\/\/www.mediapark.de\/wp-content\/uploads\/2020\/12\/Dennis_Wilhelms_Mediapark-13.jpg\",\"width\":2048,\"height\":1364},{\"@type\":\"BreadcrumbList\",\"@id\":\"https:\/\/www.mediapark.de\/veranstaltungen\/saisoneroeffnung-der-koelner-haie-im-mediapark\/#breadcrumb\",\"itemListElement\":[{\"@type\":\"ListItem\",\"position\":1,\"name\":\"Startseite\",\"item\":\"https:\/\/www.mediapark.de\/en\/\"},{\"@type\":\"ListItem\",\"position\":2,\"name\":\"Veranstaltungen\",\"item\":\"https:\/\/www.mediapark.de\/category\/veranstaltungen\/\"},{\"@type\":\"ListItem\",\"position\":3,\"name\":\"Saisoner\u00f6ffnung der K\u00f6lner Haie im MediaPark\"}]},{\"@type\":\"WebSite\",\"@id\":\"https:\/\/www.mediapark.de\/#website\",\"url\":\"https:\/\/www.mediapark.de\/\",\"name\":\"MediaPark K\u00f6ln\",\"description\":\"\",\"potentialAction\":[{\"@type\":\"SearchAction\",\"target\":{\"@type\":\"EntryPoint\",\"urlTemplate\":\"https:\/\/www.mediapark.de\/?s={search_term_string}\"},\"query-input\":{\"@type\":\"PropertyValueSpecification\",\"valueRequired\":true,\"valueName\":\"search_term_string\"}}],\"inLanguage\":\"en-US\"},{\"@type\":\"Person\",\"@id\":\"https:\/\/www.mediapark.de\/#\/schema\/person\/312ccfc44e8b62dabb32f9b501f82c90\",\"name\":\"Nina Linnebach\",\"image\":{\"@type\":\"ImageObject\",\"inLanguage\":\"en-US\",\"@id\":\"https:\/\/www.mediapark.de\/#\/schema\/person\/image\/\",\"url\":\"https:\/\/secure.gravatar.com\/avatar\/31c6a2f8e07f9a160bd98d06232585d9?s=96&d=mm&r=g\",\"contentUrl\":\"https:\/\/secure.gravatar.com\/avatar\/31c6a2f8e07f9a160bd98d06232585d9?s=96&d=mm&r=g\",\"caption\":\"Nina Linnebach\"},\"url\":\"https:\/\/www.mediapark.de\/en\/author\/n_linnebach\/\"}]}<\/script>\n<!-- \/ Yoast SEO plugin. -->","yoast_head_json":{"title":"Saisoner\u00f6ffnung der K\u00f6lner Haie im MediaPark - MediaPark K\u00f6ln","robots":{"index":"index","follow":"follow","max-snippet":"max-snippet:-1","max-image-preview":"max-image-preview:large","max-video-preview":"max-video-preview:-1"},"canonical":"https:\/\/www.mediapark.de\/veranstaltungen\/saisoneroeffnung-der-koelner-haie-im-mediapark\/","og_locale":"en_US","og_type":"article","og_title":"Saisoner\u00f6ffnung der K\u00f6lner Haie im MediaPark - MediaPark K\u00f6ln","og_description":"[vc_row][vc_column width=&#8221;1\/3&#8243; offset=&#8221;vc_col-lg-3 vc_col-md-4 vc_hidden-sm vc_col-xs-12 vc_hidden-xs&#8221;][\/vc_column][vc_column css=&#8221;.vc_custom_1494321748347{background-color: #ffffff !important;}&#8221; offset=&#8221;vc_col-lg-9 vc_col-md-8 vc_col-xs-12&#8243;][vc_row_inner][vc_column_inner el_class=&#8221;content-headline&#8221;][vc_column_text css=&#8221;&#8221;] Saisoner\u00f6ffnung der K\u00f6lner Haie im MediaPark [\/vc_column_text][\/vc_column_inner][\/vc_row_inner][vc_column_text css=&#8221;&#8221;] Am Samstag, den 6. September 2025, verwandelt sich der MediaPark in ein Eishockey-Fanfest: Die K\u00f6lner Haie feiern hier gemeinsam mit ihren Fans die gro\u00dfe Saisoner\u00f6ffnung \u2013 und laden zu einem besonderen Tag&hellip;","og_url":"https:\/\/www.mediapark.de\/veranstaltungen\/saisoneroeffnung-der-koelner-haie-im-mediapark\/","og_site_name":"MediaPark K\u00f6ln","article_publisher":"http:\/\/www.facebook.com\/pages\/MediaPark\/360959134018223","article_published_time":"2025-07-31T12:54:20+00:00","article_modified_time":"2025-09-03T13:07:17+00:00","og_image":[{"width":2048,"height":1364,"url":"https:\/\/www.mediapark.de\/wp-content\/uploads\/2020\/12\/Dennis_Wilhelms_Mediapark-13.jpg","type":"image\/jpeg"}],"author":"Nina Linnebach","twitter_card":"summary_large_image","twitter_creator":"@MediaParkKoeln","twitter_site":"@MediaParkKoeln","twitter_misc":{"Written by":"Nina Linnebach","Est. reading time":"1 minute"},"schema":{"@context":"https:\/\/schema.org","@graph":[{"@type":"WebPage","@id":"https:\/\/www.mediapark.de\/veranstaltungen\/saisoneroeffnung-der-koelner-haie-im-mediapark\/","url":"https:\/\/www.mediapark.de\/veranstaltungen\/saisoneroeffnung-der-koelner-haie-im-mediapark\/","name":"Saisoner\u00f6ffnung der K\u00f6lner Haie im MediaPark - MediaPark K\u00f6ln","isPartOf":{"@id":"https:\/\/www.mediapark.de\/#website"},"primaryImageOfPage":{"@id":"https:\/\/www.mediapark.de\/veranstaltungen\/saisoneroeffnung-der-koelner-haie-im-mediapark\/#primaryimage"},"image":{"@id":"https:\/\/www.mediapark.de\/veranstaltungen\/saisoneroeffnung-der-koelner-haie-im-mediapark\/#primaryimage"},"thumbnailUrl":"https:\/\/www.mediapark.de\/wp-content\/uploads\/2020\/12\/Dennis_Wilhelms_Mediapark-13.jpg","datePublished":"2025-07-31T12:54:20+00:00","dateModified":"2025-09-03T13:07:17+00:00","author":{"@id":"https:\/\/www.mediapark.de\/#\/schema\/person\/312ccfc44e8b62dabb32f9b501f82c90"},"breadcrumb":{"@id":"https:\/\/www.mediapark.de\/veranstaltungen\/saisoneroeffnung-der-koelner-haie-im-mediapark\/#breadcrumb"},"inLanguage":"en-US","potentialAction":[{"@type":"ReadAction","target":["https:\/\/www.mediapark.de\/veranstaltungen\/saisoneroeffnung-der-koelner-haie-im-mediapark\/"]}]},{"@type":"ImageObject","inLanguage":"en-US","@id":"https:\/\/www.mediapark.de\/veranstaltungen\/saisoneroeffnung-der-koelner-haie-im-mediapark\/#primaryimage","url":"https:\/\/www.mediapark.de\/wp-content\/uploads\/2020\/12\/Dennis_Wilhelms_Mediapark-13.jpg","contentUrl":"https:\/\/www.mediapark.de\/wp-content\/uploads\/2020\/12\/Dennis_Wilhelms_Mediapark-13.jpg","width":2048,"height":1364},{"@type":"BreadcrumbList","@id":"https:\/\/www.mediapark.de\/veranstaltungen\/saisoneroeffnung-der-koelner-haie-im-mediapark\/#breadcrumb","itemListElement":[{"@type":"ListItem","position":1,"name":"Startseite","item":"https:\/\/www.mediapark.de\/en\/"},{"@type":"ListItem","position":2,"name":"Veranstaltungen","item":"https:\/\/www.mediapark.de\/category\/veranstaltungen\/"},{"@type":"ListItem","position":3,"name":"Saisoner\u00f6ffnung der K\u00f6lner Haie im MediaPark"}]},{"@type":"WebSite","@id":"https:\/\/www.mediapark.de\/#website","url":"https:\/\/www.mediapark.de\/","name":"MediaPark K\u00f6ln","description":"","potentialAction":[{"@type":"SearchAction","target":{"@type":"EntryPoint","urlTemplate":"https:\/\/www.mediapark.de\/?s={search_term_string}"},"query-input":{"@type":"PropertyValueSpecification","valueRequired":true,"valueName":"search_term_string"}}],"inLanguage":"en-US"},{"@type":"Person","@id":"https:\/\/www.mediapark.de\/#\/schema\/person\/312ccfc44e8b62dabb32f9b501f82c90","name":"Nina Linnebach","image":{"@type":"ImageObject","inLanguage":"en-US","@id":"https:\/\/www.mediapark.de\/#\/schema\/person\/image\/","url":"https:\/\/secure.gravatar.com\/avatar\/31c6a2f8e07f9a160bd98d06232585d9?s=96&d=mm&r=g","contentUrl":"https:\/\/secure.gravatar.com\/avatar\/31c6a2f8e07f9a160bd98d06232585d9?s=96&d=mm&r=g","caption":"Nina Linnebach"},"url":"https:\/\/www.mediapark.de\/en\/author\/n_linnebach\/"}]}},"_links":{"self":[{"href":"https:\/\/www.mediapark.de\/en\/wp-json\/wp\/v2\/posts\/6450","targetHints":{"allow":["GET"]}}],"collection":[{"href":"https:\/\/www.mediapark.de\/en\/wp-json\/wp\/v2\/posts"}],"about":[{"href":"https:\/\/www.mediapark.de\/en\/wp-json\/wp\/v2\/types\/post"}],"author":[{"embeddable":true,"href":"https:\/\/www.mediapark.de\/en\/wp-json\/wp\/v2\/users\/2"}],"replies":[{"embeddable":true,"href":"https:\/\/www.mediapark.de\/en\/wp-json\/wp\/v2\/comments?post=6450"}],"version-history":[{"count":3,"href":"https:\/\/www.mediapark.de\/en\/wp-json\/wp\/v2\/posts\/6450\/revisions"}],"predecessor-version":[{"id":6455,"href":"https:\/\/www.mediapark.de\/en\/wp-json\/wp\/v2\/posts\/6450\/revisions\/6455"}],"wp:featuredmedia":[{"embeddable":true,"href":"https:\/\/www.mediapark.de\/en\/wp-json\/wp\/v2\/media\/4903"}],"wp:attachment":[{"href":"https:\/\/www.mediapark.de\/en\/wp-json\/wp\/v2\/media?parent=6450"}],"wp:term":[{"taxonomy":"category","embeddable":true,"href":"https:\/\/www.mediapark.de\/en\/wp-json\/wp\/v2\/categories?post=6450"},{"taxonomy":"post_tag","embeddable":true,"href":"https:\/\/www.mediapark.de\/en\/wp-json\/wp\/v2\/tags?post=6450"}],"curies":[{"name":"wp","href":"https:\/\/api.w.org\/{rel}","templated":true}]}}