{"id":6513,"date":"2025-10-28T12:21:33","date_gmt":"2025-10-28T11:21:33","guid":{"rendered":"https:\/\/www.mediapark.de\/?p=6513"},"modified":"2025-10-28T12:21:33","modified_gmt":"2025-10-28T11:21:33","slug":"gluehweinzeit-im-mediapark","status":"publish","type":"post","link":"https:\/\/www.mediapark.de\/en\/veranstaltungen\/gluehweinzeit-im-mediapark\/","title":{"rendered":"Gl\u00fchweinzeit im MediaPark!"},"content":{"rendered":"<div class=\"wpb-content-wrapper\"><p>[vc_row][vc_column width=&#8221;1\/3&#8243; offset=&#8221;vc_col-lg-3 vc_col-md-4 vc_hidden-sm vc_col-xs-12 vc_hidden-xs&#8221;][\/vc_column][vc_column css=&#8221;.vc_custom_1494321748347{background-color: #ffffff !important;}&#8221; offset=&#8221;vc_col-lg-9 vc_col-md-8 vc_col-xs-12&#8243;][vc_row_inner][vc_column_inner el_class=&#8221;content-headline&#8221;][vc_column_text css=&#8221;&#8221;]<\/p>\n<h1>Gl\u00fchweinzeit im MediaPark!<\/h1>\n<p>[\/vc_column_text][\/vc_column_inner][\/vc_row_inner][vc_column_text css=&#8221;&#8221;]<\/p>\n<p data-start=\"180\" data-end=\"289\"><strong data-start=\"180\" data-end=\"289\">Ab Mitte November 2025, ist die Gl\u00fchweinbude des NH Collection K\u00f6ln Mediapark wieder ge\u00f6ffnet.<\/strong><\/p>\n<p data-start=\"291\" data-end=\"615\">Wenn abends die Lichter im MediaPark angehen und der Duft von hei\u00dfem Gl\u00fchwein durch die Luft zieht, beginnt die gem\u00fctlichste Zeit des Jahres. T\u00e4glich ab <strong data-start=\"444\" data-end=\"457\">16:30 Uhr<\/strong> l\u00e4dt das Team des <strong data-start=\"476\" data-end=\"508\">NH Collection K\u00f6ln Mediapark<\/strong> alle Nachbarn, Besucher und After-Work-G\u00e4ste herzlich ein, den Feierabend in geselliger Runde einzul\u00e4uten.<\/p>\n<p data-start=\"918\" data-end=\"1095\">Ob spontan nach der Arbeit oder als festes Ritual in der Adventszeit \u2013 ein Besuch an der Gl\u00fchweinbude lohnt sich immer.<\/p>\n<p>[\/vc_column_text][\/vc_column][\/vc_row]<\/p>\n<\/div>","protected":false},"excerpt":{"rendered":"<p>[vc_row][vc_column width=&#8221;1\/3&#8243; offset=&#8221;vc_col-lg-3 vc_col-md-4 vc_hidden-sm vc_col-xs-12 vc_hidden-xs&#8221;][\/vc_column][vc_column css=&#8221;.vc_custom_1494321748347{background-color: #ffffff !important;}&#8221; offset=&#8221;vc_col-lg-9 vc_col-md-8 vc_col-xs-12&#8243;][vc_row_inner][vc_column_inner el_class=&#8221;content-headline&#8221;][vc_column_text css=&#8221;&#8221;] Gl\u00fchweinzeit im MediaPark! [\/vc_column_text][\/vc_column_inner][\/vc_row_inner][vc_column_text css=&#8221;&#8221;] Ab Mitte November 2025, ist die Gl\u00fchweinbude des NH Collection K\u00f6ln Mediapark wieder ge\u00f6ffnet. Wenn abends die Lichter im MediaPark angehen und der Duft von hei\u00dfem Gl\u00fchwein durch die Luft zieht, beginnt die gem\u00fctlichste Zeit&hellip;<\/p>\n","protected":false},"author":2,"featured_media":6120,"comment_status":"closed","ping_status":"open","sticky":false,"template":"","format":"standard","meta":{"_acf_changed":false,"footnotes":""},"categories":[66],"tags":[],"class_list":["post-6513","post","type-post","status-publish","format-standard","hentry","category-veranstaltungen"],"acf":[],"yoast_head":"<!-- This site is optimized with the Yoast SEO plugin v24.2 - https:\/\/yoast.com\/wordpress\/plugins\/seo\/ -->\n<title>Gl\u00fchweinzeit im MediaPark! - MediaPark K\u00f6ln<\/title>\n<meta name=\"robots\" content=\"index, follow, max-snippet:-1, max-image-preview:large, max-video-preview:-1\" \/>\n<link rel=\"canonical\" href=\"https:\/\/www.mediapark.de\/veranstaltungen\/gluehweinzeit-im-mediapark\/\" \/>\n<meta property=\"og:locale\" content=\"en_US\" \/>\n<meta property=\"og:type\" content=\"article\" \/>\n<meta property=\"og:title\" content=\"Gl\u00fchweinzeit im MediaPark! - MediaPark K\u00f6ln\" \/>\n<meta property=\"og:description\" content=\"[vc_row][vc_column width=&#8221;1\/3&#8243; offset=&#8221;vc_col-lg-3 vc_col-md-4 vc_hidden-sm vc_col-xs-12 vc_hidden-xs&#8221;][\/vc_column][vc_column css=&#8221;.vc_custom_1494321748347{background-color: #ffffff !important;}&#8221; offset=&#8221;vc_col-lg-9 vc_col-md-8 vc_col-xs-12&#8243;][vc_row_inner][vc_column_inner el_class=&#8221;content-headline&#8221;][vc_column_text css=&#8221;&#8221;] Gl\u00fchweinzeit im MediaPark! [\/vc_column_text][\/vc_column_inner][\/vc_row_inner][vc_column_text css=&#8221;&#8221;] Ab Mitte November 2025, ist die Gl\u00fchweinbude des NH Collection K\u00f6ln Mediapark wieder ge\u00f6ffnet. Wenn abends die Lichter im MediaPark angehen und der Duft von hei\u00dfem Gl\u00fchwein durch die Luft zieht, beginnt die gem\u00fctlichste Zeit&hellip;\" \/>\n<meta property=\"og:url\" content=\"https:\/\/www.mediapark.de\/veranstaltungen\/gluehweinzeit-im-mediapark\/\" \/>\n<meta property=\"og:site_name\" content=\"MediaPark K\u00f6ln\" \/>\n<meta property=\"article:publisher\" content=\"http:\/\/www.facebook.com\/pages\/MediaPark\/360959134018223\" \/>\n<meta property=\"article:published_time\" content=\"2025-10-28T11:21:33+00:00\" \/>\n<meta property=\"og:image\" content=\"https:\/\/www.mediapark.de\/wp-content\/uploads\/2024\/11\/SG_Blick-auf-Bude.jpg\" \/>\n\t<meta property=\"og:image:width\" content=\"964\" \/>\n\t<meta property=\"og:image:height\" content=\"545\" \/>\n\t<meta property=\"og:image:type\" content=\"image\/jpeg\" \/>\n<meta name=\"author\" content=\"Nina Linnebach\" \/>\n<meta name=\"twitter:card\" content=\"summary_large_image\" \/>\n<meta name=\"twitter:creator\" content=\"@MediaParkKoeln\" \/>\n<meta name=\"twitter:site\" content=\"@MediaParkKoeln\" \/>\n<meta name=\"twitter:label1\" content=\"Written by\" \/>\n\t<meta name=\"twitter:data1\" content=\"Nina Linnebach\" \/>\n\t<meta name=\"twitter:label2\" content=\"Est. reading time\" \/>\n\t<meta name=\"twitter:data2\" content=\"1 minute\" \/>\n<script type=\"application\/ld+json\" class=\"yoast-schema-graph\">{\"@context\":\"https:\/\/schema.org\",\"@graph\":[{\"@type\":\"WebPage\",\"@id\":\"https:\/\/www.mediapark.de\/veranstaltungen\/gluehweinzeit-im-mediapark\/\",\"url\":\"https:\/\/www.mediapark.de\/veranstaltungen\/gluehweinzeit-im-mediapark\/\",\"name\":\"Gl\u00fchweinzeit im MediaPark! - MediaPark K\u00f6ln\",\"isPartOf\":{\"@id\":\"https:\/\/www.mediapark.de\/#website\"},\"primaryImageOfPage\":{\"@id\":\"https:\/\/www.mediapark.de\/veranstaltungen\/gluehweinzeit-im-mediapark\/#primaryimage\"},\"image\":{\"@id\":\"https:\/\/www.mediapark.de\/veranstaltungen\/gluehweinzeit-im-mediapark\/#primaryimage\"},\"thumbnailUrl\":\"https:\/\/www.mediapark.de\/wp-content\/uploads\/2024\/11\/SG_Blick-auf-Bude.jpg\",\"datePublished\":\"2025-10-28T11:21:33+00:00\",\"dateModified\":\"2025-10-28T11:21:33+00:00\",\"author\":{\"@id\":\"https:\/\/www.mediapark.de\/#\/schema\/person\/312ccfc44e8b62dabb32f9b501f82c90\"},\"breadcrumb\":{\"@id\":\"https:\/\/www.mediapark.de\/veranstaltungen\/gluehweinzeit-im-mediapark\/#breadcrumb\"},\"inLanguage\":\"en-US\",\"potentialAction\":[{\"@type\":\"ReadAction\",\"target\":[\"https:\/\/www.mediapark.de\/veranstaltungen\/gluehweinzeit-im-mediapark\/\"]}]},{\"@type\":\"ImageObject\",\"inLanguage\":\"en-US\",\"@id\":\"https:\/\/www.mediapark.de\/veranstaltungen\/gluehweinzeit-im-mediapark\/#primaryimage\",\"url\":\"https:\/\/www.mediapark.de\/wp-content\/uploads\/2024\/11\/SG_Blick-auf-Bude.jpg\",\"contentUrl\":\"https:\/\/www.mediapark.de\/wp-content\/uploads\/2024\/11\/SG_Blick-auf-Bude.jpg\",\"width\":964,\"height\":545},{\"@type\":\"BreadcrumbList\",\"@id\":\"https:\/\/www.mediapark.de\/veranstaltungen\/gluehweinzeit-im-mediapark\/#breadcrumb\",\"itemListElement\":[{\"@type\":\"ListItem\",\"position\":1,\"name\":\"Startseite\",\"item\":\"https:\/\/www.mediapark.de\/en\/\"},{\"@type\":\"ListItem\",\"position\":2,\"name\":\"Veranstaltungen\",\"item\":\"https:\/\/www.mediapark.de\/category\/veranstaltungen\/\"},{\"@type\":\"ListItem\",\"position\":3,\"name\":\"Gl\u00fchweinzeit im MediaPark!\"}]},{\"@type\":\"WebSite\",\"@id\":\"https:\/\/www.mediapark.de\/#website\",\"url\":\"https:\/\/www.mediapark.de\/\",\"name\":\"MediaPark K\u00f6ln\",\"description\":\"\",\"potentialAction\":[{\"@type\":\"SearchAction\",\"target\":{\"@type\":\"EntryPoint\",\"urlTemplate\":\"https:\/\/www.mediapark.de\/?s={search_term_string}\"},\"query-input\":{\"@type\":\"PropertyValueSpecification\",\"valueRequired\":true,\"valueName\":\"search_term_string\"}}],\"inLanguage\":\"en-US\"},{\"@type\":\"Person\",\"@id\":\"https:\/\/www.mediapark.de\/#\/schema\/person\/312ccfc44e8b62dabb32f9b501f82c90\",\"name\":\"Nina Linnebach\",\"image\":{\"@type\":\"ImageObject\",\"inLanguage\":\"en-US\",\"@id\":\"https:\/\/www.mediapark.de\/#\/schema\/person\/image\/\",\"url\":\"https:\/\/secure.gravatar.com\/avatar\/31c6a2f8e07f9a160bd98d06232585d9?s=96&d=mm&r=g\",\"contentUrl\":\"https:\/\/secure.gravatar.com\/avatar\/31c6a2f8e07f9a160bd98d06232585d9?s=96&d=mm&r=g\",\"caption\":\"Nina Linnebach\"},\"url\":\"https:\/\/www.mediapark.de\/en\/author\/n_linnebach\/\"}]}<\/script>\n<!-- \/ Yoast SEO plugin. -->","yoast_head_json":{"title":"Gl\u00fchweinzeit im MediaPark! - MediaPark K\u00f6ln","robots":{"index":"index","follow":"follow","max-snippet":"max-snippet:-1","max-image-preview":"max-image-preview:large","max-video-preview":"max-video-preview:-1"},"canonical":"https:\/\/www.mediapark.de\/veranstaltungen\/gluehweinzeit-im-mediapark\/","og_locale":"en_US","og_type":"article","og_title":"Gl\u00fchweinzeit im MediaPark! - MediaPark K\u00f6ln","og_description":"[vc_row][vc_column width=&#8221;1\/3&#8243; offset=&#8221;vc_col-lg-3 vc_col-md-4 vc_hidden-sm vc_col-xs-12 vc_hidden-xs&#8221;][\/vc_column][vc_column css=&#8221;.vc_custom_1494321748347{background-color: #ffffff !important;}&#8221; offset=&#8221;vc_col-lg-9 vc_col-md-8 vc_col-xs-12&#8243;][vc_row_inner][vc_column_inner el_class=&#8221;content-headline&#8221;][vc_column_text css=&#8221;&#8221;] Gl\u00fchweinzeit im MediaPark! [\/vc_column_text][\/vc_column_inner][\/vc_row_inner][vc_column_text css=&#8221;&#8221;] Ab Mitte November 2025, ist die Gl\u00fchweinbude des NH Collection K\u00f6ln Mediapark wieder ge\u00f6ffnet. Wenn abends die Lichter im MediaPark angehen und der Duft von hei\u00dfem Gl\u00fchwein durch die Luft zieht, beginnt die gem\u00fctlichste Zeit&hellip;","og_url":"https:\/\/www.mediapark.de\/veranstaltungen\/gluehweinzeit-im-mediapark\/","og_site_name":"MediaPark K\u00f6ln","article_publisher":"http:\/\/www.facebook.com\/pages\/MediaPark\/360959134018223","article_published_time":"2025-10-28T11:21:33+00:00","og_image":[{"width":964,"height":545,"url":"https:\/\/www.mediapark.de\/wp-content\/uploads\/2024\/11\/SG_Blick-auf-Bude.jpg","type":"image\/jpeg"}],"author":"Nina Linnebach","twitter_card":"summary_large_image","twitter_creator":"@MediaParkKoeln","twitter_site":"@MediaParkKoeln","twitter_misc":{"Written by":"Nina Linnebach","Est. reading time":"1 minute"},"schema":{"@context":"https:\/\/schema.org","@graph":[{"@type":"WebPage","@id":"https:\/\/www.mediapark.de\/veranstaltungen\/gluehweinzeit-im-mediapark\/","url":"https:\/\/www.mediapark.de\/veranstaltungen\/gluehweinzeit-im-mediapark\/","name":"Gl\u00fchweinzeit im MediaPark! - MediaPark K\u00f6ln","isPartOf":{"@id":"https:\/\/www.mediapark.de\/#website"},"primaryImageOfPage":{"@id":"https:\/\/www.mediapark.de\/veranstaltungen\/gluehweinzeit-im-mediapark\/#primaryimage"},"image":{"@id":"https:\/\/www.mediapark.de\/veranstaltungen\/gluehweinzeit-im-mediapark\/#primaryimage"},"thumbnailUrl":"https:\/\/www.mediapark.de\/wp-content\/uploads\/2024\/11\/SG_Blick-auf-Bude.jpg","datePublished":"2025-10-28T11:21:33+00:00","dateModified":"2025-10-28T11:21:33+00:00","author":{"@id":"https:\/\/www.mediapark.de\/#\/schema\/person\/312ccfc44e8b62dabb32f9b501f82c90"},"breadcrumb":{"@id":"https:\/\/www.mediapark.de\/veranstaltungen\/gluehweinzeit-im-mediapark\/#breadcrumb"},"inLanguage":"en-US","potentialAction":[{"@type":"ReadAction","target":["https:\/\/www.mediapark.de\/veranstaltungen\/gluehweinzeit-im-mediapark\/"]}]},{"@type":"ImageObject","inLanguage":"en-US","@id":"https:\/\/www.mediapark.de\/veranstaltungen\/gluehweinzeit-im-mediapark\/#primaryimage","url":"https:\/\/www.mediapark.de\/wp-content\/uploads\/2024\/11\/SG_Blick-auf-Bude.jpg","contentUrl":"https:\/\/www.mediapark.de\/wp-content\/uploads\/2024\/11\/SG_Blick-auf-Bude.jpg","width":964,"height":545},{"@type":"BreadcrumbList","@id":"https:\/\/www.mediapark.de\/veranstaltungen\/gluehweinzeit-im-mediapark\/#breadcrumb","itemListElement":[{"@type":"ListItem","position":1,"name":"Startseite","item":"https:\/\/www.mediapark.de\/en\/"},{"@type":"ListItem","position":2,"name":"Veranstaltungen","item":"https:\/\/www.mediapark.de\/category\/veranstaltungen\/"},{"@type":"ListItem","position":3,"name":"Gl\u00fchweinzeit im MediaPark!"}]},{"@type":"WebSite","@id":"https:\/\/www.mediapark.de\/#website","url":"https:\/\/www.mediapark.de\/","name":"MediaPark K\u00f6ln","description":"","potentialAction":[{"@type":"SearchAction","target":{"@type":"EntryPoint","urlTemplate":"https:\/\/www.mediapark.de\/?s={search_term_string}"},"query-input":{"@type":"PropertyValueSpecification","valueRequired":true,"valueName":"search_term_string"}}],"inLanguage":"en-US"},{"@type":"Person","@id":"https:\/\/www.mediapark.de\/#\/schema\/person\/312ccfc44e8b62dabb32f9b501f82c90","name":"Nina Linnebach","image":{"@type":"ImageObject","inLanguage":"en-US","@id":"https:\/\/www.mediapark.de\/#\/schema\/person\/image\/","url":"https:\/\/secure.gravatar.com\/avatar\/31c6a2f8e07f9a160bd98d06232585d9?s=96&d=mm&r=g","contentUrl":"https:\/\/secure.gravatar.com\/avatar\/31c6a2f8e07f9a160bd98d06232585d9?s=96&d=mm&r=g","caption":"Nina Linnebach"},"url":"https:\/\/www.mediapark.de\/en\/author\/n_linnebach\/"}]}},"_links":{"self":[{"href":"https:\/\/www.mediapark.de\/en\/wp-json\/wp\/v2\/posts\/6513","targetHints":{"allow":["GET"]}}],"collection":[{"href":"https:\/\/www.mediapark.de\/en\/wp-json\/wp\/v2\/posts"}],"about":[{"href":"https:\/\/www.mediapark.de\/en\/wp-json\/wp\/v2\/types\/post"}],"author":[{"embeddable":true,"href":"https:\/\/www.mediapark.de\/en\/wp-json\/wp\/v2\/users\/2"}],"replies":[{"embeddable":true,"href":"https:\/\/www.mediapark.de\/en\/wp-json\/wp\/v2\/comments?post=6513"}],"version-history":[{"count":3,"href":"https:\/\/www.mediapark.de\/en\/wp-json\/wp\/v2\/posts\/6513\/revisions"}],"predecessor-version":[{"id":6516,"href":"https:\/\/www.mediapark.de\/en\/wp-json\/wp\/v2\/posts\/6513\/revisions\/6516"}],"wp:featuredmedia":[{"embeddable":true,"href":"https:\/\/www.mediapark.de\/en\/wp-json\/wp\/v2\/media\/6120"}],"wp:attachment":[{"href":"https:\/\/www.mediapark.de\/en\/wp-json\/wp\/v2\/media?parent=6513"}],"wp:term":[{"taxonomy":"category","embeddable":true,"href":"https:\/\/www.mediapark.de\/en\/wp-json\/wp\/v2\/categories?post=6513"},{"taxonomy":"post_tag","embeddable":true,"href":"https:\/\/www.mediapark.de\/en\/wp-json\/wp\/v2\/tags?post=6513"}],"curies":[{"name":"wp","href":"https:\/\/api.w.org\/{rel}","templated":true}]}}