{"id":6521,"date":"2025-10-30T14:11:20","date_gmt":"2025-10-30T13:11:20","guid":{"rendered":"https:\/\/www.mediapark.de\/?p=6521"},"modified":"2025-10-30T14:34:56","modified_gmt":"2025-10-30T13:34:56","slug":"kultur-klang-koeln-feeling-unser-sommer-im-mediapark","status":"publish","type":"post","link":"https:\/\/www.mediapark.de\/en\/news\/kultur-klang-koeln-feeling-unser-sommer-im-mediapark\/","title":{"rendered":"Kultur, Klang &#038; K\u00f6ln-Feeling: Unser Sommer im MediaPark"},"content":{"rendered":"<div class=\"wpb-content-wrapper\"><p>[vc_row][vc_column width=&#8221;1\/3&#8243; offset=&#8221;vc_col-lg-3 vc_col-md-4 vc_hidden-sm vc_col-xs-12 vc_hidden-xs&#8221;][\/vc_column][vc_column css=&#8221;.vc_custom_1494321748347{background-color: #ffffff !important;}&#8221; offset=&#8221;vc_col-lg-9 vc_col-md-8 vc_col-xs-12&#8243;][vc_row_inner][vc_column_inner el_class=&#8221;content-headline&#8221;][vc_column_text css=&#8221;&#8221;]<\/p>\n<h1>Kultur, Klang &amp; K\u00f6ln-Feeling: Unser Sommer im MediaPark<\/h1>\n<p>[\/vc_column_text][\/vc_column_inner][\/vc_row_inner][vc_single_image image=&#8221;2229&#8243; img_size=&#8221;post-header&#8221; alignment=&#8221;center&#8221; css=&#8221;&#8221; el_class=&#8221;post-title-image&#8221;][vc_column_text css=&#8221;&#8221;]<\/p>\n<p data-start=\"490\" data-end=\"717\">Was f\u00fcr ein Sommer! Zwischen Akrobatik, Tanz, Filmabenden unter freiem Himmel und kulinarischen H\u00f6henfl\u00fcgen hat der MediaPark K\u00f6ln in diesem Jahr erneut gezeigt, wie vielseitig und lebendig dieser Ort im Herzen der Stadt ist.<\/p>\n<p data-start=\"719\" data-end=\"943\">Der Sommer 2025 stand ganz im Zeichen von <em data-start=\"761\" data-end=\"799\">Begegnung, Bewegung und Begeisterung<\/em> \u2013 und war Teil des stadtweiten Programms <strong data-start=\"841\" data-end=\"856\">Sommer K\u00f6ln<\/strong>, das jedes Jahr Kultur, Kunst und Lebensfreude kostenlos auf die K\u00f6lner Pl\u00e4tze bringt<\/p>\n<h3>Kultur trifft Emotion \u2013 Highlights aus dem Sommer K\u00f6ln im MediaPark<\/h3>\n<p data-start=\"1026\" data-end=\"1525\">Im Rahmen von <a href=\"https:\/\/sommer.koeln\/\"><em data-start=\"1040\" data-end=\"1053\">Sommer K\u00f6ln<\/em><\/a> wurde der MediaPark einmal mehr zur B\u00fchne.<br data-start=\"1096\" data-end=\"1099\" \/>Das franz\u00f6sische Ensemble Cie. Dyptik begeisterte mit seiner mitrei\u00dfenden Akrobatikperformance <em data-start=\"1198\" data-end=\"1206\">Mirage<\/em>, die t\u00e4nzerische Kraft und Ausdruck vereinte.<br data-start=\"1252\" data-end=\"1255\" \/>Beim Kopfh\u00f6rerkino konnten Besucher:innen mitten auf dem Platz Filme erleben \u2013 leise, intensiv und unter dem Sternenhimmel. Gezeigt wurden unter anderem Kurzfilme und Musikvideos aus dem Programm <em data-start=\"1455\" data-end=\"1472\">Made in Cologne<\/em>, das lokale Filmschaffende ins Rampenlicht r\u00fcckte.<\/p>\n<p data-start=\"1527\" data-end=\"1769\">Auch K\u00f6lnTanz \u2013 Tanz doch einfach mit! sorgte wieder f\u00fcr Bewegung: Tanzgruppen, Profis und Amateure lie\u00dfen gemeinsam mit dem Publikum den MediaPark beben. Ob Salsa, Contemporary oder Hip-Hop \u2013 hier wurde Vielfalt im besten Sinne gefeiert.<\/p>\n<h3 data-start=\"1776\" data-end=\"1814\">Hoch hinaus: Dinner in the Sky<\/h3>\n<p data-start=\"1816\" data-end=\"2198\">Ein absolutes Highlight war das spektakul\u00e4re <a href=\"https:\/\/www.dinnerinthesky.de\/\">Dinner in the Sky<\/a>:<br data-start=\"1883\" data-end=\"1886\" \/>Ein kulinarisches Erlebnis \u00fcber den D\u00e4chern K\u00f6lns, bei dem G\u00e4ste in luftiger H\u00f6he nicht nur ein exquisites Men\u00fc, sondern auch einen unvergleichlichen Blick \u00fcber die Stadt genie\u00dfen konnten.<br data-start=\"2074\" data-end=\"2077\" \/>Der schwebende Esstisch am MediaPark-See zog auch in diesem Jahr wieder zahlreiche Besucher:innen und Fotobegeisterte an.<\/p>\n<h3 data-start=\"2205\" data-end=\"2237\">Sport, Action &amp; Community<\/h3>\n<p data-start=\"2239\" data-end=\"2646\">Auch sportlich hatte der Sommer im MediaPark einiges zu bieten:<br data-start=\"2302\" data-end=\"2305\" \/>Beim <a href=\"https:\/\/www.koelner-treppenlauf.de\/\">K\u00f6lnTurm Treppenlauf <\/a>stellten L\u00e4ufer:innen ihre Ausdauer unter Beweis \u2013 39 Etagen, 714 Stufen, pure Energie!<br data-start=\"2422\" data-end=\"2425\" \/>Die<a href=\"https:\/\/www.fitnightout.de\/\"> Fit Night Out von <em data-start=\"2451\" data-end=\"2467\">Women\u2019s Health<\/em><\/a> brachte Fitnessfans f\u00fcr ein gemeinsames Outdoor-Workout zusammen.<br data-start=\"2533\" data-end=\"2536\" \/>Und auch die <a href=\"https:\/\/www.haie.de\/news\/tolle-saisoneroeffnung-im-mediapark-tausende-von-fans-feiern-mit-den-haien\/\">Saisoner\u00f6ffnung der K\u00f6lner Haie<\/a> sorgte f\u00fcr Stimmung, Teamspirit und jede Menge K\u00f6ln-Gef\u00fchl.<\/p>\n<h3 data-start=\"2653\" data-end=\"2682\">Ein Ort, der verbindet<\/h3>\n<p data-start=\"2684\" data-end=\"2985\">Der Sommer 2025 hat gezeigt: Der MediaPark ist l\u00e4ngst mehr als nur ein B\u00fcro- und Architekturensemble.<br data-start=\"2785\" data-end=\"2788\" \/>Er ist ein Ort der Begegnung, des Austauschs und der Inspiration \u2013 mitten in K\u00f6ln, offen f\u00fcr alle.<br data-start=\"2886\" data-end=\"2889\" \/>Ob Kunst, Kultur, Sport oder einfach ein Abend am See: Hier trifft Urbanit\u00e4t auf Lebensfreude.<\/p>\n<p data-start=\"2987\" data-end=\"3134\">Ein gro\u00dfes Dankesch\u00f6n geht an alle K\u00fcnstler:innen, Partner:innen, Besucher:innen und Unterst\u00fctzer:innen, die diesen Sommer m\u00f6glich gemacht haben.<\/p>\n<p data-start=\"3136\" data-end=\"3296\">Wir freuen uns schon jetzt auf das, was kommt \u2013 denn der n\u00e4chste Sommer im MediaPark steht garantiert wieder im Zeichen von Kultur, Bewegung und Begegnung.<\/p>\n<p data-start=\"3136\" data-end=\"3296\"><strong data-start=\"3306\" data-end=\"3315\">Tipp:<\/strong> Alle kommenden Veranstaltungen, News und R\u00fcckblicke findest du wie immer auf <a class=\"decorated-link\" href=\"https:\/\/www.mediapark.de?utm_source=chatgpt.com\" target=\"_new\" rel=\"noopener\" data-start=\"3393\" data-end=\"3437\">www.mediapark.de<\/a><\/p>\n<p>[\/vc_column_text][vc_gallery type=&#8221;image_grid&#8221; images=&#8221;6535,5799,2085,6531,6527,6529,4953,6525,6270,4237&#8243; css=&#8221;&#8221;][\/vc_column][\/vc_row]<\/p>\n<\/div>","protected":false},"excerpt":{"rendered":"<p>[vc_row][vc_column width=&#8221;1\/3&#8243; offset=&#8221;vc_col-lg-3 vc_col-md-4 vc_hidden-sm vc_col-xs-12 vc_hidden-xs&#8221;][\/vc_column][vc_column css=&#8221;.vc_custom_1494321748347{background-color: #ffffff !important;}&#8221; offset=&#8221;vc_col-lg-9 vc_col-md-8 vc_col-xs-12&#8243;][vc_row_inner][vc_column_inner el_class=&#8221;content-headline&#8221;][vc_column_text css=&#8221;&#8221;] Kultur, Klang &amp; K\u00f6ln-Feeling: Unser Sommer im MediaPark [\/vc_column_text][\/vc_column_inner][\/vc_row_inner][vc_single_image image=&#8221;2229&#8243; img_size=&#8221;post-header&#8221; alignment=&#8221;center&#8221; css=&#8221;&#8221; el_class=&#8221;post-title-image&#8221;][vc_column_text css=&#8221;&#8221;] Was f\u00fcr ein Sommer! Zwischen Akrobatik, Tanz, Filmabenden unter freiem Himmel und kulinarischen H\u00f6henfl\u00fcgen hat der MediaPark K\u00f6ln in diesem Jahr erneut gezeigt, wie vielseitig&hellip;<\/p>\n","protected":false},"author":2,"featured_media":6535,"comment_status":"closed","ping_status":"open","sticky":false,"template":"","format":"standard","meta":{"_acf_changed":false,"footnotes":""},"categories":[4],"tags":[],"class_list":["post-6521","post","type-post","status-publish","format-standard","hentry","category-news"],"acf":[],"yoast_head":"<!-- This site is optimized with the Yoast SEO plugin v24.2 - https:\/\/yoast.com\/wordpress\/plugins\/seo\/ -->\n<title>Kultur, Klang &amp; K\u00f6ln-Feeling: Unser Sommer im MediaPark - MediaPark K\u00f6ln<\/title>\n<meta name=\"robots\" content=\"index, follow, max-snippet:-1, max-image-preview:large, max-video-preview:-1\" \/>\n<link rel=\"canonical\" href=\"https:\/\/www.mediapark.de\/news\/kultur-klang-koeln-feeling-unser-sommer-im-mediapark\/\" \/>\n<meta property=\"og:locale\" content=\"en_US\" \/>\n<meta property=\"og:type\" content=\"article\" \/>\n<meta property=\"og:title\" content=\"Kultur, Klang &amp; K\u00f6ln-Feeling: Unser Sommer im MediaPark - MediaPark K\u00f6ln\" \/>\n<meta property=\"og:description\" content=\"[vc_row][vc_column width=&#8221;1\/3&#8243; offset=&#8221;vc_col-lg-3 vc_col-md-4 vc_hidden-sm vc_col-xs-12 vc_hidden-xs&#8221;][\/vc_column][vc_column css=&#8221;.vc_custom_1494321748347{background-color: #ffffff !important;}&#8221; offset=&#8221;vc_col-lg-9 vc_col-md-8 vc_col-xs-12&#8243;][vc_row_inner][vc_column_inner el_class=&#8221;content-headline&#8221;][vc_column_text css=&#8221;&#8221;] Kultur, Klang &amp; K\u00f6ln-Feeling: Unser Sommer im MediaPark [\/vc_column_text][\/vc_column_inner][\/vc_row_inner][vc_single_image image=&#8221;2229&#8243; img_size=&#8221;post-header&#8221; alignment=&#8221;center&#8221; css=&#8221;&#8221; el_class=&#8221;post-title-image&#8221;][vc_column_text css=&#8221;&#8221;] Was f\u00fcr ein Sommer! Zwischen Akrobatik, Tanz, Filmabenden unter freiem Himmel und kulinarischen H\u00f6henfl\u00fcgen hat der MediaPark K\u00f6ln in diesem Jahr erneut gezeigt, wie vielseitig&hellip;\" \/>\n<meta property=\"og:url\" content=\"https:\/\/www.mediapark.de\/news\/kultur-klang-koeln-feeling-unser-sommer-im-mediapark\/\" \/>\n<meta property=\"og:site_name\" content=\"MediaPark K\u00f6ln\" \/>\n<meta property=\"article:publisher\" content=\"http:\/\/www.facebook.com\/pages\/MediaPark\/360959134018223\" \/>\n<meta property=\"article:published_time\" content=\"2025-10-30T13:11:20+00:00\" \/>\n<meta property=\"article:modified_time\" content=\"2025-10-30T13:34:56+00:00\" \/>\n<meta property=\"og:image\" content=\"https:\/\/www.mediapark.de\/wp-content\/uploads\/2025\/10\/DSC9573_web.gif\" \/>\n\t<meta property=\"og:image:width\" content=\"2000\" \/>\n\t<meta property=\"og:image:height\" content=\"1331\" \/>\n\t<meta property=\"og:image:type\" content=\"image\/gif\" \/>\n<meta name=\"author\" content=\"Nina Linnebach\" \/>\n<meta name=\"twitter:card\" content=\"summary_large_image\" \/>\n<meta name=\"twitter:creator\" content=\"@MediaParkKoeln\" \/>\n<meta name=\"twitter:site\" content=\"@MediaParkKoeln\" \/>\n<meta name=\"twitter:label1\" content=\"Written by\" \/>\n\t<meta name=\"twitter:data1\" content=\"Nina Linnebach\" \/>\n\t<meta name=\"twitter:label2\" content=\"Est. reading time\" \/>\n\t<meta name=\"twitter:data2\" content=\"3 minutes\" \/>\n<script type=\"application\/ld+json\" class=\"yoast-schema-graph\">{\"@context\":\"https:\/\/schema.org\",\"@graph\":[{\"@type\":\"WebPage\",\"@id\":\"https:\/\/www.mediapark.de\/news\/kultur-klang-koeln-feeling-unser-sommer-im-mediapark\/\",\"url\":\"https:\/\/www.mediapark.de\/news\/kultur-klang-koeln-feeling-unser-sommer-im-mediapark\/\",\"name\":\"Kultur, Klang & K\u00f6ln-Feeling: Unser Sommer im MediaPark - MediaPark K\u00f6ln\",\"isPartOf\":{\"@id\":\"https:\/\/www.mediapark.de\/#website\"},\"primaryImageOfPage\":{\"@id\":\"https:\/\/www.mediapark.de\/news\/kultur-klang-koeln-feeling-unser-sommer-im-mediapark\/#primaryimage\"},\"image\":{\"@id\":\"https:\/\/www.mediapark.de\/news\/kultur-klang-koeln-feeling-unser-sommer-im-mediapark\/#primaryimage\"},\"thumbnailUrl\":\"https:\/\/www.mediapark.de\/wp-content\/uploads\/2025\/10\/DSC9573_web.gif\",\"datePublished\":\"2025-10-30T13:11:20+00:00\",\"dateModified\":\"2025-10-30T13:34:56+00:00\",\"author\":{\"@id\":\"https:\/\/www.mediapark.de\/#\/schema\/person\/312ccfc44e8b62dabb32f9b501f82c90\"},\"breadcrumb\":{\"@id\":\"https:\/\/www.mediapark.de\/news\/kultur-klang-koeln-feeling-unser-sommer-im-mediapark\/#breadcrumb\"},\"inLanguage\":\"en-US\",\"potentialAction\":[{\"@type\":\"ReadAction\",\"target\":[\"https:\/\/www.mediapark.de\/news\/kultur-klang-koeln-feeling-unser-sommer-im-mediapark\/\"]}]},{\"@type\":\"ImageObject\",\"inLanguage\":\"en-US\",\"@id\":\"https:\/\/www.mediapark.de\/news\/kultur-klang-koeln-feeling-unser-sommer-im-mediapark\/#primaryimage\",\"url\":\"https:\/\/www.mediapark.de\/wp-content\/uploads\/2025\/10\/DSC9573_web.gif\",\"contentUrl\":\"https:\/\/www.mediapark.de\/wp-content\/uploads\/2025\/10\/DSC9573_web.gif\",\"width\":2000,\"height\":1331,\"caption\":\"(c) Sommer K\u00f6ln 2025\"},{\"@type\":\"BreadcrumbList\",\"@id\":\"https:\/\/www.mediapark.de\/news\/kultur-klang-koeln-feeling-unser-sommer-im-mediapark\/#breadcrumb\",\"itemListElement\":[{\"@type\":\"ListItem\",\"position\":1,\"name\":\"Startseite\",\"item\":\"https:\/\/www.mediapark.de\/en\/\"},{\"@type\":\"ListItem\",\"position\":2,\"name\":\"News\",\"item\":\"https:\/\/www.mediapark.de\/category\/news\/\"},{\"@type\":\"ListItem\",\"position\":3,\"name\":\"Kultur, Klang &#038; K\u00f6ln-Feeling: Unser Sommer im MediaPark\"}]},{\"@type\":\"WebSite\",\"@id\":\"https:\/\/www.mediapark.de\/#website\",\"url\":\"https:\/\/www.mediapark.de\/\",\"name\":\"MediaPark K\u00f6ln\",\"description\":\"\",\"potentialAction\":[{\"@type\":\"SearchAction\",\"target\":{\"@type\":\"EntryPoint\",\"urlTemplate\":\"https:\/\/www.mediapark.de\/?s={search_term_string}\"},\"query-input\":{\"@type\":\"PropertyValueSpecification\",\"valueRequired\":true,\"valueName\":\"search_term_string\"}}],\"inLanguage\":\"en-US\"},{\"@type\":\"Person\",\"@id\":\"https:\/\/www.mediapark.de\/#\/schema\/person\/312ccfc44e8b62dabb32f9b501f82c90\",\"name\":\"Nina Linnebach\",\"image\":{\"@type\":\"ImageObject\",\"inLanguage\":\"en-US\",\"@id\":\"https:\/\/www.mediapark.de\/#\/schema\/person\/image\/\",\"url\":\"https:\/\/secure.gravatar.com\/avatar\/31c6a2f8e07f9a160bd98d06232585d9?s=96&d=mm&r=g\",\"contentUrl\":\"https:\/\/secure.gravatar.com\/avatar\/31c6a2f8e07f9a160bd98d06232585d9?s=96&d=mm&r=g\",\"caption\":\"Nina Linnebach\"},\"url\":\"https:\/\/www.mediapark.de\/en\/author\/n_linnebach\/\"}]}<\/script>\n<!-- \/ Yoast SEO plugin. -->","yoast_head_json":{"title":"Kultur, Klang & K\u00f6ln-Feeling: Unser Sommer im MediaPark - MediaPark K\u00f6ln","robots":{"index":"index","follow":"follow","max-snippet":"max-snippet:-1","max-image-preview":"max-image-preview:large","max-video-preview":"max-video-preview:-1"},"canonical":"https:\/\/www.mediapark.de\/news\/kultur-klang-koeln-feeling-unser-sommer-im-mediapark\/","og_locale":"en_US","og_type":"article","og_title":"Kultur, Klang & K\u00f6ln-Feeling: Unser Sommer im MediaPark - MediaPark K\u00f6ln","og_description":"[vc_row][vc_column width=&#8221;1\/3&#8243; offset=&#8221;vc_col-lg-3 vc_col-md-4 vc_hidden-sm vc_col-xs-12 vc_hidden-xs&#8221;][\/vc_column][vc_column css=&#8221;.vc_custom_1494321748347{background-color: #ffffff !important;}&#8221; offset=&#8221;vc_col-lg-9 vc_col-md-8 vc_col-xs-12&#8243;][vc_row_inner][vc_column_inner el_class=&#8221;content-headline&#8221;][vc_column_text css=&#8221;&#8221;] Kultur, Klang &amp; K\u00f6ln-Feeling: Unser Sommer im MediaPark [\/vc_column_text][\/vc_column_inner][\/vc_row_inner][vc_single_image image=&#8221;2229&#8243; img_size=&#8221;post-header&#8221; alignment=&#8221;center&#8221; css=&#8221;&#8221; el_class=&#8221;post-title-image&#8221;][vc_column_text css=&#8221;&#8221;] Was f\u00fcr ein Sommer! Zwischen Akrobatik, Tanz, Filmabenden unter freiem Himmel und kulinarischen H\u00f6henfl\u00fcgen hat der MediaPark K\u00f6ln in diesem Jahr erneut gezeigt, wie vielseitig&hellip;","og_url":"https:\/\/www.mediapark.de\/news\/kultur-klang-koeln-feeling-unser-sommer-im-mediapark\/","og_site_name":"MediaPark K\u00f6ln","article_publisher":"http:\/\/www.facebook.com\/pages\/MediaPark\/360959134018223","article_published_time":"2025-10-30T13:11:20+00:00","article_modified_time":"2025-10-30T13:34:56+00:00","og_image":[{"width":2000,"height":1331,"url":"https:\/\/www.mediapark.de\/wp-content\/uploads\/2025\/10\/DSC9573_web.gif","type":"image\/gif"}],"author":"Nina Linnebach","twitter_card":"summary_large_image","twitter_creator":"@MediaParkKoeln","twitter_site":"@MediaParkKoeln","twitter_misc":{"Written by":"Nina Linnebach","Est. reading time":"3 minutes"},"schema":{"@context":"https:\/\/schema.org","@graph":[{"@type":"WebPage","@id":"https:\/\/www.mediapark.de\/news\/kultur-klang-koeln-feeling-unser-sommer-im-mediapark\/","url":"https:\/\/www.mediapark.de\/news\/kultur-klang-koeln-feeling-unser-sommer-im-mediapark\/","name":"Kultur, Klang & K\u00f6ln-Feeling: Unser Sommer im MediaPark - MediaPark K\u00f6ln","isPartOf":{"@id":"https:\/\/www.mediapark.de\/#website"},"primaryImageOfPage":{"@id":"https:\/\/www.mediapark.de\/news\/kultur-klang-koeln-feeling-unser-sommer-im-mediapark\/#primaryimage"},"image":{"@id":"https:\/\/www.mediapark.de\/news\/kultur-klang-koeln-feeling-unser-sommer-im-mediapark\/#primaryimage"},"thumbnailUrl":"https:\/\/www.mediapark.de\/wp-content\/uploads\/2025\/10\/DSC9573_web.gif","datePublished":"2025-10-30T13:11:20+00:00","dateModified":"2025-10-30T13:34:56+00:00","author":{"@id":"https:\/\/www.mediapark.de\/#\/schema\/person\/312ccfc44e8b62dabb32f9b501f82c90"},"breadcrumb":{"@id":"https:\/\/www.mediapark.de\/news\/kultur-klang-koeln-feeling-unser-sommer-im-mediapark\/#breadcrumb"},"inLanguage":"en-US","potentialAction":[{"@type":"ReadAction","target":["https:\/\/www.mediapark.de\/news\/kultur-klang-koeln-feeling-unser-sommer-im-mediapark\/"]}]},{"@type":"ImageObject","inLanguage":"en-US","@id":"https:\/\/www.mediapark.de\/news\/kultur-klang-koeln-feeling-unser-sommer-im-mediapark\/#primaryimage","url":"https:\/\/www.mediapark.de\/wp-content\/uploads\/2025\/10\/DSC9573_web.gif","contentUrl":"https:\/\/www.mediapark.de\/wp-content\/uploads\/2025\/10\/DSC9573_web.gif","width":2000,"height":1331,"caption":"(c) Sommer K\u00f6ln 2025"},{"@type":"BreadcrumbList","@id":"https:\/\/www.mediapark.de\/news\/kultur-klang-koeln-feeling-unser-sommer-im-mediapark\/#breadcrumb","itemListElement":[{"@type":"ListItem","position":1,"name":"Startseite","item":"https:\/\/www.mediapark.de\/en\/"},{"@type":"ListItem","position":2,"name":"News","item":"https:\/\/www.mediapark.de\/category\/news\/"},{"@type":"ListItem","position":3,"name":"Kultur, Klang &#038; K\u00f6ln-Feeling: Unser Sommer im MediaPark"}]},{"@type":"WebSite","@id":"https:\/\/www.mediapark.de\/#website","url":"https:\/\/www.mediapark.de\/","name":"MediaPark K\u00f6ln","description":"","potentialAction":[{"@type":"SearchAction","target":{"@type":"EntryPoint","urlTemplate":"https:\/\/www.mediapark.de\/?s={search_term_string}"},"query-input":{"@type":"PropertyValueSpecification","valueRequired":true,"valueName":"search_term_string"}}],"inLanguage":"en-US"},{"@type":"Person","@id":"https:\/\/www.mediapark.de\/#\/schema\/person\/312ccfc44e8b62dabb32f9b501f82c90","name":"Nina Linnebach","image":{"@type":"ImageObject","inLanguage":"en-US","@id":"https:\/\/www.mediapark.de\/#\/schema\/person\/image\/","url":"https:\/\/secure.gravatar.com\/avatar\/31c6a2f8e07f9a160bd98d06232585d9?s=96&d=mm&r=g","contentUrl":"https:\/\/secure.gravatar.com\/avatar\/31c6a2f8e07f9a160bd98d06232585d9?s=96&d=mm&r=g","caption":"Nina Linnebach"},"url":"https:\/\/www.mediapark.de\/en\/author\/n_linnebach\/"}]}},"_links":{"self":[{"href":"https:\/\/www.mediapark.de\/en\/wp-json\/wp\/v2\/posts\/6521","targetHints":{"allow":["GET"]}}],"collection":[{"href":"https:\/\/www.mediapark.de\/en\/wp-json\/wp\/v2\/posts"}],"about":[{"href":"https:\/\/www.mediapark.de\/en\/wp-json\/wp\/v2\/types\/post"}],"author":[{"embeddable":true,"href":"https:\/\/www.mediapark.de\/en\/wp-json\/wp\/v2\/users\/2"}],"replies":[{"embeddable":true,"href":"https:\/\/www.mediapark.de\/en\/wp-json\/wp\/v2\/comments?post=6521"}],"version-history":[{"count":10,"href":"https:\/\/www.mediapark.de\/en\/wp-json\/wp\/v2\/posts\/6521\/revisions"}],"predecessor-version":[{"id":6541,"href":"https:\/\/www.mediapark.de\/en\/wp-json\/wp\/v2\/posts\/6521\/revisions\/6541"}],"wp:featuredmedia":[{"embeddable":true,"href":"https:\/\/www.mediapark.de\/en\/wp-json\/wp\/v2\/media\/6535"}],"wp:attachment":[{"href":"https:\/\/www.mediapark.de\/en\/wp-json\/wp\/v2\/media?parent=6521"}],"wp:term":[{"taxonomy":"category","embeddable":true,"href":"https:\/\/www.mediapark.de\/en\/wp-json\/wp\/v2\/categories?post=6521"},{"taxonomy":"post_tag","embeddable":true,"href":"https:\/\/www.mediapark.de\/en\/wp-json\/wp\/v2\/tags?post=6521"}],"curies":[{"name":"wp","href":"https:\/\/api.w.org\/{rel}","templated":true}]}}