{"id":6542,"date":"2025-10-25T14:41:44","date_gmt":"2025-10-25T12:41:44","guid":{"rendered":"https:\/\/www.mediapark.de\/?p=6542"},"modified":"2025-12-03T10:46:46","modified_gmt":"2025-12-03T09:46:46","slug":"akademie-foer-uns-koelsche-sproch-aktion-wir-schaffen-platz","status":"publish","type":"post","link":"https:\/\/www.mediapark.de\/en\/news\/akademie-foer-uns-koelsche-sproch-aktion-wir-schaffen-platz\/","title":{"rendered":"Akademie f\u00f6r uns k\u00f6lsche Sproch: Aktion &#8220;Wir schaffen Platz&#8221; \u2026"},"content":{"rendered":"<div class=\"wpb-content-wrapper\"><p>[vc_row][vc_column width=&#8221;1\/3&#8243; offset=&#8221;vc_col-lg-3 vc_col-md-4 vc_hidden-sm vc_col-xs-12 vc_hidden-xs&#8221;][\/vc_column][vc_column css=&#8221;.vc_custom_1494321748347{background-color: #ffffff !important;}&#8221; offset=&#8221;vc_col-lg-9 vc_col-md-8 vc_col-xs-12&#8243;][vc_row_inner][vc_column_inner el_class=&#8221;content-headline&#8221;][vc_column_text css=&#8221;&#8221;]<\/p>\n<h1>Akademie f\u00f6r uns k\u00f6lsche Sproch: Aktion &#8220;Wir schaffen Platz&#8221; \u2026<\/h1>\n<p>[\/vc_column_text][\/vc_column_inner][\/vc_row_inner][vc_single_image image=&#8221;6545&#8243; img_size=&#8221;post-header&#8221; alignment=&#8221;center&#8221; css=&#8221;&#8221; el_class=&#8221;post-title-image&#8221;][vc_column_text css=&#8221;&#8221;]&#8230; in der Bibliothek der Akademie f\u00f6r uns k\u00f6lsche Sproch<\/p>\n<p>Jeden Dienstag zwischen 15:00 und 17:00 Uhr k\u00f6nnt ihr vorbeikommen und st\u00f6bern. In gekennzeichneten Regalen d\u00fcrfen die Besucher sich gerne dort liegende B\u00fccher mitnehmen &#8211; f\u00f6r \u00f6mmes\u00f6ns.<\/p>\n<p>Wer dar\u00fcber hinaus noch B\u00fccher entleihen m\u00f6chte, kann dies selbstverst\u00e4ndlich gerne machen. Die Ausleihfrist &amp; weitere Infos findet ihr unter:<\/p>\n<p><a href=\"https:\/\/www.koelsch-akademie.de\/bibliothek\">https:\/\/www.koelsch-akademie.de\/bibliothek<\/a><\/p>\n<p>Interessenten melden sich bitte vorab an!<\/p>\n<p><strong>Anmeldung<\/strong> unter E-Mail: <a href=\"mailto:schlickeiser@sk-kultur.de\">schlickeiser@sk-kultur.de<\/a><\/p>\n<p>[\/vc_column_text][\/vc_column][\/vc_row]<\/p>\n<\/div>","protected":false},"excerpt":{"rendered":"<p>[vc_row][vc_column width=&#8221;1\/3&#8243; offset=&#8221;vc_col-lg-3 vc_col-md-4 vc_hidden-sm vc_col-xs-12 vc_hidden-xs&#8221;][\/vc_column][vc_column css=&#8221;.vc_custom_1494321748347{background-color: #ffffff !important;}&#8221; offset=&#8221;vc_col-lg-9 vc_col-md-8 vc_col-xs-12&#8243;][vc_row_inner][vc_column_inner el_class=&#8221;content-headline&#8221;][vc_column_text css=&#8221;&#8221;] Akademie f\u00f6r uns k\u00f6lsche Sproch: Aktion &#8220;Wir schaffen Platz&#8221; \u2026 [\/vc_column_text][\/vc_column_inner][\/vc_row_inner][vc_single_image image=&#8221;6545&#8243; img_size=&#8221;post-header&#8221; alignment=&#8221;center&#8221; css=&#8221;&#8221; el_class=&#8221;post-title-image&#8221;][vc_column_text css=&#8221;&#8221;]&#8230; in der Bibliothek der Akademie f\u00f6r uns k\u00f6lsche Sproch Jeden Dienstag zwischen 15:00 und 17:00 Uhr k\u00f6nnt ihr vorbeikommen und st\u00f6bern. In gekennzeichneten&hellip;<\/p>\n","protected":false},"author":2,"featured_media":6545,"comment_status":"closed","ping_status":"open","sticky":false,"template":"","format":"standard","meta":{"_acf_changed":false,"footnotes":""},"categories":[4],"tags":[],"class_list":["post-6542","post","type-post","status-publish","format-standard","hentry","category-news"],"acf":[],"yoast_head":"<!-- This site is optimized with the Yoast SEO plugin v24.2 - https:\/\/yoast.com\/wordpress\/plugins\/seo\/ -->\n<title>Akademie f\u00f6r uns k\u00f6lsche Sproch: Aktion &quot;Wir schaffen Platz&quot; \u2026 - MediaPark K\u00f6ln<\/title>\n<meta name=\"robots\" content=\"index, follow, max-snippet:-1, max-image-preview:large, max-video-preview:-1\" \/>\n<link rel=\"canonical\" href=\"https:\/\/www.mediapark.de\/news\/akademie-foer-uns-koelsche-sproch-aktion-wir-schaffen-platz\/\" \/>\n<meta property=\"og:locale\" content=\"en_US\" \/>\n<meta property=\"og:type\" content=\"article\" \/>\n<meta property=\"og:title\" content=\"Akademie f\u00f6r uns k\u00f6lsche Sproch: Aktion &quot;Wir schaffen Platz&quot; \u2026 - MediaPark K\u00f6ln\" \/>\n<meta property=\"og:description\" content=\"[vc_row][vc_column width=&#8221;1\/3&#8243; offset=&#8221;vc_col-lg-3 vc_col-md-4 vc_hidden-sm vc_col-xs-12 vc_hidden-xs&#8221;][\/vc_column][vc_column css=&#8221;.vc_custom_1494321748347{background-color: #ffffff !important;}&#8221; offset=&#8221;vc_col-lg-9 vc_col-md-8 vc_col-xs-12&#8243;][vc_row_inner][vc_column_inner el_class=&#8221;content-headline&#8221;][vc_column_text css=&#8221;&#8221;] Akademie f\u00f6r uns k\u00f6lsche Sproch: Aktion &#8220;Wir schaffen Platz&#8221; \u2026 [\/vc_column_text][\/vc_column_inner][\/vc_row_inner][vc_single_image image=&#8221;6545&#8243; img_size=&#8221;post-header&#8221; alignment=&#8221;center&#8221; css=&#8221;&#8221; el_class=&#8221;post-title-image&#8221;][vc_column_text css=&#8221;&#8221;]&#8230; in der Bibliothek der Akademie f\u00f6r uns k\u00f6lsche Sproch Jeden Dienstag zwischen 15:00 und 17:00 Uhr k\u00f6nnt ihr vorbeikommen und st\u00f6bern. In gekennzeichneten&hellip;\" \/>\n<meta property=\"og:url\" content=\"https:\/\/www.mediapark.de\/news\/akademie-foer-uns-koelsche-sproch-aktion-wir-schaffen-platz\/\" \/>\n<meta property=\"og:site_name\" content=\"MediaPark K\u00f6ln\" \/>\n<meta property=\"article:publisher\" content=\"http:\/\/www.facebook.com\/pages\/MediaPark\/360959134018223\" \/>\n<meta property=\"article:published_time\" content=\"2025-10-25T12:41:44+00:00\" \/>\n<meta property=\"article:modified_time\" content=\"2025-12-03T09:46:46+00:00\" \/>\n<meta property=\"og:image\" content=\"https:\/\/www.mediapark.de\/wp-content\/uploads\/2025\/10\/DSC07050.jpg\" \/>\n\t<meta property=\"og:image:width\" content=\"2048\" \/>\n\t<meta property=\"og:image:height\" content=\"1365\" \/>\n\t<meta property=\"og:image:type\" content=\"image\/jpeg\" \/>\n<meta name=\"author\" content=\"Nina Linnebach\" \/>\n<meta name=\"twitter:card\" content=\"summary_large_image\" \/>\n<meta name=\"twitter:creator\" content=\"@MediaParkKoeln\" \/>\n<meta name=\"twitter:site\" content=\"@MediaParkKoeln\" \/>\n<meta name=\"twitter:label1\" content=\"Written by\" \/>\n\t<meta name=\"twitter:data1\" content=\"Nina Linnebach\" \/>\n\t<meta name=\"twitter:label2\" content=\"Est. reading time\" \/>\n\t<meta name=\"twitter:data2\" content=\"1 minute\" \/>\n<script type=\"application\/ld+json\" class=\"yoast-schema-graph\">{\"@context\":\"https:\/\/schema.org\",\"@graph\":[{\"@type\":\"WebPage\",\"@id\":\"https:\/\/www.mediapark.de\/news\/akademie-foer-uns-koelsche-sproch-aktion-wir-schaffen-platz\/\",\"url\":\"https:\/\/www.mediapark.de\/news\/akademie-foer-uns-koelsche-sproch-aktion-wir-schaffen-platz\/\",\"name\":\"Akademie f\u00f6r uns k\u00f6lsche Sproch: Aktion \\\"Wir schaffen Platz\\\" \u2026 - MediaPark K\u00f6ln\",\"isPartOf\":{\"@id\":\"https:\/\/www.mediapark.de\/#website\"},\"primaryImageOfPage\":{\"@id\":\"https:\/\/www.mediapark.de\/news\/akademie-foer-uns-koelsche-sproch-aktion-wir-schaffen-platz\/#primaryimage\"},\"image\":{\"@id\":\"https:\/\/www.mediapark.de\/news\/akademie-foer-uns-koelsche-sproch-aktion-wir-schaffen-platz\/#primaryimage\"},\"thumbnailUrl\":\"https:\/\/www.mediapark.de\/wp-content\/uploads\/2025\/10\/DSC07050.jpg\",\"datePublished\":\"2025-10-25T12:41:44+00:00\",\"dateModified\":\"2025-12-03T09:46:46+00:00\",\"author\":{\"@id\":\"https:\/\/www.mediapark.de\/#\/schema\/person\/312ccfc44e8b62dabb32f9b501f82c90\"},\"breadcrumb\":{\"@id\":\"https:\/\/www.mediapark.de\/news\/akademie-foer-uns-koelsche-sproch-aktion-wir-schaffen-platz\/#breadcrumb\"},\"inLanguage\":\"en-US\",\"potentialAction\":[{\"@type\":\"ReadAction\",\"target\":[\"https:\/\/www.mediapark.de\/news\/akademie-foer-uns-koelsche-sproch-aktion-wir-schaffen-platz\/\"]}]},{\"@type\":\"ImageObject\",\"inLanguage\":\"en-US\",\"@id\":\"https:\/\/www.mediapark.de\/news\/akademie-foer-uns-koelsche-sproch-aktion-wir-schaffen-platz\/#primaryimage\",\"url\":\"https:\/\/www.mediapark.de\/wp-content\/uploads\/2025\/10\/DSC07050.jpg\",\"contentUrl\":\"https:\/\/www.mediapark.de\/wp-content\/uploads\/2025\/10\/DSC07050.jpg\",\"width\":2048,\"height\":1365,\"caption\":\"Foto von Simon RupieperS\"},{\"@type\":\"BreadcrumbList\",\"@id\":\"https:\/\/www.mediapark.de\/news\/akademie-foer-uns-koelsche-sproch-aktion-wir-schaffen-platz\/#breadcrumb\",\"itemListElement\":[{\"@type\":\"ListItem\",\"position\":1,\"name\":\"Startseite\",\"item\":\"https:\/\/www.mediapark.de\/en\/\"},{\"@type\":\"ListItem\",\"position\":2,\"name\":\"News\",\"item\":\"https:\/\/www.mediapark.de\/category\/news\/\"},{\"@type\":\"ListItem\",\"position\":3,\"name\":\"Akademie f\u00f6r uns k\u00f6lsche Sproch: Aktion &#8220;Wir schaffen Platz&#8221; \u2026\"}]},{\"@type\":\"WebSite\",\"@id\":\"https:\/\/www.mediapark.de\/#website\",\"url\":\"https:\/\/www.mediapark.de\/\",\"name\":\"MediaPark K\u00f6ln\",\"description\":\"\",\"potentialAction\":[{\"@type\":\"SearchAction\",\"target\":{\"@type\":\"EntryPoint\",\"urlTemplate\":\"https:\/\/www.mediapark.de\/?s={search_term_string}\"},\"query-input\":{\"@type\":\"PropertyValueSpecification\",\"valueRequired\":true,\"valueName\":\"search_term_string\"}}],\"inLanguage\":\"en-US\"},{\"@type\":\"Person\",\"@id\":\"https:\/\/www.mediapark.de\/#\/schema\/person\/312ccfc44e8b62dabb32f9b501f82c90\",\"name\":\"Nina Linnebach\",\"image\":{\"@type\":\"ImageObject\",\"inLanguage\":\"en-US\",\"@id\":\"https:\/\/www.mediapark.de\/#\/schema\/person\/image\/\",\"url\":\"https:\/\/secure.gravatar.com\/avatar\/31c6a2f8e07f9a160bd98d06232585d9?s=96&d=mm&r=g\",\"contentUrl\":\"https:\/\/secure.gravatar.com\/avatar\/31c6a2f8e07f9a160bd98d06232585d9?s=96&d=mm&r=g\",\"caption\":\"Nina Linnebach\"},\"url\":\"https:\/\/www.mediapark.de\/en\/author\/n_linnebach\/\"}]}<\/script>\n<!-- \/ Yoast SEO plugin. -->","yoast_head_json":{"title":"Akademie f\u00f6r uns k\u00f6lsche Sproch: Aktion \"Wir schaffen Platz\" \u2026 - MediaPark K\u00f6ln","robots":{"index":"index","follow":"follow","max-snippet":"max-snippet:-1","max-image-preview":"max-image-preview:large","max-video-preview":"max-video-preview:-1"},"canonical":"https:\/\/www.mediapark.de\/news\/akademie-foer-uns-koelsche-sproch-aktion-wir-schaffen-platz\/","og_locale":"en_US","og_type":"article","og_title":"Akademie f\u00f6r uns k\u00f6lsche Sproch: Aktion \"Wir schaffen Platz\" \u2026 - MediaPark K\u00f6ln","og_description":"[vc_row][vc_column width=&#8221;1\/3&#8243; offset=&#8221;vc_col-lg-3 vc_col-md-4 vc_hidden-sm vc_col-xs-12 vc_hidden-xs&#8221;][\/vc_column][vc_column css=&#8221;.vc_custom_1494321748347{background-color: #ffffff !important;}&#8221; offset=&#8221;vc_col-lg-9 vc_col-md-8 vc_col-xs-12&#8243;][vc_row_inner][vc_column_inner el_class=&#8221;content-headline&#8221;][vc_column_text css=&#8221;&#8221;] Akademie f\u00f6r uns k\u00f6lsche Sproch: Aktion &#8220;Wir schaffen Platz&#8221; \u2026 [\/vc_column_text][\/vc_column_inner][\/vc_row_inner][vc_single_image image=&#8221;6545&#8243; img_size=&#8221;post-header&#8221; alignment=&#8221;center&#8221; css=&#8221;&#8221; el_class=&#8221;post-title-image&#8221;][vc_column_text css=&#8221;&#8221;]&#8230; in der Bibliothek der Akademie f\u00f6r uns k\u00f6lsche Sproch Jeden Dienstag zwischen 15:00 und 17:00 Uhr k\u00f6nnt ihr vorbeikommen und st\u00f6bern. In gekennzeichneten&hellip;","og_url":"https:\/\/www.mediapark.de\/news\/akademie-foer-uns-koelsche-sproch-aktion-wir-schaffen-platz\/","og_site_name":"MediaPark K\u00f6ln","article_publisher":"http:\/\/www.facebook.com\/pages\/MediaPark\/360959134018223","article_published_time":"2025-10-25T12:41:44+00:00","article_modified_time":"2025-12-03T09:46:46+00:00","og_image":[{"width":2048,"height":1365,"url":"https:\/\/www.mediapark.de\/wp-content\/uploads\/2025\/10\/DSC07050.jpg","type":"image\/jpeg"}],"author":"Nina Linnebach","twitter_card":"summary_large_image","twitter_creator":"@MediaParkKoeln","twitter_site":"@MediaParkKoeln","twitter_misc":{"Written by":"Nina Linnebach","Est. reading time":"1 minute"},"schema":{"@context":"https:\/\/schema.org","@graph":[{"@type":"WebPage","@id":"https:\/\/www.mediapark.de\/news\/akademie-foer-uns-koelsche-sproch-aktion-wir-schaffen-platz\/","url":"https:\/\/www.mediapark.de\/news\/akademie-foer-uns-koelsche-sproch-aktion-wir-schaffen-platz\/","name":"Akademie f\u00f6r uns k\u00f6lsche Sproch: Aktion \"Wir schaffen Platz\" \u2026 - MediaPark K\u00f6ln","isPartOf":{"@id":"https:\/\/www.mediapark.de\/#website"},"primaryImageOfPage":{"@id":"https:\/\/www.mediapark.de\/news\/akademie-foer-uns-koelsche-sproch-aktion-wir-schaffen-platz\/#primaryimage"},"image":{"@id":"https:\/\/www.mediapark.de\/news\/akademie-foer-uns-koelsche-sproch-aktion-wir-schaffen-platz\/#primaryimage"},"thumbnailUrl":"https:\/\/www.mediapark.de\/wp-content\/uploads\/2025\/10\/DSC07050.jpg","datePublished":"2025-10-25T12:41:44+00:00","dateModified":"2025-12-03T09:46:46+00:00","author":{"@id":"https:\/\/www.mediapark.de\/#\/schema\/person\/312ccfc44e8b62dabb32f9b501f82c90"},"breadcrumb":{"@id":"https:\/\/www.mediapark.de\/news\/akademie-foer-uns-koelsche-sproch-aktion-wir-schaffen-platz\/#breadcrumb"},"inLanguage":"en-US","potentialAction":[{"@type":"ReadAction","target":["https:\/\/www.mediapark.de\/news\/akademie-foer-uns-koelsche-sproch-aktion-wir-schaffen-platz\/"]}]},{"@type":"ImageObject","inLanguage":"en-US","@id":"https:\/\/www.mediapark.de\/news\/akademie-foer-uns-koelsche-sproch-aktion-wir-schaffen-platz\/#primaryimage","url":"https:\/\/www.mediapark.de\/wp-content\/uploads\/2025\/10\/DSC07050.jpg","contentUrl":"https:\/\/www.mediapark.de\/wp-content\/uploads\/2025\/10\/DSC07050.jpg","width":2048,"height":1365,"caption":"Foto von Simon RupieperS"},{"@type":"BreadcrumbList","@id":"https:\/\/www.mediapark.de\/news\/akademie-foer-uns-koelsche-sproch-aktion-wir-schaffen-platz\/#breadcrumb","itemListElement":[{"@type":"ListItem","position":1,"name":"Startseite","item":"https:\/\/www.mediapark.de\/en\/"},{"@type":"ListItem","position":2,"name":"News","item":"https:\/\/www.mediapark.de\/category\/news\/"},{"@type":"ListItem","position":3,"name":"Akademie f\u00f6r uns k\u00f6lsche Sproch: Aktion &#8220;Wir schaffen Platz&#8221; \u2026"}]},{"@type":"WebSite","@id":"https:\/\/www.mediapark.de\/#website","url":"https:\/\/www.mediapark.de\/","name":"MediaPark K\u00f6ln","description":"","potentialAction":[{"@type":"SearchAction","target":{"@type":"EntryPoint","urlTemplate":"https:\/\/www.mediapark.de\/?s={search_term_string}"},"query-input":{"@type":"PropertyValueSpecification","valueRequired":true,"valueName":"search_term_string"}}],"inLanguage":"en-US"},{"@type":"Person","@id":"https:\/\/www.mediapark.de\/#\/schema\/person\/312ccfc44e8b62dabb32f9b501f82c90","name":"Nina Linnebach","image":{"@type":"ImageObject","inLanguage":"en-US","@id":"https:\/\/www.mediapark.de\/#\/schema\/person\/image\/","url":"https:\/\/secure.gravatar.com\/avatar\/31c6a2f8e07f9a160bd98d06232585d9?s=96&d=mm&r=g","contentUrl":"https:\/\/secure.gravatar.com\/avatar\/31c6a2f8e07f9a160bd98d06232585d9?s=96&d=mm&r=g","caption":"Nina Linnebach"},"url":"https:\/\/www.mediapark.de\/en\/author\/n_linnebach\/"}]}},"_links":{"self":[{"href":"https:\/\/www.mediapark.de\/en\/wp-json\/wp\/v2\/posts\/6542","targetHints":{"allow":["GET"]}}],"collection":[{"href":"https:\/\/www.mediapark.de\/en\/wp-json\/wp\/v2\/posts"}],"about":[{"href":"https:\/\/www.mediapark.de\/en\/wp-json\/wp\/v2\/types\/post"}],"author":[{"embeddable":true,"href":"https:\/\/www.mediapark.de\/en\/wp-json\/wp\/v2\/users\/2"}],"replies":[{"embeddable":true,"href":"https:\/\/www.mediapark.de\/en\/wp-json\/wp\/v2\/comments?post=6542"}],"version-history":[{"count":4,"href":"https:\/\/www.mediapark.de\/en\/wp-json\/wp\/v2\/posts\/6542\/revisions"}],"predecessor-version":[{"id":6572,"href":"https:\/\/www.mediapark.de\/en\/wp-json\/wp\/v2\/posts\/6542\/revisions\/6572"}],"wp:featuredmedia":[{"embeddable":true,"href":"https:\/\/www.mediapark.de\/en\/wp-json\/wp\/v2\/media\/6545"}],"wp:attachment":[{"href":"https:\/\/www.mediapark.de\/en\/wp-json\/wp\/v2\/media?parent=6542"}],"wp:term":[{"taxonomy":"category","embeddable":true,"href":"https:\/\/www.mediapark.de\/en\/wp-json\/wp\/v2\/categories?post=6542"},{"taxonomy":"post_tag","embeddable":true,"href":"https:\/\/www.mediapark.de\/en\/wp-json\/wp\/v2\/tags?post=6542"}],"curies":[{"name":"wp","href":"https:\/\/api.w.org\/{rel}","templated":true}]}}