{"id":828,"date":"2017-05-11T15:27:30","date_gmt":"2017-05-11T13:27:30","guid":{"rendered":"http:\/\/www.mediapark.de\/?p=828\/"},"modified":"2018-04-05T15:29:53","modified_gmt":"2018-04-05T13:29:53","slug":"deutsch-hollaendischer-stoff-tuchmarkt","status":"publish","type":"post","link":"https:\/\/www.mediapark.de\/en\/news-en\/deutsch-hollaendischer-stoff-tuchmarkt\/","title":{"rendered":"Deutsch-Holl\u00e4ndischer Stoff- &#038; Tuchmarkt"},"content":{"rendered":"<div class=\"wpb-content-wrapper\"><p>[vc_row][vc_column][vc_single_image image=&#8221;444&#8243; img_size=&#8221;full&#8221; alignment=&#8221;center&#8221; el_class=&#8221;content-title-image&#8221;][\/vc_column][\/vc_row][vc_row][vc_column width=&#8221;1\/3&#8243; offset=&#8221;vc_col-lg-3 vc_col-md-4 vc_hidden-sm vc_col-xs-12 vc_hidden-xs&#8221;][\/vc_column][vc_column css=&#8221;.vc_custom_1494321748347{background-color: #ffffff !important;}&#8221; offset=&#8221;vc_col-lg-9 vc_col-md-8 vc_col-xs-12&#8243;][vc_row_inner][vc_column_inner el_class=&#8221;content-headline&#8221;][vc_column_text]<\/p>\n<h1>Deutsch-Holl\u00e4ndischer Stoff- &amp; Tuchmarkt<\/h1>\n<p>[\/vc_column_text][\/vc_column_inner][\/vc_row_inner][vc_column_text]<\/p>\n<h4>Auf dem Platz im MediaPark am 1. April 2017 von 10 bis 17 Uhr.<\/h4>\n<table cellspacing=\"0\" cellpadding=\"0\">\n<tbody>\n<tr>\n<td>\n<div class=\"news-single-img\"><a href=\"https:\/\/www.mediapark.de\/index.php?eID=tx_cms_showpic&amp;file=uploads%2Fpics%2F2017-03-14-tuchmarkt_01.jpg&amp;md5=afc5fb15d92204d9730df90fb3419be2839a9d51&amp;parameters%5B0%5D=YTo0OntzOjU6IndpZHRoIjtzOjQ6IjgwMG0iO3M6NjoiaGVpZ2h0IjtzOjM6IjYw&amp;parameters%5B1%5D=MCI7czo3OiJib2R5VGFnIjtzOjQyOiI8Ym9keSBiZ0NvbG9yPSIjZmZmZmZmIiBz&amp;parameters%5B2%5D=dHlsZT0ibWFyZ2luOjA7Ij4iO3M6NDoid3JhcCI7czozNzoiPGEgaHJlZj0iamF2&amp;parameters%5B3%5D=YXNjcmlwdDpjbG9zZSgpOyI%2BIHwgPC9hPiI7fQ%3D%3D\" target=\"thePicture\"><img loading=\"lazy\" decoding=\"async\" src=\"https:\/\/www.mediapark.de\/typo3temp\/pics\/82b12571f0.jpg\" alt=\"\" width=\"240\" height=\"96\" border=\"0\" \/><\/a><\/div>\n<\/td>\n<td valign=\"top\">Auch in diesem Fr\u00fchling kann man auf dem Platz im MediaPark seinen Stoffvorrat aufstocken. An bis zu 100 St\u00e4nden kann man st\u00f6bern, schauen und aus einem umfangreichen Sortiment an Stoffen und T\u00fcchern ausw\u00e4hlen.Gleichg\u00fcltig, ob man Kinderkleidung oder ein exklusives Kost\u00fcm n\u00e4hen, Polsterm\u00f6beln einen neuen Look verpassen oder die Fensterdekoration auf einen neuen Stand bringen m\u00f6chte \u2013 der Stoffmarkt bietet Ihnen die Gelegenheit dazu.<\/p>\n<p>Viel Spa\u00df!<\/p>\n<p>Mehr Infos:<br \/>\n<a class=\"external-link-new-window\" title=\"Opens external link in new window\" href=\"http:\/\/stoffe-wende.de\/stoffmaerkte\/\">www.stoffe-wende.de\/stoffmaerkte\/<\/a><\/td>\n<\/tr>\n<\/tbody>\n<\/table>\n<p>[\/vc_column_text][\/vc_column][\/vc_row]<\/p>\n<\/div>","protected":false},"excerpt":{"rendered":"<p>[vc_row][vc_column][vc_single_image image=&#8221;444&#8243; img_size=&#8221;full&#8221; alignment=&#8221;center&#8221; el_class=&#8221;content-title-image&#8221;][\/vc_column][\/vc_row][vc_row][vc_column width=&#8221;1\/3&#8243; offset=&#8221;vc_col-lg-3 vc_col-md-4 vc_hidden-sm vc_col-xs-12 vc_hidden-xs&#8221;][\/vc_column][vc_column css=&#8221;.vc_custom_1494321748347{background-color: #ffffff !important;}&#8221; offset=&#8221;vc_col-lg-9 vc_col-md-8 vc_col-xs-12&#8243;][vc_row_inner][vc_column_inner el_class=&#8221;content-headline&#8221;][vc_column_text] Deutsch-Holl\u00e4ndischer Stoff- &amp; Tuchmarkt [\/vc_column_text][\/vc_column_inner][\/vc_row_inner][vc_column_text] Auf dem Platz im MediaPark am 1. April 2017 von 10 bis 17 Uhr. Auch in diesem Fr\u00fchling kann man auf dem Platz im MediaPark seinen Stoffvorrat aufstocken. An bis zu 100&hellip;<\/p>\n","protected":false},"author":1,"featured_media":0,"comment_status":"open","ping_status":"open","sticky":false,"template":"","format":"standard","meta":{"_acf_changed":false,"footnotes":""},"categories":[129],"tags":[],"class_list":["post-828","post","type-post","status-publish","format-standard","hentry","category-news-en"],"acf":[],"yoast_head":"<!-- This site is optimized with the Yoast SEO plugin v24.2 - https:\/\/yoast.com\/wordpress\/plugins\/seo\/ -->\n<title>Deutsch-Holl\u00e4ndischer Stoff- &amp; Tuchmarkt - MediaPark K\u00f6ln<\/title>\n<meta name=\"robots\" content=\"index, follow, max-snippet:-1, max-image-preview:large, max-video-preview:-1\" \/>\n<link rel=\"canonical\" href=\"https:\/\/www.mediapark.de\/en\/news-en\/deutsch-hollaendischer-stoff-tuchmarkt\/\" \/>\n<meta property=\"og:locale\" content=\"en_US\" \/>\n<meta property=\"og:type\" content=\"article\" \/>\n<meta property=\"og:title\" content=\"Deutsch-Holl\u00e4ndischer Stoff- &amp; Tuchmarkt - MediaPark K\u00f6ln\" \/>\n<meta property=\"og:description\" content=\"[vc_row][vc_column][vc_single_image image=&#8221;444&#8243; img_size=&#8221;full&#8221; alignment=&#8221;center&#8221; el_class=&#8221;content-title-image&#8221;][\/vc_column][\/vc_row][vc_row][vc_column width=&#8221;1\/3&#8243; offset=&#8221;vc_col-lg-3 vc_col-md-4 vc_hidden-sm vc_col-xs-12 vc_hidden-xs&#8221;][\/vc_column][vc_column css=&#8221;.vc_custom_1494321748347{background-color: #ffffff !important;}&#8221; offset=&#8221;vc_col-lg-9 vc_col-md-8 vc_col-xs-12&#8243;][vc_row_inner][vc_column_inner el_class=&#8221;content-headline&#8221;][vc_column_text] Deutsch-Holl\u00e4ndischer Stoff- &amp; Tuchmarkt [\/vc_column_text][\/vc_column_inner][\/vc_row_inner][vc_column_text] Auf dem Platz im MediaPark am 1. April 2017 von 10 bis 17 Uhr. Auch in diesem Fr\u00fchling kann man auf dem Platz im MediaPark seinen Stoffvorrat aufstocken. An bis zu 100&hellip;\" \/>\n<meta property=\"og:url\" content=\"https:\/\/www.mediapark.de\/en\/news-en\/deutsch-hollaendischer-stoff-tuchmarkt\/\" \/>\n<meta property=\"og:site_name\" content=\"MediaPark K\u00f6ln\" \/>\n<meta property=\"article:publisher\" content=\"http:\/\/www.facebook.com\/pages\/MediaPark\/360959134018223\" \/>\n<meta property=\"article:published_time\" content=\"2017-05-11T13:27:30+00:00\" \/>\n<meta property=\"article:modified_time\" content=\"2018-04-05T13:29:53+00:00\" \/>\n<meta property=\"og:image\" content=\"https:\/\/www.mediapark.de\/typo3temp\/pics\/82b12571f0.jpg\" \/>\n<meta name=\"author\" content=\"millepondo\" \/>\n<meta name=\"twitter:card\" content=\"summary_large_image\" \/>\n<meta name=\"twitter:creator\" content=\"@MediaParkKoeln\" \/>\n<meta name=\"twitter:site\" content=\"@MediaParkKoeln\" \/>\n<meta name=\"twitter:label1\" content=\"Written by\" \/>\n\t<meta name=\"twitter:data1\" content=\"millepondo\" \/>\n\t<meta name=\"twitter:label2\" content=\"Est. reading time\" \/>\n\t<meta name=\"twitter:data2\" content=\"1 minute\" \/>\n<script type=\"application\/ld+json\" class=\"yoast-schema-graph\">{\"@context\":\"https:\/\/schema.org\",\"@graph\":[{\"@type\":\"WebPage\",\"@id\":\"https:\/\/www.mediapark.de\/en\/news-en\/deutsch-hollaendischer-stoff-tuchmarkt\/\",\"url\":\"https:\/\/www.mediapark.de\/en\/news-en\/deutsch-hollaendischer-stoff-tuchmarkt\/\",\"name\":\"Deutsch-Holl\u00e4ndischer Stoff- & Tuchmarkt - MediaPark K\u00f6ln\",\"isPartOf\":{\"@id\":\"https:\/\/www.mediapark.de\/#website\"},\"primaryImageOfPage\":{\"@id\":\"https:\/\/www.mediapark.de\/en\/news-en\/deutsch-hollaendischer-stoff-tuchmarkt\/#primaryimage\"},\"image\":{\"@id\":\"https:\/\/www.mediapark.de\/en\/news-en\/deutsch-hollaendischer-stoff-tuchmarkt\/#primaryimage\"},\"thumbnailUrl\":\"https:\/\/www.mediapark.de\/typo3temp\/pics\/82b12571f0.jpg\",\"datePublished\":\"2017-05-11T13:27:30+00:00\",\"dateModified\":\"2018-04-05T13:29:53+00:00\",\"author\":{\"@id\":\"https:\/\/www.mediapark.de\/#\/schema\/person\/59f872bea4e3ab8734c0b0575b2c6403\"},\"breadcrumb\":{\"@id\":\"https:\/\/www.mediapark.de\/en\/news-en\/deutsch-hollaendischer-stoff-tuchmarkt\/#breadcrumb\"},\"inLanguage\":\"en-US\",\"potentialAction\":[{\"@type\":\"ReadAction\",\"target\":[\"https:\/\/www.mediapark.de\/en\/news-en\/deutsch-hollaendischer-stoff-tuchmarkt\/\"]}]},{\"@type\":\"ImageObject\",\"inLanguage\":\"en-US\",\"@id\":\"https:\/\/www.mediapark.de\/en\/news-en\/deutsch-hollaendischer-stoff-tuchmarkt\/#primaryimage\",\"url\":\"https:\/\/www.mediapark.de\/typo3temp\/pics\/82b12571f0.jpg\",\"contentUrl\":\"https:\/\/www.mediapark.de\/typo3temp\/pics\/82b12571f0.jpg\"},{\"@type\":\"BreadcrumbList\",\"@id\":\"https:\/\/www.mediapark.de\/en\/news-en\/deutsch-hollaendischer-stoff-tuchmarkt\/#breadcrumb\",\"itemListElement\":[{\"@type\":\"ListItem\",\"position\":1,\"name\":\"Startseite\",\"item\":\"https:\/\/www.mediapark.de\/en\/\"},{\"@type\":\"ListItem\",\"position\":2,\"name\":\"News\",\"item\":\"https:\/\/www.mediapark.de\/en\/category\/news-en\/\"},{\"@type\":\"ListItem\",\"position\":3,\"name\":\"Deutsch-Holl\u00e4ndischer Stoff- &#038; Tuchmarkt\"}]},{\"@type\":\"WebSite\",\"@id\":\"https:\/\/www.mediapark.de\/#website\",\"url\":\"https:\/\/www.mediapark.de\/\",\"name\":\"MediaPark K\u00f6ln\",\"description\":\"\",\"potentialAction\":[{\"@type\":\"SearchAction\",\"target\":{\"@type\":\"EntryPoint\",\"urlTemplate\":\"https:\/\/www.mediapark.de\/?s={search_term_string}\"},\"query-input\":{\"@type\":\"PropertyValueSpecification\",\"valueRequired\":true,\"valueName\":\"search_term_string\"}}],\"inLanguage\":\"en-US\"},{\"@type\":\"Person\",\"@id\":\"https:\/\/www.mediapark.de\/#\/schema\/person\/59f872bea4e3ab8734c0b0575b2c6403\",\"name\":\"millepondo\",\"image\":{\"@type\":\"ImageObject\",\"inLanguage\":\"en-US\",\"@id\":\"https:\/\/www.mediapark.de\/#\/schema\/person\/image\/\",\"url\":\"https:\/\/secure.gravatar.com\/avatar\/35e1927038b5ffc6d60443493a583a32?s=96&d=mm&r=g\",\"contentUrl\":\"https:\/\/secure.gravatar.com\/avatar\/35e1927038b5ffc6d60443493a583a32?s=96&d=mm&r=g\",\"caption\":\"millepondo\"},\"url\":\"https:\/\/www.mediapark.de\/en\/author\/millepondo\/\"}]}<\/script>\n<!-- \/ Yoast SEO plugin. -->","yoast_head_json":{"title":"Deutsch-Holl\u00e4ndischer Stoff- & Tuchmarkt - MediaPark K\u00f6ln","robots":{"index":"index","follow":"follow","max-snippet":"max-snippet:-1","max-image-preview":"max-image-preview:large","max-video-preview":"max-video-preview:-1"},"canonical":"https:\/\/www.mediapark.de\/en\/news-en\/deutsch-hollaendischer-stoff-tuchmarkt\/","og_locale":"en_US","og_type":"article","og_title":"Deutsch-Holl\u00e4ndischer Stoff- & Tuchmarkt - MediaPark K\u00f6ln","og_description":"[vc_row][vc_column][vc_single_image image=&#8221;444&#8243; img_size=&#8221;full&#8221; alignment=&#8221;center&#8221; el_class=&#8221;content-title-image&#8221;][\/vc_column][\/vc_row][vc_row][vc_column width=&#8221;1\/3&#8243; offset=&#8221;vc_col-lg-3 vc_col-md-4 vc_hidden-sm vc_col-xs-12 vc_hidden-xs&#8221;][\/vc_column][vc_column css=&#8221;.vc_custom_1494321748347{background-color: #ffffff !important;}&#8221; offset=&#8221;vc_col-lg-9 vc_col-md-8 vc_col-xs-12&#8243;][vc_row_inner][vc_column_inner el_class=&#8221;content-headline&#8221;][vc_column_text] Deutsch-Holl\u00e4ndischer Stoff- &amp; Tuchmarkt [\/vc_column_text][\/vc_column_inner][\/vc_row_inner][vc_column_text] Auf dem Platz im MediaPark am 1. April 2017 von 10 bis 17 Uhr. Auch in diesem Fr\u00fchling kann man auf dem Platz im MediaPark seinen Stoffvorrat aufstocken. An bis zu 100&hellip;","og_url":"https:\/\/www.mediapark.de\/en\/news-en\/deutsch-hollaendischer-stoff-tuchmarkt\/","og_site_name":"MediaPark K\u00f6ln","article_publisher":"http:\/\/www.facebook.com\/pages\/MediaPark\/360959134018223","article_published_time":"2017-05-11T13:27:30+00:00","article_modified_time":"2018-04-05T13:29:53+00:00","og_image":[{"url":"https:\/\/www.mediapark.de\/typo3temp\/pics\/82b12571f0.jpg","type":"","width":"","height":""}],"author":"millepondo","twitter_card":"summary_large_image","twitter_creator":"@MediaParkKoeln","twitter_site":"@MediaParkKoeln","twitter_misc":{"Written by":"millepondo","Est. reading time":"1 minute"},"schema":{"@context":"https:\/\/schema.org","@graph":[{"@type":"WebPage","@id":"https:\/\/www.mediapark.de\/en\/news-en\/deutsch-hollaendischer-stoff-tuchmarkt\/","url":"https:\/\/www.mediapark.de\/en\/news-en\/deutsch-hollaendischer-stoff-tuchmarkt\/","name":"Deutsch-Holl\u00e4ndischer Stoff- & Tuchmarkt - MediaPark K\u00f6ln","isPartOf":{"@id":"https:\/\/www.mediapark.de\/#website"},"primaryImageOfPage":{"@id":"https:\/\/www.mediapark.de\/en\/news-en\/deutsch-hollaendischer-stoff-tuchmarkt\/#primaryimage"},"image":{"@id":"https:\/\/www.mediapark.de\/en\/news-en\/deutsch-hollaendischer-stoff-tuchmarkt\/#primaryimage"},"thumbnailUrl":"https:\/\/www.mediapark.de\/typo3temp\/pics\/82b12571f0.jpg","datePublished":"2017-05-11T13:27:30+00:00","dateModified":"2018-04-05T13:29:53+00:00","author":{"@id":"https:\/\/www.mediapark.de\/#\/schema\/person\/59f872bea4e3ab8734c0b0575b2c6403"},"breadcrumb":{"@id":"https:\/\/www.mediapark.de\/en\/news-en\/deutsch-hollaendischer-stoff-tuchmarkt\/#breadcrumb"},"inLanguage":"en-US","potentialAction":[{"@type":"ReadAction","target":["https:\/\/www.mediapark.de\/en\/news-en\/deutsch-hollaendischer-stoff-tuchmarkt\/"]}]},{"@type":"ImageObject","inLanguage":"en-US","@id":"https:\/\/www.mediapark.de\/en\/news-en\/deutsch-hollaendischer-stoff-tuchmarkt\/#primaryimage","url":"https:\/\/www.mediapark.de\/typo3temp\/pics\/82b12571f0.jpg","contentUrl":"https:\/\/www.mediapark.de\/typo3temp\/pics\/82b12571f0.jpg"},{"@type":"BreadcrumbList","@id":"https:\/\/www.mediapark.de\/en\/news-en\/deutsch-hollaendischer-stoff-tuchmarkt\/#breadcrumb","itemListElement":[{"@type":"ListItem","position":1,"name":"Startseite","item":"https:\/\/www.mediapark.de\/en\/"},{"@type":"ListItem","position":2,"name":"News","item":"https:\/\/www.mediapark.de\/en\/category\/news-en\/"},{"@type":"ListItem","position":3,"name":"Deutsch-Holl\u00e4ndischer Stoff- &#038; Tuchmarkt"}]},{"@type":"WebSite","@id":"https:\/\/www.mediapark.de\/#website","url":"https:\/\/www.mediapark.de\/","name":"MediaPark K\u00f6ln","description":"","potentialAction":[{"@type":"SearchAction","target":{"@type":"EntryPoint","urlTemplate":"https:\/\/www.mediapark.de\/?s={search_term_string}"},"query-input":{"@type":"PropertyValueSpecification","valueRequired":true,"valueName":"search_term_string"}}],"inLanguage":"en-US"},{"@type":"Person","@id":"https:\/\/www.mediapark.de\/#\/schema\/person\/59f872bea4e3ab8734c0b0575b2c6403","name":"millepondo","image":{"@type":"ImageObject","inLanguage":"en-US","@id":"https:\/\/www.mediapark.de\/#\/schema\/person\/image\/","url":"https:\/\/secure.gravatar.com\/avatar\/35e1927038b5ffc6d60443493a583a32?s=96&d=mm&r=g","contentUrl":"https:\/\/secure.gravatar.com\/avatar\/35e1927038b5ffc6d60443493a583a32?s=96&d=mm&r=g","caption":"millepondo"},"url":"https:\/\/www.mediapark.de\/en\/author\/millepondo\/"}]}},"_links":{"self":[{"href":"https:\/\/www.mediapark.de\/en\/wp-json\/wp\/v2\/posts\/828","targetHints":{"allow":["GET"]}}],"collection":[{"href":"https:\/\/www.mediapark.de\/en\/wp-json\/wp\/v2\/posts"}],"about":[{"href":"https:\/\/www.mediapark.de\/en\/wp-json\/wp\/v2\/types\/post"}],"author":[{"embeddable":true,"href":"https:\/\/www.mediapark.de\/en\/wp-json\/wp\/v2\/users\/1"}],"replies":[{"embeddable":true,"href":"https:\/\/www.mediapark.de\/en\/wp-json\/wp\/v2\/comments?post=828"}],"version-history":[{"count":1,"href":"https:\/\/www.mediapark.de\/en\/wp-json\/wp\/v2\/posts\/828\/revisions"}],"predecessor-version":[{"id":830,"href":"https:\/\/www.mediapark.de\/en\/wp-json\/wp\/v2\/posts\/828\/revisions\/830"}],"wp:attachment":[{"href":"https:\/\/www.mediapark.de\/en\/wp-json\/wp\/v2\/media?parent=828"}],"wp:term":[{"taxonomy":"category","embeddable":true,"href":"https:\/\/www.mediapark.de\/en\/wp-json\/wp\/v2\/categories?post=828"},{"taxonomy":"post_tag","embeddable":true,"href":"https:\/\/www.mediapark.de\/en\/wp-json\/wp\/v2\/tags?post=828"}],"curies":[{"name":"wp","href":"https:\/\/api.w.org\/{rel}","templated":true}]}}